{"id":52359,"date":"2014-10-15T09:41:03","date_gmt":"2014-10-15T12:41:03","guid":{"rendered":"http:\/\/www.eltrabajo.cl\/portal\/?p=52359"},"modified":"2014-10-15T09:41:03","modified_gmt":"2014-10-15T12:41:03","slug":"lo-pillan-robando-en-una-casa-y-dijo-que-solo-estaba-de-visita","status":"publish","type":"post","link":"https:\/\/eltrabajo.cl\/portal\/lo-pillan-robando-en-una-casa-y-dijo-que-solo-estaba-de-visita\/","title":{"rendered":"Lo pillan robando en una casa y dijo que s\u00f3lo estaba \u2018de visita\u2019"},"content":{"rendered":"<figure id=\"attachment_52360\" aria-describedby=\"caption-attachment-52360\" style=\"width: 300px\" class=\"wp-caption alignleft\"><a href=\"https:\/\/i0.wp.com\/www.eltrabajo.cl\/portal\/wp-content\/uploads\/2014\/10\/imputado-robo.jpg\"><img data-recalc-dims=\"1\" loading=\"lazy\" decoding=\"async\" class=\"wp-image-52360\" src=\"https:\/\/i0.wp.com\/www.eltrabajo.cl\/portal\/wp-content\/uploads\/2014\/10\/imputado-robo.jpg?resize=300%2C398\" alt=\"En minutos Carabineros frustr\u00f3 el robo a una vivienda ubicada en calle Navarro de San Felipe, logrando la detenci\u00f3n de un delincuente habitual. (Foto Archivo).\" width=\"300\" height=\"398\" srcset=\"https:\/\/i0.wp.com\/eltrabajo.cl\/portal\/wp-content\/uploads\/2014\/10\/imputado-robo.jpg?w=529&amp;ssl=1 529w, https:\/\/i0.wp.com\/eltrabajo.cl\/portal\/wp-content\/uploads\/2014\/10\/imputado-robo.jpg?resize=113%2C150&amp;ssl=1 113w, https:\/\/i0.wp.com\/eltrabajo.cl\/portal\/wp-content\/uploads\/2014\/10\/imputado-robo.jpg?resize=226%2C300&amp;ssl=1 226w, https:\/\/i0.wp.com\/eltrabajo.cl\/portal\/wp-content\/uploads\/2014\/10\/imputado-robo.jpg?resize=400%2C530&amp;ssl=1 400w\" sizes=\"auto, (max-width: 300px) 100vw, 300px\" \/><\/a><figcaption id=\"caption-attachment-52360\" class=\"wp-caption-text\">En minutos Carabineros frustr\u00f3 el robo a una vivienda ubicada en calle Navarro de San Felipe, logrando la detenci\u00f3n de un delincuente habitual. (Foto Archivo).<\/figcaption><\/figure>\n<p>Gracias a un oportuno llamado a Carabineros de un vecino que advirti\u00f3 la presencia de un desconocido al interior de una vivienda ubicada en calle Navarro de la ciudad de San Felipe, se pudo frustrar el robo de diversas especies, logr\u00e1ndose la detenci\u00f3n del autor material por parte de funcionarios policiales que lo capturaron en el acto en el mismo domicilio.<br \/>\nDe acuerdo a los antecedentes que entreg\u00f3 Carabineros al Ministerio P\u00fablico, los hechos ocurrieron pasado el mediod\u00eda del lunes cuando al 133 llama un vecino e informa la ocurrencia de un robo al interior de una vivienda en calle Navarro, en donde un sujeto habr\u00eda descerrajado la chapa de la puerta del acceso principal del inmueble para poder ingresar en momentos que se encontraba sin sus moradores.<br \/>\nTras la alerta, los efectivos policiales se desplazaron r\u00e1pidamente hasta el sitio del suceso, ingresando hasta el interior de la vivienda y observando a un sujeto, quien fue identificado como Isaac Josu\u00e9 Campos Campos, quien portaba entre sus manos un televisor LCD y una consola de juegos PlayStation, dispuesto a escapar, pero sus intensiones se vieron frustradas luego que la Polic\u00eda lo detuviera en el mismo lugar.<br \/>\nLos vecinos alertados por la situaci\u00f3n, tomaron contacto telef\u00f3nico con el propietario de la vivienda, quien en esos momentos se encontraba en su lugar de trabajo, por lo que debi\u00f3 abandonar su puesto laboral para aproximarse a su morada, convirti\u00e9ndose as\u00ed en una v\u00edctima m\u00e1s de la delincuencia. Afortunadamente el oportuno llamado telef\u00f3nico de un testigo a la Central de Comunicaciones 133 y la expedita llegada de Carabineros, se pudo frustrar el delito con la captura de este sujeto, quien cuenta con un amplio prontuario delictivo.<br \/>\nLa detenci\u00f3n del imputado fue controlada el d\u00eda de ayer martes en el Juzgado de Garant\u00eda de San Felipe, siendo formalizado por el Fiscal Andr\u00e9s Gallardo por el delito de Robo en lugar habitado. Durante la audiencia, Isaac Campos hizo uso de la palabra para decir ante el juez que la puerta de la vivienda se encontraba abierta y que entr\u00f3 para ver supuestamente unas maderas, cuya intervenci\u00f3n fue interpelada por el fiscal al se\u00f1alar que no ten\u00eda justificaci\u00f3n para ingresar clandestinamente a una vivienda, requiriendo ante el tribunal la m\u00e1xima cautelar de Prisi\u00f3n Preventiva.<br \/>\nCon los antecedentes vertidos durante la formalizaci\u00f3n, el Juez Leopoldo Soto acogi\u00f3 la petici\u00f3n del Ministerio P\u00fablico de decretar la internaci\u00f3n del acusado en un centro penitenciario para que cumpla la cautelar de Prisi\u00f3n Preventiva por un plazo de 45 d\u00edas para la investigaci\u00f3n del caso.<br \/>\n\u201cLlamaron a Carabineros que estaba ocurriendo algo en esa casa, cuando la Polic\u00eda llega se encuentra con el sujeto dentro. Este sujeto tiene antecedentes por Robo en lugar habitado y otros delitos. Declara ante el juez haber visto la puerta abierta de la vivienda y que entr\u00f3, a lo que este fiscal le cuestion\u00f3 pregunt\u00e1ndole si hab\u00eda entrado a pasear a una casa que no era la de \u00e9l, claramente su relato no es cre\u00edble. Se decreta la Prisi\u00f3n Preventiva porque es un peligro para la seguridad la sociedad\u201d, afirm\u00f3 a Diario El Trabajo, el Fiscal Andr\u00e9s Gallardo.<br \/>\nPablo Salinas Sald\u00edas<\/p>\n","protected":false},"excerpt":{"rendered":"<p>Gracias a un oportuno llamado a Carabineros de un vecino que advirti\u00f3 la presencia de un desconocido al interior de una vivienda ubicada en calle Navarro de la ciudad de San Felipe,&#8230;<\/p>\n","protected":false},"author":482,"featured_media":52360,"comment_status":"open","ping_status":"closed","sticky":false,"template":"","format":"standard","meta":{"advanced_seo_description":"","jetpack_seo_html_title":"","jetpack_seo_noindex":false,"_jetpack_memberships_contains_paid_content":false,"footnotes":""},"categories":[21],"tags":[],"class_list":["post-52359","post","type-post","status-publish","format-standard","has-post-thumbnail","hentry","category-policial"],"jetpack_featured_media_url":"https:\/\/i0.wp.com\/eltrabajo.cl\/portal\/wp-content\/uploads\/2014\/10\/imputado-robo.jpg?fit=529%2C701&ssl=1","jetpack_sharing_enabled":true,"jetpack_likes_enabled":true,"jetpack-related-posts":[],"_links":{"self":[{"href":"https:\/\/eltrabajo.cl\/portal\/wp-json\/wp\/v2\/posts\/52359","targetHints":{"allow":["GET"]}}],"collection":[{"href":"https:\/\/eltrabajo.cl\/portal\/wp-json\/wp\/v2\/posts"}],"about":[{"href":"https:\/\/eltrabajo.cl\/portal\/wp-json\/wp\/v2\/types\/post"}],"author":[{"embeddable":true,"href":"https:\/\/eltrabajo.cl\/portal\/wp-json\/wp\/v2\/users\/482"}],"replies":[{"embeddable":true,"href":"https:\/\/eltrabajo.cl\/portal\/wp-json\/wp\/v2\/comments?post=52359"}],"version-history":[{"count":0,"href":"https:\/\/eltrabajo.cl\/portal\/wp-json\/wp\/v2\/posts\/52359\/revisions"}],"wp:featuredmedia":[{"embeddable":true,"href":"https:\/\/eltrabajo.cl\/portal\/wp-json\/wp\/v2\/media\/52360"}],"wp:attachment":[{"href":"https:\/\/eltrabajo.cl\/portal\/wp-json\/wp\/v2\/media?parent=52359"}],"wp:term":[{"taxonomy":"category","embeddable":true,"href":"https:\/\/eltrabajo.cl\/portal\/wp-json\/wp\/v2\/categories?post=52359"},{"taxonomy":"post_tag","embeddable":true,"href":"https:\/\/eltrabajo.cl\/portal\/wp-json\/wp\/v2\/tags?post=52359"}],"curies":[{"name":"wp","href":"https:\/\/api.w.org\/{rel}","templated":true}]}}