{"id":52367,"date":"2014-10-16T09:26:59","date_gmt":"2014-10-16T12:26:59","guid":{"rendered":"http:\/\/www.eltrabajo.cl\/portal\/?p=52367"},"modified":"2014-10-16T09:26:59","modified_gmt":"2014-10-16T12:26:59","slug":"adultos-mayores-celebran-medallas-en-olimpiadas-junto-a-taxistas-de-linea-4","status":"publish","type":"post","link":"https:\/\/eltrabajo.cl\/portal\/adultos-mayores-celebran-medallas-en-olimpiadas-junto-a-taxistas-de-linea-4\/","title":{"rendered":"Adultos mayores celebran medallas en olimpiadas junto a taxistas de L\u00ednea 4"},"content":{"rendered":"<figure id=\"attachment_52368\" aria-describedby=\"caption-attachment-52368\" style=\"width: 528px\" class=\"wp-caption alignnone\"><a href=\"https:\/\/i0.wp.com\/www.eltrabajo.cl\/portal\/wp-content\/uploads\/2014\/10\/Abuelos14.jpg\"><img data-recalc-dims=\"1\" loading=\"lazy\" decoding=\"async\" class=\"size-full wp-image-52368\" src=\"https:\/\/i0.wp.com\/www.eltrabajo.cl\/portal\/wp-content\/uploads\/2014\/10\/Abuelos14.jpg?resize=528%2C360\" alt=\"Este grupo de adultos mayores del Centro Integral de Mayores de San Felipe celebr\u00f3 las once medallas obtenidas en las olimpiadas realizadas en Villa Alemana.\" width=\"528\" height=\"360\" srcset=\"https:\/\/i0.wp.com\/eltrabajo.cl\/portal\/wp-content\/uploads\/2014\/10\/Abuelos14.jpg?w=528&amp;ssl=1 528w, https:\/\/i0.wp.com\/eltrabajo.cl\/portal\/wp-content\/uploads\/2014\/10\/Abuelos14.jpg?resize=200%2C136&amp;ssl=1 200w, https:\/\/i0.wp.com\/eltrabajo.cl\/portal\/wp-content\/uploads\/2014\/10\/Abuelos14.jpg?resize=300%2C204&amp;ssl=1 300w, https:\/\/i0.wp.com\/eltrabajo.cl\/portal\/wp-content\/uploads\/2014\/10\/Abuelos14.jpg?resize=150%2C102&amp;ssl=1 150w, https:\/\/i0.wp.com\/eltrabajo.cl\/portal\/wp-content\/uploads\/2014\/10\/Abuelos14.jpg?resize=400%2C272&amp;ssl=1 400w\" sizes=\"auto, (max-width: 528px) 100vw, 528px\" \/><\/a><figcaption id=\"caption-attachment-52368\" class=\"wp-caption-text\">Este grupo de adultos mayores del Centro Integral de Mayores de San Felipe celebr\u00f3 las once medallas obtenidas en las olimpiadas realizadas en Villa Alemana.<\/figcaption><\/figure>\n<p>Acompa\u00f1ados de los taxistas de la l\u00ednea n\u00famero 4, que por estos d\u00edas se encuentra de aniversario, un grupo de adultos mayores del Centro Integral de Mayores de San Felipe celebr\u00f3 las once medallas obtenidas en las olimpiadas realizadas en Villa Alemana. En la ma\u00f1ana de ayer, junto a la Coordinadora del Centro Integral, Patricia Opazo, los adultos mayores salieron en caravana en direcci\u00f3n a Vi\u00f1a Martel, no sin antes dar a conocer a los medios de comunicaci\u00f3n locales sobre este logro conseguido en materia deportiva.<br \/>\nExplic\u00f3 que en el caso de las S\u00e9ptimas Olimpiadas Deportivas de Adultos Mayores que organiza la municipalidad de Villa Alemana, esta es la primera vez que los sanfelipe\u00f1os pertenecientes al Centro Integral de San Felipe participan, lo que a su juicio \u201ces un gran logro, tanto para ellos, como tambi\u00e9n para nosotros, porque muchos de estos medallistas obtuvieron esos resultados gracias al apoyo que reciben en el centro, con los distintos talleres de actividad f\u00edsica\u201d.<br \/>\nFueron m\u00e1s de 30 los adultos que participaron de las olimpiadas, compitiendo en pruebas tales como lanzamiento de la pelotita, caminata lenta y r\u00e1pida, entre otras. Patricia Opazo se\u00f1al\u00f3 que en el marco de las actividades en conmemoraci\u00f3n del Mes del Adulto Mayor, este viernes se realizar\u00e1 en el Gimnasio Samuel Tapia Guerrero (ex-sala m\u00faltiple), el \u201cPrimer Encuentro de actividad f\u00edsica de adultos mayores\u201d, iniciativa donde esperan contar con una gran convocatoria de vecinos y vecinas.<br \/>\n\u201cConvocamos al primer encuentro que tendremos este 17 de octubre, para que participen y conozcan las actividades que se realizan en el centro de mayores. Es una actividad abierta a la comunidad, y en la oportunidad se mostrar\u00e1n coreograf\u00edas que han preparado los adultos mayores\u201d, se\u00f1al\u00f3 Opazo.<\/p>\n","protected":false},"excerpt":{"rendered":"<p>Acompa\u00f1ados de los taxistas de la l\u00ednea n\u00famero 4, que por estos d\u00edas se encuentra de aniversario, un grupo de adultos mayores del Centro Integral de Mayores de San Felipe celebr\u00f3 las&#8230;<\/p>\n","protected":false},"author":482,"featured_media":52368,"comment_status":"open","ping_status":"closed","sticky":false,"template":"","format":"standard","meta":{"advanced_seo_description":"","jetpack_seo_html_title":"","jetpack_seo_noindex":false,"_jetpack_memberships_contains_paid_content":false,"footnotes":""},"categories":[15],"tags":[],"class_list":["post-52367","post","type-post","status-publish","format-standard","has-post-thumbnail","hentry","category-comunidad"],"jetpack_featured_media_url":"https:\/\/i0.wp.com\/eltrabajo.cl\/portal\/wp-content\/uploads\/2014\/10\/Abuelos14.jpg?fit=528%2C360&ssl=1","jetpack_sharing_enabled":true,"jetpack_likes_enabled":true,"jetpack-related-posts":[],"_links":{"self":[{"href":"https:\/\/eltrabajo.cl\/portal\/wp-json\/wp\/v2\/posts\/52367","targetHints":{"allow":["GET"]}}],"collection":[{"href":"https:\/\/eltrabajo.cl\/portal\/wp-json\/wp\/v2\/posts"}],"about":[{"href":"https:\/\/eltrabajo.cl\/portal\/wp-json\/wp\/v2\/types\/post"}],"author":[{"embeddable":true,"href":"https:\/\/eltrabajo.cl\/portal\/wp-json\/wp\/v2\/users\/482"}],"replies":[{"embeddable":true,"href":"https:\/\/eltrabajo.cl\/portal\/wp-json\/wp\/v2\/comments?post=52367"}],"version-history":[{"count":0,"href":"https:\/\/eltrabajo.cl\/portal\/wp-json\/wp\/v2\/posts\/52367\/revisions"}],"wp:featuredmedia":[{"embeddable":true,"href":"https:\/\/eltrabajo.cl\/portal\/wp-json\/wp\/v2\/media\/52368"}],"wp:attachment":[{"href":"https:\/\/eltrabajo.cl\/portal\/wp-json\/wp\/v2\/media?parent=52367"}],"wp:term":[{"taxonomy":"category","embeddable":true,"href":"https:\/\/eltrabajo.cl\/portal\/wp-json\/wp\/v2\/categories?post=52367"},{"taxonomy":"post_tag","embeddable":true,"href":"https:\/\/eltrabajo.cl\/portal\/wp-json\/wp\/v2\/tags?post=52367"}],"curies":[{"name":"wp","href":"https:\/\/api.w.org\/{rel}","templated":true}]}}