{"id":52371,"date":"2014-10-16T09:31:56","date_gmt":"2014-10-16T12:31:56","guid":{"rendered":"http:\/\/www.eltrabajo.cl\/portal\/?p=52371"},"modified":"2014-10-16T09:31:56","modified_gmt":"2014-10-16T12:31:56","slug":"autoridades-se-reunen-para-coordinar-obras-de-riego-para-el-valle","status":"publish","type":"post","link":"https:\/\/eltrabajo.cl\/portal\/autoridades-se-reunen-para-coordinar-obras-de-riego-para-el-valle\/","title":{"rendered":"Autoridades se re\u00fanen para coordinar obras de riego para el valle"},"content":{"rendered":"<figure id=\"attachment_52372\" aria-describedby=\"caption-attachment-52372\" style=\"width: 300px\" class=\"wp-caption alignleft\"><a href=\"https:\/\/i0.wp.com\/www.eltrabajo.cl\/portal\/wp-content\/uploads\/2014\/10\/Cate1.jpg\"><img data-recalc-dims=\"1\" loading=\"lazy\" decoding=\"async\" class=\"wp-image-52372 size-medium\" src=\"https:\/\/i0.wp.com\/www.eltrabajo.cl\/portal\/wp-content\/uploads\/2014\/10\/Cate1-300x204.jpg?resize=300%2C204\" alt=\"Una productiva reuni\u00f3n tuvo el Alcalde de Catemu, Boris Luksic, con el Ministro de Obras P\u00fablicas, Alberto Undurraga; junto al Senador Ignacio Walker y Alcalde de Los Andes, Mauricio Navarro en dependencias del MOP.\" width=\"300\" height=\"204\" srcset=\"https:\/\/i0.wp.com\/eltrabajo.cl\/portal\/wp-content\/uploads\/2014\/10\/Cate1.jpg?resize=300%2C204&amp;ssl=1 300w, https:\/\/i0.wp.com\/eltrabajo.cl\/portal\/wp-content\/uploads\/2014\/10\/Cate1.jpg?resize=200%2C136&amp;ssl=1 200w, https:\/\/i0.wp.com\/eltrabajo.cl\/portal\/wp-content\/uploads\/2014\/10\/Cate1.jpg?resize=150%2C102&amp;ssl=1 150w, https:\/\/i0.wp.com\/eltrabajo.cl\/portal\/wp-content\/uploads\/2014\/10\/Cate1.jpg?resize=400%2C272&amp;ssl=1 400w, https:\/\/i0.wp.com\/eltrabajo.cl\/portal\/wp-content\/uploads\/2014\/10\/Cate1.jpg?w=529&amp;ssl=1 529w\" sizes=\"auto, (max-width: 300px) 100vw, 300px\" \/><\/a><figcaption id=\"caption-attachment-52372\" class=\"wp-caption-text\">Una productiva reuni\u00f3n tuvo el Alcalde de Catemu, Boris Luksic, con el Ministro de Obras P\u00fablicas, Alberto Undurraga; junto al Senador Ignacio Walker y Alcalde de Los Andes, Mauricio Navarro en dependencias del MOP.<\/figcaption><\/figure>\n<p><strong>CATEMU<\/strong>.- Una productiva reuni\u00f3n tuvo el Alcalde de Catemu, Boris Luksic, con el Ministro de Obras P\u00fablicas, Alberto Undurraga; junto al Senador Ignacio Walker y Alcalde de Los Andes, Mauricio Navarro en dependencias del MOP. En dicho encuentro se trat\u00f3 el tema de los embalses para Aconcagua, donde Luksic se\u00f1al\u00f3 la necesidad que, uno de los valles pioneros de la fruticultura del pa\u00eds, necesita obras de riego.<br \/>\nPlante\u00f3 adem\u00e1s la necesidad de concreci\u00f3n del estudio de Puntilla del Viento y del Embalse Catemu, ya que no es posible que en a\u00f1os secos se sigan perdiendo m\u00e1s de 1000 metros c\u00fabicos de agua por segundo en el mar. El Alcalde entreg\u00f3 antecedentes al Ministro, que ya se trabajaron en la mesa t\u00e9cnica de Aconcagua respecto de la empleabilidad; acerca de la factibilidad de aumentar hect\u00e1reas de riego; y tambi\u00e9n de dar seguridad de riego en las hect\u00e1reas que no cuentan con ello.<br \/>\n\u00abEl \u00faltimo censo agr\u00edcola determin\u00f3 que en Aconcagua existe una empleabilidad de 1,1 empleo permanente por hect\u00e1rea, si actualmente Aconcagua riega 72.000l, y s\u00f3lo 40.000 tienen seguridad de riego estamos hablando de 40 mil empleos, si hacemos las obras de riego, estar\u00edamos por sobre los 75.000 trabajadores. Hay algo importante, es una de las pocas actividades que permite la contrataci\u00f3n de mano de obra no especializada, adem\u00e1s hablamos de predios cuyos due\u00f1os son peque\u00f1os y medianos agricultores, y ellos se ver\u00edan beneficiados con estas obras\u00bb, se\u00f1al\u00f3 el Alcalde de Catemu.<br \/>\nPor su parte el ministro recibi\u00f3 y agradeci\u00f3 enormemente al Alcalde por los antecedentes entregados, ya que son un gran aporte para los estudios de ambas obras. Demostr\u00f3 adem\u00e1s una gran preocupaci\u00f3n e inter\u00e9s en la concreci\u00f3n de estos proyectos.<\/p>\n","protected":false},"excerpt":{"rendered":"<p>CATEMU.- Una productiva reuni\u00f3n tuvo el Alcalde de Catemu, Boris Luksic, con el Ministro de Obras P\u00fablicas, Alberto Undurraga; junto al Senador Ignacio Walker y Alcalde de Los Andes, Mauricio Navarro en&#8230;<\/p>\n","protected":false},"author":482,"featured_media":52372,"comment_status":"open","ping_status":"closed","sticky":false,"template":"","format":"standard","meta":{"advanced_seo_description":"","jetpack_seo_html_title":"","jetpack_seo_noindex":false,"_jetpack_memberships_contains_paid_content":false,"footnotes":""},"categories":[15],"tags":[],"class_list":["post-52371","post","type-post","status-publish","format-standard","has-post-thumbnail","hentry","category-comunidad"],"jetpack_featured_media_url":"https:\/\/i0.wp.com\/eltrabajo.cl\/portal\/wp-content\/uploads\/2014\/10\/Cate1.jpg?fit=529%2C360&ssl=1","jetpack_sharing_enabled":true,"jetpack_likes_enabled":true,"jetpack-related-posts":[],"_links":{"self":[{"href":"https:\/\/eltrabajo.cl\/portal\/wp-json\/wp\/v2\/posts\/52371","targetHints":{"allow":["GET"]}}],"collection":[{"href":"https:\/\/eltrabajo.cl\/portal\/wp-json\/wp\/v2\/posts"}],"about":[{"href":"https:\/\/eltrabajo.cl\/portal\/wp-json\/wp\/v2\/types\/post"}],"author":[{"embeddable":true,"href":"https:\/\/eltrabajo.cl\/portal\/wp-json\/wp\/v2\/users\/482"}],"replies":[{"embeddable":true,"href":"https:\/\/eltrabajo.cl\/portal\/wp-json\/wp\/v2\/comments?post=52371"}],"version-history":[{"count":0,"href":"https:\/\/eltrabajo.cl\/portal\/wp-json\/wp\/v2\/posts\/52371\/revisions"}],"wp:featuredmedia":[{"embeddable":true,"href":"https:\/\/eltrabajo.cl\/portal\/wp-json\/wp\/v2\/media\/52372"}],"wp:attachment":[{"href":"https:\/\/eltrabajo.cl\/portal\/wp-json\/wp\/v2\/media?parent=52371"}],"wp:term":[{"taxonomy":"category","embeddable":true,"href":"https:\/\/eltrabajo.cl\/portal\/wp-json\/wp\/v2\/categories?post=52371"},{"taxonomy":"post_tag","embeddable":true,"href":"https:\/\/eltrabajo.cl\/portal\/wp-json\/wp\/v2\/tags?post=52371"}],"curies":[{"name":"wp","href":"https:\/\/api.w.org\/{rel}","templated":true}]}}