{"id":52377,"date":"2014-10-16T09:34:40","date_gmt":"2014-10-16T12:34:40","guid":{"rendered":"http:\/\/www.eltrabajo.cl\/portal\/?p=52377"},"modified":"2014-10-16T09:34:40","modified_gmt":"2014-10-16T12:34:40","slug":"hoy-se-celebra-el-dia-nacional-del-profesor","status":"publish","type":"post","link":"https:\/\/eltrabajo.cl\/portal\/hoy-se-celebra-el-dia-nacional-del-profesor\/","title":{"rendered":"Hoy se celebra el D\u00eda Nacional del Profesor"},"content":{"rendered":"<figure id=\"attachment_52378\" aria-describedby=\"caption-attachment-52378\" style=\"width: 300px\" class=\"wp-caption alignleft\"><a href=\"https:\/\/i0.wp.com\/www.eltrabajo.cl\/portal\/wp-content\/uploads\/2014\/10\/Profe1.jpg\"><img data-recalc-dims=\"1\" loading=\"lazy\" decoding=\"async\" class=\"wp-image-52378 size-medium\" src=\"https:\/\/i0.wp.com\/www.eltrabajo.cl\/portal\/wp-content\/uploads\/2014\/10\/Profe1-300x227.jpg?resize=300%2C227\" alt=\"Quienes laboramos en Diario El Trabajo hoy felicitamos y aplaudimos a todos los profesores de Chile y de nuestra provincia, saludo que dirigimos tambi\u00e9n al Profesor Arturo Rodr\u00edguez Vergara.\" width=\"300\" height=\"227\" srcset=\"https:\/\/i0.wp.com\/eltrabajo.cl\/portal\/wp-content\/uploads\/2014\/10\/Profe1.jpg?resize=300%2C227&amp;ssl=1 300w, https:\/\/i0.wp.com\/eltrabajo.cl\/portal\/wp-content\/uploads\/2014\/10\/Profe1.jpg?resize=197%2C150&amp;ssl=1 197w, https:\/\/i0.wp.com\/eltrabajo.cl\/portal\/wp-content\/uploads\/2014\/10\/Profe1.jpg?resize=150%2C113&amp;ssl=1 150w, https:\/\/i0.wp.com\/eltrabajo.cl\/portal\/wp-content\/uploads\/2014\/10\/Profe1.jpg?resize=400%2C303&amp;ssl=1 400w, https:\/\/i0.wp.com\/eltrabajo.cl\/portal\/wp-content\/uploads\/2014\/10\/Profe1.jpg?w=528&amp;ssl=1 528w\" sizes=\"auto, (max-width: 300px) 100vw, 300px\" \/><\/a><figcaption id=\"caption-attachment-52378\" class=\"wp-caption-text\">Quienes laboramos en Diario El Trabajo hoy felicitamos y aplaudimos a todos los profesores de Chile y de nuestra provincia, saludo que dirigimos tambi\u00e9n al Profesor Arturo Rodr\u00edguez Vergara.<\/figcaption><\/figure>\n<p>Oriundo de las pampas nortinas de Chile, el Profesor Arturo Rodr\u00edguez Vergara obtiene su t\u00edtulo de Profesor de Estado en Ingles en la Universidad de Chile en el a\u00f1o 1978. Profesor por 37 a\u00f1os en la ense\u00f1anza municipal y particular subvencionada en las comunas de Quintero, Los Andes y San Felipe. Particip\u00f3 en convenci\u00f3n para profesores de Ingl\u00e9s Tesol (Teachers of English to Speakers of other Languages) que se realiz\u00f3 en San Francisco, California, U.S.A. en 1980 y luego como profesor gu\u00eda de alumnos chilenos en Estados Unidos, en el programa Homestay que se realiz\u00f3 en la ciudad de Los \u00c1ngeles, California en el a\u00f1o 1995.<br \/>\nProfesor que hasta este a\u00f1o desarroll\u00f3 su gesti\u00f3n educativa durante 37 a\u00f1os en la ense\u00f1anza del idioma Ingl\u00e9s en los distintos niveles y ciclos de la educaci\u00f3n chilena, especialmente municipal y con vasta experiencia en la ense\u00f1anza del idioma Ingl\u00e9s a nivel de p\u00e1rvulo, educaci\u00f3n b\u00e1sica y educaci\u00f3n media. Se desempe\u00f1\u00f3 en la ense\u00f1anza del idioma ingl\u00e9s en nivelaci\u00f3n de estudio para personas adultas en liceos nocturnos y nivelaci\u00f3n de estudios para alumnos privados de libertad en las c\u00e1rceles de San Felipe y Los Andes.<br \/>\nPr\u00f3ximo a editar un compendio en educaci\u00f3n y gesti\u00f3n orientado a alumnos de pedagog\u00eda y docentes en general.<\/p>\n<p><strong>Maestro docente<\/strong><\/p>\n<p>Si tu apostolado<br \/>\nva con tu profesi\u00f3n,<br \/>\nes que te has congratulado<br \/>\npara realizar tal misi\u00f3n.<\/p>\n<p>Si tu aptitud<br \/>\nest\u00e1 en la administraci\u00f3n,<br \/>\nse requiere de sapiencia y pulcritud<br \/>\ny tener una amplia visi\u00f3n<br \/>\npara cumplir con tal virtud.<\/p>\n<p>Ser maestro<br \/>\nrequiere de un procurador<br \/>\nque gestione ideas de diestro,<br \/>\ncomo aquel maestro,<br \/>\ny fortalecer su amor como gu\u00eda y tutor.<\/p>\n<p>Si Dios da su bendici\u00f3n,<br \/>\nno deseches la coyuntura<br \/>\nde compartir tu consagraci\u00f3n<br \/>\ncon esta hermosa aventura.<\/p>\n<p>Y cuando ya cumplida tu misi\u00f3n,<br \/>\nver\u00e1s con calma a tu alrededor<br \/>\ntantas almas llenas de tu amor,<br \/>\nque nublar\u00e1n tu visi\u00f3n.<\/p>\n<p>Arturo Rodr\u00edguez Vergara<br \/>\nProfesor.<br \/>\n(Dedicado a mis colegas y futuros colegas).<\/p>\n","protected":false},"excerpt":{"rendered":"<p>Oriundo de las pampas nortinas de Chile, el Profesor Arturo Rodr\u00edguez Vergara obtiene su t\u00edtulo de Profesor de Estado en Ingles en la Universidad de Chile en el a\u00f1o 1978. Profesor por&#8230;<\/p>\n","protected":false},"author":482,"featured_media":52378,"comment_status":"open","ping_status":"closed","sticky":false,"template":"","format":"standard","meta":{"advanced_seo_description":"","jetpack_seo_html_title":"","jetpack_seo_noindex":false,"_jetpack_memberships_contains_paid_content":false,"footnotes":""},"categories":[15],"tags":[],"class_list":["post-52377","post","type-post","status-publish","format-standard","has-post-thumbnail","hentry","category-comunidad"],"jetpack_featured_media_url":"https:\/\/i0.wp.com\/eltrabajo.cl\/portal\/wp-content\/uploads\/2014\/10\/Profe1.jpg?fit=528%2C401&ssl=1","jetpack_sharing_enabled":true,"jetpack_likes_enabled":true,"jetpack-related-posts":[],"_links":{"self":[{"href":"https:\/\/eltrabajo.cl\/portal\/wp-json\/wp\/v2\/posts\/52377","targetHints":{"allow":["GET"]}}],"collection":[{"href":"https:\/\/eltrabajo.cl\/portal\/wp-json\/wp\/v2\/posts"}],"about":[{"href":"https:\/\/eltrabajo.cl\/portal\/wp-json\/wp\/v2\/types\/post"}],"author":[{"embeddable":true,"href":"https:\/\/eltrabajo.cl\/portal\/wp-json\/wp\/v2\/users\/482"}],"replies":[{"embeddable":true,"href":"https:\/\/eltrabajo.cl\/portal\/wp-json\/wp\/v2\/comments?post=52377"}],"version-history":[{"count":0,"href":"https:\/\/eltrabajo.cl\/portal\/wp-json\/wp\/v2\/posts\/52377\/revisions"}],"wp:featuredmedia":[{"embeddable":true,"href":"https:\/\/eltrabajo.cl\/portal\/wp-json\/wp\/v2\/media\/52378"}],"wp:attachment":[{"href":"https:\/\/eltrabajo.cl\/portal\/wp-json\/wp\/v2\/media?parent=52377"}],"wp:term":[{"taxonomy":"category","embeddable":true,"href":"https:\/\/eltrabajo.cl\/portal\/wp-json\/wp\/v2\/categories?post=52377"},{"taxonomy":"post_tag","embeddable":true,"href":"https:\/\/eltrabajo.cl\/portal\/wp-json\/wp\/v2\/tags?post=52377"}],"curies":[{"name":"wp","href":"https:\/\/api.w.org\/{rel}","templated":true}]}}