{"id":52397,"date":"2014-10-16T09:46:38","date_gmt":"2014-10-16T12:46:38","guid":{"rendered":"http:\/\/www.eltrabajo.cl\/portal\/?p=52397"},"modified":"2014-10-16T09:46:38","modified_gmt":"2014-10-16T12:46:38","slug":"con-cuchillo-y-a-plena-luz-del-dia-asaltan-a-chofer-de-radiotaxi","status":"publish","type":"post","link":"https:\/\/eltrabajo.cl\/portal\/con-cuchillo-y-a-plena-luz-del-dia-asaltan-a-chofer-de-radiotaxi\/","title":{"rendered":"Con cuchillo y a plena luz del d\u00eda asaltan a chofer de radiotaxi"},"content":{"rendered":"<figure id=\"attachment_52398\" aria-describedby=\"caption-attachment-52398\" style=\"width: 300px\" class=\"wp-caption alignleft\"><a href=\"https:\/\/i0.wp.com\/www.eltrabajo.cl\/portal\/wp-content\/uploads\/2014\/10\/Taxista1.jpg\"><img data-recalc-dims=\"1\" loading=\"lazy\" decoding=\"async\" class=\"wp-image-52398 size-medium\" src=\"https:\/\/i0.wp.com\/www.eltrabajo.cl\/portal\/wp-content\/uploads\/2014\/10\/Taxista1-300x227.jpg?resize=300%2C227\" alt=\"Este taxista, de 33 a\u00f1os, luego que fuera asaltado a punta de un cuchillo y a plena luz del d\u00eda por dos supuestos pasajeros.\" width=\"300\" height=\"227\" srcset=\"https:\/\/i0.wp.com\/eltrabajo.cl\/portal\/wp-content\/uploads\/2014\/10\/Taxista1.jpg?resize=300%2C227&amp;ssl=1 300w, https:\/\/i0.wp.com\/eltrabajo.cl\/portal\/wp-content\/uploads\/2014\/10\/Taxista1.jpg?resize=198%2C150&amp;ssl=1 198w, https:\/\/i0.wp.com\/eltrabajo.cl\/portal\/wp-content\/uploads\/2014\/10\/Taxista1.jpg?resize=150%2C113&amp;ssl=1 150w, https:\/\/i0.wp.com\/eltrabajo.cl\/portal\/wp-content\/uploads\/2014\/10\/Taxista1.jpg?resize=400%2C303&amp;ssl=1 400w, https:\/\/i0.wp.com\/eltrabajo.cl\/portal\/wp-content\/uploads\/2014\/10\/Taxista1.jpg?w=528&amp;ssl=1 528w\" sizes=\"auto, (max-width: 300px) 100vw, 300px\" \/><\/a><figcaption id=\"caption-attachment-52398\" class=\"wp-caption-text\">Este taxista, de 33 a\u00f1os, luego que fuera asaltado a punta de un cuchillo y a plena luz del d\u00eda por dos supuestos pasajeros.<\/figcaption><\/figure>\n<p><strong>LOS ANDES.<\/strong>&#8211; Tal vez una de las experiencias m\u00e1s traum\u00e1ticas de su vida, es la que le toc\u00f3 vivir al joven conductor de Radiotaxis Cordillera R.M. , de 33 a\u00f1os, luego que fuera asaltado a punta de un cuchillo y a plena luz del d\u00eda por dos supuestos pasajeros, quienes lo abordaron para una carrera en pleno centro de Los Andes.<br \/>\nEl propio afectado relat\u00f3 que pasadas las 9:30 horas del lunes, al avanzar en su m\u00f3vil N\u00ba 10 por Calle Esmeralda en direcci\u00f3n al poniente, al pasar frente al sector de las fuentes de soda conocidas popularmente como Los Paraguas, dos sujetos de entre 25 y 30 a\u00f1os le hicieron se\u00f1as para que se detuviera.<\/p>\n<figure id=\"attachment_52399\" aria-describedby=\"caption-attachment-52399\" style=\"width: 300px\" class=\"wp-caption alignright\"><a href=\"https:\/\/i0.wp.com\/www.eltrabajo.cl\/portal\/wp-content\/uploads\/2014\/10\/Radio11.jpg\"><img data-recalc-dims=\"1\" loading=\"lazy\" decoding=\"async\" class=\"wp-image-52399 size-medium\" src=\"https:\/\/i0.wp.com\/www.eltrabajo.cl\/portal\/wp-content\/uploads\/2014\/10\/Radio11-300x227.jpg?resize=300%2C227\" alt=\"Otro antisocial se abalanz\u00f3 sobre el comunicador del radio y lo tir\u00f3 para que no pudiera dar aviso.\" width=\"300\" height=\"227\" srcset=\"https:\/\/i0.wp.com\/eltrabajo.cl\/portal\/wp-content\/uploads\/2014\/10\/Radio11.jpg?resize=300%2C227&amp;ssl=1 300w, https:\/\/i0.wp.com\/eltrabajo.cl\/portal\/wp-content\/uploads\/2014\/10\/Radio11.jpg?resize=197%2C150&amp;ssl=1 197w, https:\/\/i0.wp.com\/eltrabajo.cl\/portal\/wp-content\/uploads\/2014\/10\/Radio11.jpg?resize=150%2C113&amp;ssl=1 150w, https:\/\/i0.wp.com\/eltrabajo.cl\/portal\/wp-content\/uploads\/2014\/10\/Radio11.jpg?resize=400%2C303&amp;ssl=1 400w, https:\/\/i0.wp.com\/eltrabajo.cl\/portal\/wp-content\/uploads\/2014\/10\/Radio11.jpg?w=528&amp;ssl=1 528w\" sizes=\"auto, (max-width: 300px) 100vw, 300px\" \/><\/a><figcaption id=\"caption-attachment-52399\" class=\"wp-caption-text\">Otro antisocial se abalanz\u00f3 sobre el comunicador del radio y lo tir\u00f3 para que no pudiera dar aviso.<\/figcaption><\/figure>\n<p>Los supuestos pasajeros abordaron el m\u00f3vil y le solicitaron que los trasladara hasta la Plaza de Armas de Rinconada.<br \/>\nPor radio se contact\u00f3 con la central y solicit\u00f3 la tarifa del servicio, a lo que los sujetos dieron su complacencia y abordaron el m\u00f3vil como cualquier otro cliente, subi\u00e9ndose en los asientos posteriores, e incluso al ponerse en marcha pagaron la tarifa.<\/p>\n<p><strong>EL ATRACO<\/strong><br \/>\nSin embargo, durante el trayecto al llegar al sector Condoroma en Camino Los Villares, sorpresivamente el hombre que iba detr\u00e1s lo tom\u00f3 del pelo y extrajo de entre sus ropas un cuchillo de considerable tama\u00f1o, mismo que puso al cuello por el costado derecho, mientras el otro antisocial se abalanz\u00f3 sobre el comunicador del radio y lo tir\u00f3 para que no pudiera dar aviso.<br \/>\nPosteriormente y bajo intimidaci\u00f3n con garabatos y gritos, lo obligaron a que siguiera conduciendo, dici\u00e9ndole en todo momento que deb\u00eda pasar la plata y hacerles caso en todo lo que le dec\u00edan o de lo contrario le cortar\u00edan el rostro.<br \/>\nEn el intertanto, el segundo delincuente empez\u00f3 a revisar la guantera, las puertas del m\u00f3vil y al conductor en busca de dinero, que era lo \u00fanico que buscaban, desordenando la documentaci\u00f3n en los asientos.<br \/>\nLuego lo obligaron a que se desviara por Calle Los Faroles hasta llegar a un camino de tierra, donde le dijeron que se detuviera, sustray\u00e9ndole los $120.000 que portaba y que correspond\u00edan a parte del dinero que deb\u00eda entregar al due\u00f1o del taxi, adem\u00e1s de una parte destinada a pagar algunas cuentas.<br \/>\nUna vez con el dinero en su poder, los asaltantes se dieron a la fuga por los potreros aleda\u00f1os, mientras que el chofer pudo llamar a sus colegas y tambi\u00e9n a Carabineros. Personal policial ayudado por los otros choferes, iniciaron una b\u00fasqueda de los maleantes, los cuales no fueron ubicados.<\/p>\n","protected":false},"excerpt":{"rendered":"<p>LOS ANDES.&#8211; Tal vez una de las experiencias m\u00e1s traum\u00e1ticas de su vida, es la que le toc\u00f3 vivir al joven conductor de Radiotaxis Cordillera R.M. , de 33 a\u00f1os, luego que&#8230;<\/p>\n","protected":false},"author":482,"featured_media":52398,"comment_status":"open","ping_status":"closed","sticky":false,"template":"","format":"standard","meta":{"advanced_seo_description":"","jetpack_seo_html_title":"","jetpack_seo_noindex":false,"_jetpack_memberships_contains_paid_content":false,"footnotes":""},"categories":[21],"tags":[],"class_list":["post-52397","post","type-post","status-publish","format-standard","has-post-thumbnail","hentry","category-policial"],"jetpack_featured_media_url":"https:\/\/i0.wp.com\/eltrabajo.cl\/portal\/wp-content\/uploads\/2014\/10\/Taxista1.jpg?fit=528%2C400&ssl=1","jetpack_sharing_enabled":true,"jetpack_likes_enabled":true,"jetpack-related-posts":[],"_links":{"self":[{"href":"https:\/\/eltrabajo.cl\/portal\/wp-json\/wp\/v2\/posts\/52397","targetHints":{"allow":["GET"]}}],"collection":[{"href":"https:\/\/eltrabajo.cl\/portal\/wp-json\/wp\/v2\/posts"}],"about":[{"href":"https:\/\/eltrabajo.cl\/portal\/wp-json\/wp\/v2\/types\/post"}],"author":[{"embeddable":true,"href":"https:\/\/eltrabajo.cl\/portal\/wp-json\/wp\/v2\/users\/482"}],"replies":[{"embeddable":true,"href":"https:\/\/eltrabajo.cl\/portal\/wp-json\/wp\/v2\/comments?post=52397"}],"version-history":[{"count":0,"href":"https:\/\/eltrabajo.cl\/portal\/wp-json\/wp\/v2\/posts\/52397\/revisions"}],"wp:featuredmedia":[{"embeddable":true,"href":"https:\/\/eltrabajo.cl\/portal\/wp-json\/wp\/v2\/media\/52398"}],"wp:attachment":[{"href":"https:\/\/eltrabajo.cl\/portal\/wp-json\/wp\/v2\/media?parent=52397"}],"wp:term":[{"taxonomy":"category","embeddable":true,"href":"https:\/\/eltrabajo.cl\/portal\/wp-json\/wp\/v2\/categories?post=52397"},{"taxonomy":"post_tag","embeddable":true,"href":"https:\/\/eltrabajo.cl\/portal\/wp-json\/wp\/v2\/tags?post=52397"}],"curies":[{"name":"wp","href":"https:\/\/api.w.org\/{rel}","templated":true}]}}