{"id":52401,"date":"2014-10-16T09:52:00","date_gmt":"2014-10-16T12:52:00","guid":{"rendered":"http:\/\/www.eltrabajo.cl\/portal\/?p=52401"},"modified":"2014-10-16T09:56:25","modified_gmt":"2014-10-16T12:56:25","slug":"sospechosos-de-asesinar-al-dedos-cortos-se-entregaron-a-la-pdi","status":"publish","type":"post","link":"https:\/\/eltrabajo.cl\/portal\/sospechosos-de-asesinar-al-dedos-cortos-se-entregaron-a-la-pdi\/","title":{"rendered":"Sospechosos de asesinar al \u2018Dedos Cortos\u2019 se entregaron a la PDI"},"content":{"rendered":"<figure id=\"attachment_52402\" aria-describedby=\"caption-attachment-52402\" style=\"width: 400px\" class=\"wp-caption alignleft\"><a href=\"https:\/\/i0.wp.com\/www.eltrabajo.cl\/portal\/wp-content\/uploads\/2014\/10\/zafrada-1.jpg\"><img data-recalc-dims=\"1\" loading=\"lazy\" decoding=\"async\" class=\"wp-image-52402\" src=\"https:\/\/i0.wp.com\/www.eltrabajo.cl\/portal\/wp-content\/uploads\/2014\/10\/zafrada-1-300x222.jpg?resize=400%2C296\" alt=\"Los familiares y amigos del \u2018Zafrada\u2019 y \u2018Care Tuto\u2019 esperaban en el hall del Juzgado de Garant\u00eda de San Felipe para ingresar a la audiencia de formalizaci\u00f3n por homicidio de Cristi\u00e1n V\u00e1squez Espinoza conocido como \u2018El Dedos Cortos\u2019.\" width=\"400\" height=\"296\" srcset=\"https:\/\/i0.wp.com\/eltrabajo.cl\/portal\/wp-content\/uploads\/2014\/10\/zafrada-1.jpg?resize=300%2C222&amp;ssl=1 300w, https:\/\/i0.wp.com\/eltrabajo.cl\/portal\/wp-content\/uploads\/2014\/10\/zafrada-1.jpg?resize=200%2C148&amp;ssl=1 200w, https:\/\/i0.wp.com\/eltrabajo.cl\/portal\/wp-content\/uploads\/2014\/10\/zafrada-1.jpg?resize=150%2C111&amp;ssl=1 150w, https:\/\/i0.wp.com\/eltrabajo.cl\/portal\/wp-content\/uploads\/2014\/10\/zafrada-1.jpg?resize=400%2C296&amp;ssl=1 400w, https:\/\/i0.wp.com\/eltrabajo.cl\/portal\/wp-content\/uploads\/2014\/10\/zafrada-1.jpg?w=529&amp;ssl=1 529w\" sizes=\"auto, (max-width: 400px) 100vw, 400px\" \/><\/a><figcaption id=\"caption-attachment-52402\" class=\"wp-caption-text\">Los familiares y amigos del \u2018Zafrada\u2019 y \u2018Care Tuto\u2019 esperaban en el hall del Juzgado de Garant\u00eda de San Felipe para ingresar a la audiencia de formalizaci\u00f3n por homicidio de Cristi\u00e1n V\u00e1squez Espinoza conocido como \u2018El Dedos Cortos\u2019.<\/figcaption><\/figure>\n<p>Pasadas las 17:00 horas del martes, dos adolescentes de 16 y 17 a\u00f1os, apodados \u2018El Zafrada\u2019 y \u2018Caretuto\u2019, concurrieron acompa\u00f1ados de sus familiares a entregarse voluntariamente hasta la unidad de la Polic\u00eda de Investigaciones de San Felipe, reconociendo as\u00ed su participaci\u00f3n en el homicidio de Cristian Gabriel V\u00e1squez Espinoza, conocido como \u2018El Dedos Cortos\u2019, quien falleci\u00f3 de un disparo en el abdomen en las afueras de su domicilio en Villa Sol Naciente el s\u00e1bado pasado.<br \/>\nAl traspasar el per\u00edodo de flagrancia, la fiscal\u00eda diligenci\u00f3 una orden de detenci\u00f3n ante el Juez de Garant\u00eda Leopoldo Soto, quien neg\u00f3 este requerimiento, citando a los sospechosos a las 09:30 de ayer mi\u00e9rcoles para que concurrieran bajo su voluntad a una Audiencia de Formalizaci\u00f3n. Aunque los imputados llegaron con una hora y media de atraso, dicha audiencia pretend\u00eda postergarse por orden de dicho magistrado, situaci\u00f3n que el Ministerio P\u00fablico debi\u00f3 intervenir en esta decisi\u00f3n para formalizar en forma inmediata a los supuestos autores del homicidio, aprovechando su comparecencia.<\/p>\n<p><strong>SON FORMALIZADOS<\/strong><br \/>\nJunto a sus familiares y cercanos, los imputados de iniciales J.M.C.R., apodado \u2018El Zafrada\u2019, de 16 a\u00f1os de edad, y M.N.D.O., conocido como \u2018Caretuto\u2019, de 17 a\u00f1os, esperaban en el hall del tribunal muy nerviosos tras la esperada formalizaci\u00f3n, misma que comenz\u00f3 cerca de las 12:30 horas bajo custodia de funcionarios de Gendarmer\u00eda y Carabineros, quienes se encontraban apostados en las dependencias del centro de justicia.<br \/>\nEl Fiscal Osvaldo Basso dio lectura de los primeros antecedentes recopilados por la Brigada de Homicidios de la Polic\u00eda de Investigaciones, desde el d\u00eda de los hechos el 11 de octubre a eso de las 13:00 horas, de acuerdo a los testimonios que entregaron la esposa, hija y un nieto de la v\u00edctima, Cristian Gabriel V\u00e1squez Espinoza, quien habr\u00eda sido increpado por el grupo compuesto por \u2018El Joselo\u2019 o \u2018Zafrada\u2019, \u2018El Caretuto\u2019, \u2018El Ulises\u2019 y \u2018El Luisito\u2019, asegurando que los se\u00f1alados dispararon en el frontis de su vivienda en Villa Sol Naciente, en calle Eduardo Frei, disparos que acabaron con la vida de V\u00e1squez Espinoza.<br \/>\nA ra\u00edz de una acalorada discusi\u00f3n y posteriores disparos, V\u00e1squez Espinoza de 46 a\u00f1os de edad, fue herido en el abdomen por una de las balas, cayendo desplomado en el antejard\u00edn de su vivienda, seg\u00fan los tres testimonios de los familiares, asegurando que este mismo grupo los hab\u00eda amenazado de muerte el d\u00eda 9 de octubre, dejando una constancia en la fiscal\u00eda, tras acusarlos de aparentes entregadas de informaci\u00f3n privilegiada a las Polic\u00edas, tild\u00e1ndolos de \u2018sapos\u2019.<br \/>\nMar\u00eda Elena Garay, esposa de Cristian V\u00e1squez apodado \u2018Dedos Cortos\u2019, asegur\u00f3 a la Polic\u00eda que junto a su nieto subi\u00f3 a su c\u00f3nyuge hasta su veh\u00edculo particular, luego que Carabineros y el Samu no respondieran sus llamados de auxilio. Mientras su hija le practicaba respiraci\u00f3n boca a boca a su padre, condujo el autom\u00f3vil y al llegar a otra arteria de Villa 250 A\u00f1os habr\u00edan sido interceptados nuevamente por el cuarteto armado, quienes habr\u00edan disparado hacia el m\u00f3vil para impedir su traslado hasta un centro hospitalario.<br \/>\nSin embargo V\u00e1squez Espinoza, quien hace un poco m\u00e1s de dos semanas hab\u00eda salido de la c\u00e1rcel tras cumplir una condena por Robo, fue ingresado al Servicio de Urgencias del Hospital San Camilo, falleciendo a los pocos minutos producto del impacto del proyectil alojado en su abdomen pasadas las 14:00 horas de aquel d\u00eda.<\/p>\n<p><strong>\u00bfLEG\u00cdTIMA DEFENSA?<\/strong><br \/>\nDurante la audiencia, el acusado \u2018Zafrada\u2019 subi\u00f3 al estrado para entregar una versi\u00f3n bastante diferente de los hechos que se asemejan a nuestra publicaci\u00f3n de Diario El Trabajo el pasado lunes, asegurando que V\u00e1squez Espinoza lo intercept\u00f3 en la v\u00eda p\u00fablica, amenazando de muerte con un sable, donde se produjo un enfrentamiento entre ambos, resultando el adolescente con algunos cortes visibles en sus manos y rostro.<br \/>\nEste menor de 16 a\u00f1os continu\u00f3 su relato frente al Juez, afirmando que \u2018El Dedos cortos\u2019 se baj\u00f3 su pantal\u00f3n y le mostraba sus genitales, prometiendo que lo iba a violar donde lo viera, situaci\u00f3n que habr\u00eda descolocado al joven y se defendi\u00f3 de seguir siendo agredido con el arma blanca, extrayendo de sus vestimentas un arma de fuego para disparar al menos en tres ocasiones sobre el cuerpo de V\u00e1squez Espinoza, escapando luego en direcci\u00f3n a Puente El Rey, donde arroj\u00f3 el arma al r\u00edo.<br \/>\nEsta versi\u00f3n fue ampliamente discutida por la Defensa, luego de dar a conocer que existe un importante testimonio de la Presidenta del Comit\u00e9 de Seguridad de Villa Renacer, Mar\u00eda Irma Fern\u00e1ndez, quien entreg\u00f3 su testimonio ante la Fiscal\u00eda avalando esta versi\u00f3n cuando fue testigo del enfrentamiento entre el \u2018Zafrada\u2019 y el \u2018Dedos Cortos\u2019, sin ning\u00fan otro involucrado.<br \/>\nLa dirigente asegura que luego del crimen se acerc\u00f3 hacia el sitio del suceso y fue ella misma quien gracias a otra persona pudo rescatar desde el r\u00edo el arma de fuego, la que fue entregada a la Polic\u00eda para ser analizada si efectivamente se tratar\u00eda del \u2018arma homicida\u2019.<br \/>\nLa Defensora Mar\u00eda Isabel Montenegro aleg\u00f3 que la esposa de la v\u00edctima escuch\u00f3 al menos seis balazos, pero curiosamente la Polic\u00eda levant\u00f3 s\u00f3lo un casquillo, adem\u00e1s no existen evidencias de impactos de proyectiles en la vivienda ni en el sitio del suceso que aparentemente habr\u00eda sido alterado. Asimismo, mantiene una copia del perfil de la red social Facebook de la cuenta de una hija del \u2018Dedos Cortos\u2019,quien manifiesta amenazas previas al d\u00eda de los hechos en contra del \u2018Zafrada\u2019 y sus amigos, argumentando que tanto el occiso como su familia son agresivos y conflictivos en su entorno.<\/p>\n<p><strong>AMPLIO HISTORIAL<\/strong><br \/>\nPese al largo debate, el Fiscal Basso requiri\u00f3 ante el Tribunal la internaci\u00f3n en un r\u00e9gimen cerrado para los imputados, indicando que ambos acusados mantienen m\u00e1s de diez causas vigentes de Robo de veh\u00edculo, Robo con intimidaci\u00f3n, Robo por sorpresa, Robo con violencia y porte de elementos destinados a cometer delitos de robo, que a\u00fan no han llegado a juicio, destacando que su libertad representa un peligro para la sociedad.<br \/>\nTranscurridas las dos horas que dur\u00f3 la audiencia, el Juez Leopoldo Soto y tras un largo receso, valor\u00f3 el testimonio de la dirigente vecinal, Mar\u00eda Irma Fern\u00e1ndez, quien se asemeja a lo indicado por el adolescente que propin\u00f3 los disparos homicidas y la entrega voluntaria ante el tribunal para el esclarecimiento de los hechos, desestimando la aparente participaci\u00f3n del \u2018Caretuto\u2019 en este crimen, por no contar hasta el momento las pruebas suficientes que lo sit\u00faen en el homicidio ni la existencia de armas de fuego en su poder.<\/p>\n<p><strong>QUEDAN LIBRES<\/strong><br \/>\nA criterio del Magistrado Soto, orden\u00f3 el Arresto Domiciliario total para el \u2018Zafrada\u2019, mientras que \u2018Caretuto\u2019 quedar\u00e1 sujeto a programas de reinserci\u00f3n social a cargo del Servicio Nacional de Menores, Sename, decretando un plazo de investigaci\u00f3n de 120 d\u00edas.<br \/>\nEl dictamen fue celebrado por los familiares y cercanos de ambos imputados, quienes entre l\u00e1grimas y abrazos se retiraron del Juzgado de Garant\u00eda de San Felipe sin entregar ning\u00fan tipo de declaraciones a la prensa.<br \/>\n\u201cEl Ministerio P\u00fablico sobre la base de la viuda, una hija y un nieto del occiso, se solicit\u00f3 que se decretara la internaci\u00f3n provisoria de los dos imputados porque entend\u00edamos que su libertad constituye un serio peligro para la sociedad, cada uno tiene diez procesos pendientes y cautelares vigentes en procesos que se encuentran pendientes. No obstante la defensa se\u00f1al\u00f3 que hab\u00eda un testimonio de una presidenta de Villa Renacer que solamente uno de los imputados fue el que dispar\u00f3, el apodado &#8216;Zafrada&#8217; y que los restantes en definitiva no habr\u00edan participado, y que si bien el imputado habr\u00eda actuado en leg\u00edtima defensa porque hab\u00eda sido atacado con un sable por parte del occiso, esos antecedentes fueron estimados por el tribunal y resolvi\u00f3 no dar lugar a la internaci\u00f3n provisoria y decret\u00f3 cautelares simples\u201d, se\u00f1al\u00f3 a Diario El Trabajo el Fiscal Osvaldo Basso.<br \/>\nPablo Salinas Sald\u00edas<\/p>\n<div class=\"tiled-gallery type-rectangular tiled-gallery-unresized\" data-original-width=\"640\" data-carousel-extra='null' itemscope itemtype=\"http:\/\/schema.org\/ImageGallery\" > <div class=\"gallery-row\" style=\"width: 640px; height: 184px;\" data-original-width=\"640\" data-original-height=\"184\" > <div class=\"gallery-group images-1\" style=\"width: 193px; height: 184px;\" data-original-width=\"193\" data-original-height=\"184\" > <div class=\"tiled-gallery-item tiled-gallery-item-small\" itemprop=\"associatedMedia\" itemscope itemtype=\"http:\/\/schema.org\/ImageObject\"> <a href=\"https:\/\/eltrabajo.cl\/portal\/sospechosos-de-asesinar-al-dedos-cortos-se-entregaron-a-la-pdi\/zafrada-con-familia\/\" border=\"0\" itemprop=\"url\"> <meta itemprop=\"width\" content=\"189\"> <meta itemprop=\"height\" content=\"180\"> <img decoding=\"async\" class=\"\" data-attachment-id=\"52407\" data-orig-file=\"https:\/\/eltrabajo.cl\/portal\/wp-content\/uploads\/2014\/10\/zafrada-con-familia.jpg\" data-orig-size=\"529,504\" data-comments-opened=\"1\" data-image-meta=\"{&quot;aperture&quot;:&quot;0&quot;,&quot;credit&quot;:&quot;&quot;,&quot;camera&quot;:&quot;&quot;,&quot;caption&quot;:&quot;&quot;,&quot;created_timestamp&quot;:&quot;0&quot;,&quot;copyright&quot;:&quot;&quot;,&quot;focal_length&quot;:&quot;0&quot;,&quot;iso&quot;:&quot;0&quot;,&quot;shutter_speed&quot;:&quot;0&quot;,&quot;title&quot;:&quot;&quot;,&quot;orientation&quot;:&quot;0&quot;}\" data-image-title=\"zafrada con familia\" data-image-description=\"&lt;p&gt;Los acusados a la espera de la resoluci\u00f3n del tribunal de Garant\u00eda.&lt;\/p&gt; \" data-medium-file=\"https:\/\/i0.wp.com\/eltrabajo.cl\/portal\/wp-content\/uploads\/2014\/10\/zafrada-con-familia.jpg?fit=300%2C285&#038;ssl=1\" data-large-file=\"https:\/\/i0.wp.com\/eltrabajo.cl\/portal\/wp-content\/uploads\/2014\/10\/zafrada-con-familia.jpg?fit=529%2C504&#038;ssl=1\" src=\"https:\/\/i0.wp.com\/eltrabajo.cl\/portal\/wp-content\/uploads\/2014\/10\/zafrada-con-familia.jpg?w=189&#038;h=180&#038;ssl=1\" srcset=\"https:\/\/i0.wp.com\/eltrabajo.cl\/portal\/wp-content\/uploads\/2014\/10\/zafrada-con-familia.jpg?w=529&amp;ssl=1 529w, https:\/\/i0.wp.com\/eltrabajo.cl\/portal\/wp-content\/uploads\/2014\/10\/zafrada-con-familia.jpg?resize=157%2C150&amp;ssl=1 157w, https:\/\/i0.wp.com\/eltrabajo.cl\/portal\/wp-content\/uploads\/2014\/10\/zafrada-con-familia.jpg?resize=300%2C285&amp;ssl=1 300w, https:\/\/i0.wp.com\/eltrabajo.cl\/portal\/wp-content\/uploads\/2014\/10\/zafrada-con-familia.jpg?resize=150%2C142&amp;ssl=1 150w, https:\/\/i0.wp.com\/eltrabajo.cl\/portal\/wp-content\/uploads\/2014\/10\/zafrada-con-familia.jpg?resize=400%2C381&amp;ssl=1 400w\" width=\"189\" height=\"180\" loading=\"lazy\" data-original-width=\"189\" data-original-height=\"180\" itemprop=\"http:\/\/schema.org\/image\" title=\"zafrada con familia\" alt=\"Los acusados a la espera de la resoluci\u00f3n del tribunal de Garant\u00eda.\" style=\"width: 189px; height: 180px;\" \/> <\/a> <div class=\"tiled-gallery-caption\" itemprop=\"caption description\"> Los acusados a la espera de la resoluci\u00f3n del tribunal de Garant\u00eda. <\/div> <\/div> <\/div> <!-- close group --> <div class=\"gallery-group images-1\" style=\"width: 175px; height: 184px;\" data-original-width=\"175\" data-original-height=\"184\" > <div class=\"tiled-gallery-item tiled-gallery-item-small\" itemprop=\"associatedMedia\" itemscope itemtype=\"http:\/\/schema.org\/ImageObject\"> <a href=\"https:\/\/eltrabajo.cl\/portal\/sospechosos-de-asesinar-al-dedos-cortos-se-entregaron-a-la-pdi\/safrada-saliendo-del-tribunal\/\" border=\"0\" itemprop=\"url\"> <meta itemprop=\"width\" content=\"171\"> <meta itemprop=\"height\" content=\"180\"> <img decoding=\"async\" class=\"\" data-attachment-id=\"52405\" data-orig-file=\"https:\/\/eltrabajo.cl\/portal\/wp-content\/uploads\/2014\/10\/safrada-saliendo-del-tribunal.jpg\" data-orig-size=\"529,555\" data-comments-opened=\"1\" data-image-meta=\"{&quot;aperture&quot;:&quot;0&quot;,&quot;credit&quot;:&quot;&quot;,&quot;camera&quot;:&quot;&quot;,&quot;caption&quot;:&quot;&quot;,&quot;created_timestamp&quot;:&quot;0&quot;,&quot;copyright&quot;:&quot;&quot;,&quot;focal_length&quot;:&quot;0&quot;,&quot;iso&quot;:&quot;0&quot;,&quot;shutter_speed&quot;:&quot;0&quot;,&quot;title&quot;:&quot;&quot;,&quot;orientation&quot;:&quot;0&quot;}\" data-image-title=\"safrada saliendo del tribunal\" data-image-description=\"&lt;p&gt;Luego de la audiencia, los imputados celebraron su libertad abandonando el Tribunal de Garant\u00eda entre l\u00e1grimas y abrazos por la decisi\u00f3n del Juez Leopoldo Soto.&lt;\/p&gt; \" data-medium-file=\"https:\/\/i0.wp.com\/eltrabajo.cl\/portal\/wp-content\/uploads\/2014\/10\/safrada-saliendo-del-tribunal.jpg?fit=285%2C300&#038;ssl=1\" data-large-file=\"https:\/\/i0.wp.com\/eltrabajo.cl\/portal\/wp-content\/uploads\/2014\/10\/safrada-saliendo-del-tribunal.jpg?fit=529%2C555&#038;ssl=1\" src=\"https:\/\/i0.wp.com\/eltrabajo.cl\/portal\/wp-content\/uploads\/2014\/10\/safrada-saliendo-del-tribunal.jpg?w=171&#038;h=180&#038;ssl=1\" srcset=\"https:\/\/i0.wp.com\/eltrabajo.cl\/portal\/wp-content\/uploads\/2014\/10\/safrada-saliendo-del-tribunal.jpg?w=529&amp;ssl=1 529w, https:\/\/i0.wp.com\/eltrabajo.cl\/portal\/wp-content\/uploads\/2014\/10\/safrada-saliendo-del-tribunal.jpg?resize=142%2C150&amp;ssl=1 142w, https:\/\/i0.wp.com\/eltrabajo.cl\/portal\/wp-content\/uploads\/2014\/10\/safrada-saliendo-del-tribunal.jpg?resize=285%2C300&amp;ssl=1 285w, https:\/\/i0.wp.com\/eltrabajo.cl\/portal\/wp-content\/uploads\/2014\/10\/safrada-saliendo-del-tribunal.jpg?resize=400%2C419&amp;ssl=1 400w\" width=\"171\" height=\"180\" loading=\"lazy\" data-original-width=\"171\" data-original-height=\"180\" itemprop=\"http:\/\/schema.org\/image\" title=\"safrada saliendo del tribunal\" alt=\"Luego de la audiencia, los imputados celebraron su libertad abandonando el Tribunal de Garant\u00eda entre l\u00e1grimas y abrazos por la decisi\u00f3n del Juez Leopoldo Soto.\" style=\"width: 171px; height: 180px;\" \/> <\/a> <div class=\"tiled-gallery-caption\" itemprop=\"caption description\"> Luego de la audiencia, los imputados celebraron su libertad abandonando el Tribunal de Garant\u00eda entre l\u00e1grimas y abrazos por la decisi\u00f3n del Juez Leopoldo Soto. <\/div> <\/div> <\/div> <!-- close group --> <div class=\"gallery-group images-1\" style=\"width: 132px; height: 184px;\" data-original-width=\"132\" data-original-height=\"184\" > <div class=\"tiled-gallery-item tiled-gallery-item-small\" itemprop=\"associatedMedia\" itemscope itemtype=\"http:\/\/schema.org\/ImageObject\"> <a href=\"https:\/\/eltrabajo.cl\/portal\/sospechosos-de-asesinar-al-dedos-cortos-se-entregaron-a-la-pdi\/tuto1\/\" border=\"0\" itemprop=\"url\"> <meta itemprop=\"width\" content=\"128\"> <meta itemprop=\"height\" content=\"180\"> <img decoding=\"async\" class=\"\" data-attachment-id=\"52406\" data-orig-file=\"https:\/\/eltrabajo.cl\/portal\/wp-content\/uploads\/2014\/10\/tuto1.jpg\" data-orig-size=\"529,746\" data-comments-opened=\"1\" data-image-meta=\"{&quot;aperture&quot;:&quot;0&quot;,&quot;credit&quot;:&quot;&quot;,&quot;camera&quot;:&quot;&quot;,&quot;caption&quot;:&quot;&quot;,&quot;created_timestamp&quot;:&quot;0&quot;,&quot;copyright&quot;:&quot;&quot;,&quot;focal_length&quot;:&quot;0&quot;,&quot;iso&quot;:&quot;0&quot;,&quot;shutter_speed&quot;:&quot;0&quot;,&quot;title&quot;:&quot;&quot;,&quot;orientation&quot;:&quot;0&quot;}\" data-image-title=\"tuto1\" data-image-description=\"&lt;p&gt;M.N.D.O. de 17 a\u00f1os de edad apodado \u00abEl Care Tuto\u00bb.&lt;\/p&gt; \" data-medium-file=\"https:\/\/i0.wp.com\/eltrabajo.cl\/portal\/wp-content\/uploads\/2014\/10\/tuto1.jpg?fit=212%2C300&#038;ssl=1\" data-large-file=\"https:\/\/i0.wp.com\/eltrabajo.cl\/portal\/wp-content\/uploads\/2014\/10\/tuto1.jpg?fit=529%2C746&#038;ssl=1\" src=\"https:\/\/i0.wp.com\/eltrabajo.cl\/portal\/wp-content\/uploads\/2014\/10\/tuto1.jpg?w=128&#038;h=180&#038;ssl=1\" srcset=\"https:\/\/i0.wp.com\/eltrabajo.cl\/portal\/wp-content\/uploads\/2014\/10\/tuto1.jpg?w=529&amp;ssl=1 529w, https:\/\/i0.wp.com\/eltrabajo.cl\/portal\/wp-content\/uploads\/2014\/10\/tuto1.jpg?resize=106%2C150&amp;ssl=1 106w, https:\/\/i0.wp.com\/eltrabajo.cl\/portal\/wp-content\/uploads\/2014\/10\/tuto1.jpg?resize=212%2C300&amp;ssl=1 212w, https:\/\/i0.wp.com\/eltrabajo.cl\/portal\/wp-content\/uploads\/2014\/10\/tuto1.jpg?resize=400%2C564&amp;ssl=1 400w\" width=\"128\" height=\"180\" loading=\"lazy\" data-original-width=\"128\" data-original-height=\"180\" itemprop=\"http:\/\/schema.org\/image\" title=\"tuto1\" alt=\"M.N.D.O. de 17 a\u00f1os de edad apodado &quot;El Care Tuto&quot;.\" style=\"width: 128px; height: 180px;\" \/> <\/a> <div class=\"tiled-gallery-caption\" itemprop=\"caption description\"> M.N.D.O. de 17 a\u00f1os de edad apodado \u00abEl Care Tuto\u00bb. <\/div> <\/div> <\/div> <!-- close group --> <div class=\"gallery-group images-1\" style=\"width: 140px; height: 184px;\" data-original-width=\"140\" data-original-height=\"184\" > <div class=\"tiled-gallery-item tiled-gallery-item-small\" itemprop=\"associatedMedia\" itemscope itemtype=\"http:\/\/schema.org\/ImageObject\"> <a href=\"https:\/\/eltrabajo.cl\/portal\/sospechosos-de-asesinar-al-dedos-cortos-se-entregaron-a-la-pdi\/fiscal-basso-11\/\" border=\"0\" itemprop=\"url\"> <meta itemprop=\"width\" content=\"136\"> <meta itemprop=\"height\" content=\"180\"> <img decoding=\"async\" class=\"\" data-attachment-id=\"52404\" data-orig-file=\"https:\/\/eltrabajo.cl\/portal\/wp-content\/uploads\/2014\/10\/Fiscal-Basso1.jpg\" data-orig-size=\"529,701\" data-comments-opened=\"1\" data-image-meta=\"{&quot;aperture&quot;:&quot;0&quot;,&quot;credit&quot;:&quot;&quot;,&quot;camera&quot;:&quot;&quot;,&quot;caption&quot;:&quot;&quot;,&quot;created_timestamp&quot;:&quot;0&quot;,&quot;copyright&quot;:&quot;&quot;,&quot;focal_length&quot;:&quot;0&quot;,&quot;iso&quot;:&quot;0&quot;,&quot;shutter_speed&quot;:&quot;0&quot;,&quot;title&quot;:&quot;&quot;,&quot;orientation&quot;:&quot;0&quot;}\" data-image-title=\"Fiscal Basso\" data-image-description=\"&lt;p&gt;Fiscal Osvaldo Basso. &lt;\/p&gt; \" data-medium-file=\"https:\/\/i0.wp.com\/eltrabajo.cl\/portal\/wp-content\/uploads\/2014\/10\/Fiscal-Basso1.jpg?fit=226%2C300&#038;ssl=1\" data-large-file=\"https:\/\/i0.wp.com\/eltrabajo.cl\/portal\/wp-content\/uploads\/2014\/10\/Fiscal-Basso1.jpg?fit=529%2C701&#038;ssl=1\" src=\"https:\/\/i0.wp.com\/eltrabajo.cl\/portal\/wp-content\/uploads\/2014\/10\/Fiscal-Basso1.jpg?w=136&#038;h=180&#038;ssl=1\" srcset=\"https:\/\/i0.wp.com\/eltrabajo.cl\/portal\/wp-content\/uploads\/2014\/10\/Fiscal-Basso1.jpg?w=529&amp;ssl=1 529w, https:\/\/i0.wp.com\/eltrabajo.cl\/portal\/wp-content\/uploads\/2014\/10\/Fiscal-Basso1.jpg?resize=113%2C150&amp;ssl=1 113w, https:\/\/i0.wp.com\/eltrabajo.cl\/portal\/wp-content\/uploads\/2014\/10\/Fiscal-Basso1.jpg?resize=226%2C300&amp;ssl=1 226w, https:\/\/i0.wp.com\/eltrabajo.cl\/portal\/wp-content\/uploads\/2014\/10\/Fiscal-Basso1.jpg?resize=400%2C530&amp;ssl=1 400w\" width=\"136\" height=\"180\" loading=\"lazy\" data-original-width=\"136\" data-original-height=\"180\" itemprop=\"http:\/\/schema.org\/image\" title=\"Fiscal Basso\" alt=\"Fiscal Osvaldo Basso.\" style=\"width: 136px; height: 180px;\" \/> <\/a> <div class=\"tiled-gallery-caption\" itemprop=\"caption description\"> Fiscal Osvaldo Basso. <\/div> <\/div> <\/div> <!-- close group --> <\/div> <!-- close row --> <\/div>\n","protected":false},"excerpt":{"rendered":"<p>Pasadas las 17:00 horas del martes, dos adolescentes de 16 y 17 a\u00f1os, apodados \u2018El Zafrada\u2019 y \u2018Caretuto\u2019, concurrieron acompa\u00f1ados de sus familiares a entregarse voluntariamente hasta la unidad de la Polic\u00eda&#8230;<\/p>\n","protected":false},"author":482,"featured_media":52402,"comment_status":"open","ping_status":"closed","sticky":false,"template":"","format":"standard","meta":{"advanced_seo_description":"","jetpack_seo_html_title":"","jetpack_seo_noindex":false,"_jetpack_memberships_contains_paid_content":false,"footnotes":""},"categories":[21],"tags":[],"class_list":["post-52401","post","type-post","status-publish","format-standard","has-post-thumbnail","hentry","category-policial"],"jetpack_featured_media_url":"https:\/\/i0.wp.com\/eltrabajo.cl\/portal\/wp-content\/uploads\/2014\/10\/zafrada-1.jpg?fit=529%2C392&ssl=1","jetpack_sharing_enabled":true,"jetpack_likes_enabled":true,"jetpack-related-posts":[],"_links":{"self":[{"href":"https:\/\/eltrabajo.cl\/portal\/wp-json\/wp\/v2\/posts\/52401","targetHints":{"allow":["GET"]}}],"collection":[{"href":"https:\/\/eltrabajo.cl\/portal\/wp-json\/wp\/v2\/posts"}],"about":[{"href":"https:\/\/eltrabajo.cl\/portal\/wp-json\/wp\/v2\/types\/post"}],"author":[{"embeddable":true,"href":"https:\/\/eltrabajo.cl\/portal\/wp-json\/wp\/v2\/users\/482"}],"replies":[{"embeddable":true,"href":"https:\/\/eltrabajo.cl\/portal\/wp-json\/wp\/v2\/comments?post=52401"}],"version-history":[{"count":0,"href":"https:\/\/eltrabajo.cl\/portal\/wp-json\/wp\/v2\/posts\/52401\/revisions"}],"wp:featuredmedia":[{"embeddable":true,"href":"https:\/\/eltrabajo.cl\/portal\/wp-json\/wp\/v2\/media\/52402"}],"wp:attachment":[{"href":"https:\/\/eltrabajo.cl\/portal\/wp-json\/wp\/v2\/media?parent=52401"}],"wp:term":[{"taxonomy":"category","embeddable":true,"href":"https:\/\/eltrabajo.cl\/portal\/wp-json\/wp\/v2\/categories?post=52401"},{"taxonomy":"post_tag","embeddable":true,"href":"https:\/\/eltrabajo.cl\/portal\/wp-json\/wp\/v2\/tags?post=52401"}],"curies":[{"name":"wp","href":"https:\/\/api.w.org\/{rel}","templated":true}]}}