{"id":52417,"date":"2014-10-17T09:22:11","date_gmt":"2014-10-17T12:22:11","guid":{"rendered":"http:\/\/www.eltrabajo.cl\/portal\/?p=52417"},"modified":"2014-10-17T09:22:11","modified_gmt":"2014-10-17T12:22:11","slug":"nuevo-bici-tour-pedaleara-por-la-historia-de-la-escuela-agricola","status":"publish","type":"post","link":"https:\/\/eltrabajo.cl\/portal\/nuevo-bici-tour-pedaleara-por-la-historia-de-la-escuela-agricola\/","title":{"rendered":"Nuevo bici-tour pedalear\u00e1 por la historia de la Escuela Agr\u00edcola"},"content":{"rendered":"<figure id=\"attachment_52418\" aria-describedby=\"caption-attachment-52418\" style=\"width: 529px\" class=\"wp-caption alignnone\"><a href=\"https:\/\/i0.wp.com\/www.eltrabajo.cl\/portal\/wp-content\/uploads\/2014\/10\/Bici34.jpg\"><img data-recalc-dims=\"1\" loading=\"lazy\" decoding=\"async\" class=\"size-full wp-image-52418\" src=\"https:\/\/i0.wp.com\/www.eltrabajo.cl\/portal\/wp-content\/uploads\/2014\/10\/Bici34.jpg?resize=529%2C401\" alt=\"Para este domingo 19 de octubre, a las 10:00 horas, est\u00e1 contemplada la realizaci\u00f3n de un nuevo Bici-tour Patrimonial, el que esta vez recorrer\u00e1 la historia e instalaciones de la Escuela Agr\u00edcola de San Felipe. (Archivo)\" width=\"529\" height=\"401\" srcset=\"https:\/\/i0.wp.com\/eltrabajo.cl\/portal\/wp-content\/uploads\/2014\/10\/Bici34.jpg?w=529&amp;ssl=1 529w, https:\/\/i0.wp.com\/eltrabajo.cl\/portal\/wp-content\/uploads\/2014\/10\/Bici34.jpg?resize=197%2C150&amp;ssl=1 197w, https:\/\/i0.wp.com\/eltrabajo.cl\/portal\/wp-content\/uploads\/2014\/10\/Bici34.jpg?resize=300%2C227&amp;ssl=1 300w, https:\/\/i0.wp.com\/eltrabajo.cl\/portal\/wp-content\/uploads\/2014\/10\/Bici34.jpg?resize=150%2C113&amp;ssl=1 150w, https:\/\/i0.wp.com\/eltrabajo.cl\/portal\/wp-content\/uploads\/2014\/10\/Bici34.jpg?resize=400%2C303&amp;ssl=1 400w\" sizes=\"auto, (max-width: 529px) 100vw, 529px\" \/><\/a><figcaption id=\"caption-attachment-52418\" class=\"wp-caption-text\">Para este domingo 19 de octubre, a las 10:00 horas, est\u00e1 contemplada la realizaci\u00f3n de un nuevo Bici-tour Patrimonial, el que esta vez recorrer\u00e1 la historia e instalaciones de la Escuela Agr\u00edcola de San Felipe. (Archivo)<\/figcaption><\/figure>\n<p>Para este domingo 19 de octubre, a las 10:00 horas, est\u00e1 contemplada la realizaci\u00f3n de un nuevo Bici-tour Patrimonial, el que esta vez recorrer\u00e1 la historia e instalaciones de la Escuela Agr\u00edcola de San Felipe. La informaci\u00f3n la entreg\u00f3 el encargado de Cultura y Patrimonio de la Municipalidad de San Felipe, Manuel Z\u00fa\u00f1iga, quien acompa\u00f1ado del Director de la Escuela Agr\u00edcola Carlos Dasso y representantes de la Agrupaci\u00f3n Voluntarios por el Patrimonio, dieron a conocer detalles de esta actividad, donde se espera convocar a una gran cantidad de pedaleros.<br \/>\n\u201cEsta actividad va a partir desde Alameda Chacabuco 178, donde est\u00e1 el Departamento de Cultura, iniciando el camino por calle Salinas, para recordar la figura de Pedro Aguirre Cerda y luego dirigirnos a la Escuela Agr\u00edcola, que podremos recorrer en extenso y conocer su historia y aporte al desarrollo de la educaci\u00f3n en el valle de Aconcagua y el pa\u00eds\u201d, se\u00f1al\u00f3 Z\u00fa\u00f1iga.<br \/>\nEn tanto, el director del establecimiento, Carlos Dasso, valor\u00f3 la iniciativa municipal orientada a rescatar el patrimonio educacional de San Felipe, en la medida que sus autoridades comunales reconocen el prestigio, la historia y el aporte que ha realizado la Escuela Agr\u00edcola.<br \/>\n\u201cNosotros somos los anfitriones. Me parece muy importante que las autoridades se preocupen de fomentar el conocimiento de lo que tenemos en nuestra zona, donde en el \u00e1rea del patrimonio educacional, se encuentra la Escuela Agr\u00edcola de San Felipe, que es una de las m\u00e1s antiguas de todo Chile. La gente podr\u00e1 recorrer nuestra escuela, tenemos un campo muy bonito, e instalaciones que a los visitantes har\u00e1 sentir orgulloso de tener una escuela como esta\u201d, se\u00f1al\u00f3 Carlos Dasso.<br \/>\nLa invitaci\u00f3n entonces es abierta a la comunidad, para que participe de esta iniciativa que impulsa el Departamento de Cultura de la Municipalidad de San Felipe, con el apoyo en este caso de la Escuela Agr\u00edcola que abre sus puertas para que el p\u00fablico pueda recorrer y conocer su historia, as\u00ed como de entidades como la Agrupaci\u00f3n de Voluntarios por el Patrimonio.<\/p>\n","protected":false},"excerpt":{"rendered":"<p>Para este domingo 19 de octubre, a las 10:00 horas, est\u00e1 contemplada la realizaci\u00f3n de un nuevo Bici-tour Patrimonial, el que esta vez recorrer\u00e1 la historia e instalaciones de la Escuela Agr\u00edcola&#8230;<\/p>\n","protected":false},"author":482,"featured_media":52418,"comment_status":"open","ping_status":"closed","sticky":false,"template":"","format":"standard","meta":{"advanced_seo_description":"","jetpack_seo_html_title":"","jetpack_seo_noindex":false,"_jetpack_memberships_contains_paid_content":false,"footnotes":""},"categories":[15],"tags":[],"class_list":["post-52417","post","type-post","status-publish","format-standard","has-post-thumbnail","hentry","category-comunidad"],"jetpack_featured_media_url":"https:\/\/i0.wp.com\/eltrabajo.cl\/portal\/wp-content\/uploads\/2014\/10\/Bici34.jpg?fit=529%2C401&ssl=1","jetpack_sharing_enabled":true,"jetpack_likes_enabled":true,"jetpack-related-posts":[],"_links":{"self":[{"href":"https:\/\/eltrabajo.cl\/portal\/wp-json\/wp\/v2\/posts\/52417","targetHints":{"allow":["GET"]}}],"collection":[{"href":"https:\/\/eltrabajo.cl\/portal\/wp-json\/wp\/v2\/posts"}],"about":[{"href":"https:\/\/eltrabajo.cl\/portal\/wp-json\/wp\/v2\/types\/post"}],"author":[{"embeddable":true,"href":"https:\/\/eltrabajo.cl\/portal\/wp-json\/wp\/v2\/users\/482"}],"replies":[{"embeddable":true,"href":"https:\/\/eltrabajo.cl\/portal\/wp-json\/wp\/v2\/comments?post=52417"}],"version-history":[{"count":0,"href":"https:\/\/eltrabajo.cl\/portal\/wp-json\/wp\/v2\/posts\/52417\/revisions"}],"wp:featuredmedia":[{"embeddable":true,"href":"https:\/\/eltrabajo.cl\/portal\/wp-json\/wp\/v2\/media\/52418"}],"wp:attachment":[{"href":"https:\/\/eltrabajo.cl\/portal\/wp-json\/wp\/v2\/media?parent=52417"}],"wp:term":[{"taxonomy":"category","embeddable":true,"href":"https:\/\/eltrabajo.cl\/portal\/wp-json\/wp\/v2\/categories?post=52417"},{"taxonomy":"post_tag","embeddable":true,"href":"https:\/\/eltrabajo.cl\/portal\/wp-json\/wp\/v2\/tags?post=52417"}],"curies":[{"name":"wp","href":"https:\/\/api.w.org\/{rel}","templated":true}]}}