{"id":52442,"date":"2014-10-17T09:37:31","date_gmt":"2014-10-17T12:37:31","guid":{"rendered":"http:\/\/www.eltrabajo.cl\/portal\/?p=52442"},"modified":"2014-10-17T09:37:31","modified_gmt":"2014-10-17T12:37:31","slug":"arrestan-de-nuevo-a-el-kalule-por-asaltar-transeuntes","status":"publish","type":"post","link":"https:\/\/eltrabajo.cl\/portal\/arrestan-de-nuevo-a-el-kalule-por-asaltar-transeuntes\/","title":{"rendered":"Arrestan de nuevo a \u2018El Kalule\u2019 por asaltar transe\u00fantes"},"content":{"rendered":"<figure id=\"attachment_52443\" aria-describedby=\"caption-attachment-52443\" style=\"width: 300px\" class=\"wp-caption alignleft\"><a href=\"https:\/\/i0.wp.com\/www.eltrabajo.cl\/portal\/wp-content\/uploads\/2014\/10\/Kalule1.jpg\"><img data-recalc-dims=\"1\" loading=\"lazy\" decoding=\"async\" class=\"wp-image-52443 size-medium\" src=\"https:\/\/i0.wp.com\/www.eltrabajo.cl\/portal\/wp-content\/uploads\/2014\/10\/Kalule1-300x241.jpg?resize=300%2C241\" alt=\"El archiconocido delincuente habitual apodado \u2018El Kalule\u2019, fue nuevamente detenido por Carabineros al ser sorprendido infraganti tratando de asaltar peatones intimid\u00e1ndolos con un cuchillo cocinero.\" width=\"300\" height=\"241\" srcset=\"https:\/\/i0.wp.com\/eltrabajo.cl\/portal\/wp-content\/uploads\/2014\/10\/Kalule1.jpg?resize=300%2C241&amp;ssl=1 300w, https:\/\/i0.wp.com\/eltrabajo.cl\/portal\/wp-content\/uploads\/2014\/10\/Kalule1.jpg?resize=186%2C150&amp;ssl=1 186w, https:\/\/i0.wp.com\/eltrabajo.cl\/portal\/wp-content\/uploads\/2014\/10\/Kalule1.jpg?resize=150%2C120&amp;ssl=1 150w, https:\/\/i0.wp.com\/eltrabajo.cl\/portal\/wp-content\/uploads\/2014\/10\/Kalule1.jpg?resize=400%2C321&amp;ssl=1 400w, https:\/\/i0.wp.com\/eltrabajo.cl\/portal\/wp-content\/uploads\/2014\/10\/Kalule1.jpg?w=529&amp;ssl=1 529w\" sizes=\"auto, (max-width: 300px) 100vw, 300px\" \/><\/a><figcaption id=\"caption-attachment-52443\" class=\"wp-caption-text\">El archiconocido delincuente habitual apodado \u2018El Kalule\u2019, fue nuevamente detenido por Carabineros al ser sorprendido infraganti tratando de asaltar peatones intimid\u00e1ndolos con un cuchillo cocinero.<\/figcaption><\/figure>\n<p><strong>LOS ANDES.<\/strong>&#8211; El archiconocido delincuente habitual apodado \u2018El Kalule\u2019, fue nuevamente detenido por Carabineros al ser sorprendido infraganti tratando de asaltar peatones intimid\u00e1ndolos con un cuchillo cocinero. La detenci\u00f3n de Carlos Sebasti\u00e1n Gonz\u00e1lez Gonz\u00e1lez (23), se produjo cerca del mediod\u00eda luego que personal del Cuadrante 2 fue alertado que en el sector de Villa Los Copihues, un sujeto de contextura delgada y tez morena se encontraba amenazando peatones con un arma blanca.<br \/>\nDe inmediato personal policial se dirigi\u00f3 al lugar sorprendiendo in fraganti a \u2018El Kalule\u2019 portando un cuchillo cocinero de grandes dimensiones. El antisocial trat\u00f3 de darse a la fuga, pero fue detenido en el acto por el personal policial, incautando tambi\u00e9n el arma blanca. Luego de ser puesto a disposici\u00f3n del Tribunal de Garant\u00eda, el Fiscal Alberto Gertosio lo requiri\u00f3 en Procedimiento Simplificado por el delito de Porte ilegal de arma blanca, fij\u00e1ndose una nueva audiencia donde se le consultar\u00e1 si acepta o no su responsabilidad en el hecho.<\/p>\n","protected":false},"excerpt":{"rendered":"<p>LOS ANDES.&#8211; El archiconocido delincuente habitual apodado \u2018El Kalule\u2019, fue nuevamente detenido por Carabineros al ser sorprendido infraganti tratando de asaltar peatones intimid\u00e1ndolos con un cuchillo cocinero. La detenci\u00f3n de Carlos Sebasti\u00e1n&#8230;<\/p>\n","protected":false},"author":482,"featured_media":52443,"comment_status":"open","ping_status":"closed","sticky":false,"template":"","format":"standard","meta":{"advanced_seo_description":"","jetpack_seo_html_title":"","jetpack_seo_noindex":false,"_jetpack_memberships_contains_paid_content":false,"footnotes":""},"categories":[21],"tags":[],"class_list":["post-52442","post","type-post","status-publish","format-standard","has-post-thumbnail","hentry","category-policial"],"jetpack_featured_media_url":"https:\/\/i0.wp.com\/eltrabajo.cl\/portal\/wp-content\/uploads\/2014\/10\/Kalule1.jpg?fit=529%2C425&ssl=1","jetpack_sharing_enabled":true,"jetpack_likes_enabled":true,"jetpack-related-posts":[],"_links":{"self":[{"href":"https:\/\/eltrabajo.cl\/portal\/wp-json\/wp\/v2\/posts\/52442","targetHints":{"allow":["GET"]}}],"collection":[{"href":"https:\/\/eltrabajo.cl\/portal\/wp-json\/wp\/v2\/posts"}],"about":[{"href":"https:\/\/eltrabajo.cl\/portal\/wp-json\/wp\/v2\/types\/post"}],"author":[{"embeddable":true,"href":"https:\/\/eltrabajo.cl\/portal\/wp-json\/wp\/v2\/users\/482"}],"replies":[{"embeddable":true,"href":"https:\/\/eltrabajo.cl\/portal\/wp-json\/wp\/v2\/comments?post=52442"}],"version-history":[{"count":0,"href":"https:\/\/eltrabajo.cl\/portal\/wp-json\/wp\/v2\/posts\/52442\/revisions"}],"wp:featuredmedia":[{"embeddable":true,"href":"https:\/\/eltrabajo.cl\/portal\/wp-json\/wp\/v2\/media\/52443"}],"wp:attachment":[{"href":"https:\/\/eltrabajo.cl\/portal\/wp-json\/wp\/v2\/media?parent=52442"}],"wp:term":[{"taxonomy":"category","embeddable":true,"href":"https:\/\/eltrabajo.cl\/portal\/wp-json\/wp\/v2\/categories?post=52442"},{"taxonomy":"post_tag","embeddable":true,"href":"https:\/\/eltrabajo.cl\/portal\/wp-json\/wp\/v2\/tags?post=52442"}],"curies":[{"name":"wp","href":"https:\/\/api.w.org\/{rel}","templated":true}]}}