{"id":52445,"date":"2014-10-17T09:41:54","date_gmt":"2014-10-17T12:41:54","guid":{"rendered":"http:\/\/www.eltrabajo.cl\/portal\/?p=52445"},"modified":"2014-10-17T09:41:54","modified_gmt":"2014-10-17T12:41:54","slug":"luis-chacon-paredes-victima-de-el-pancho-a-diario-el-trabajo-cuando-me-encanono-me-dije-si-me-dispara-hasta-aqui-no-mas-llego","status":"publish","type":"post","link":"https:\/\/eltrabajo.cl\/portal\/luis-chacon-paredes-victima-de-el-pancho-a-diario-el-trabajo-cuando-me-encanono-me-dije-si-me-dispara-hasta-aqui-no-mas-llego\/","title":{"rendered":"Luis Chac\u00f3n Paredes, v\u00edctima de \u2018El Pancho\u2019 a Diario El Trabajo:\u00a0\u00abCuando me enca\u00f1on\u00f3, me dije: Si me dispara hasta aqu\u00ed no m\u00e1s llego\u00bb"},"content":{"rendered":"<figure id=\"attachment_52446\" aria-describedby=\"caption-attachment-52446\" style=\"width: 400px\" class=\"wp-caption alignleft\"><a href=\"https:\/\/i0.wp.com\/www.eltrabajo.cl\/portal\/wp-content\/uploads\/2014\/10\/Bate-madera.jpg\"><img data-recalc-dims=\"1\" loading=\"lazy\" decoding=\"async\" class=\"wp-image-52446\" src=\"https:\/\/i0.wp.com\/www.eltrabajo.cl\/portal\/wp-content\/uploads\/2014\/10\/Bate-madera.jpg?resize=400%2C304\" alt=\"VALIENTE.- Luis Chac\u00f3n sigue trabajando como chofer de colectivos de la L\u00ednea 1 en San Felipe, utilizando el mismo bate de madera que utiliz\u00f3 para enfrentar al \u2018Pancho\u2019 que lo apuntaba con un revolver para asaltarlo.\" width=\"400\" height=\"304\" srcset=\"https:\/\/i0.wp.com\/eltrabajo.cl\/portal\/wp-content\/uploads\/2014\/10\/Bate-madera.jpg?w=528&amp;ssl=1 528w, https:\/\/i0.wp.com\/eltrabajo.cl\/portal\/wp-content\/uploads\/2014\/10\/Bate-madera.jpg?resize=197%2C150&amp;ssl=1 197w, https:\/\/i0.wp.com\/eltrabajo.cl\/portal\/wp-content\/uploads\/2014\/10\/Bate-madera.jpg?resize=300%2C227&amp;ssl=1 300w, https:\/\/i0.wp.com\/eltrabajo.cl\/portal\/wp-content\/uploads\/2014\/10\/Bate-madera.jpg?resize=150%2C113&amp;ssl=1 150w, https:\/\/i0.wp.com\/eltrabajo.cl\/portal\/wp-content\/uploads\/2014\/10\/Bate-madera.jpg?resize=400%2C303&amp;ssl=1 400w\" sizes=\"auto, (max-width: 400px) 100vw, 400px\" \/><\/a><figcaption id=\"caption-attachment-52446\" class=\"wp-caption-text\">VALIENTE.- Luis Chac\u00f3n sigue trabajando como chofer de colectivos de la L\u00ednea 1 en San Felipe, utilizando el mismo bate de madera que utiliz\u00f3 para enfrentar al \u2018Pancho\u2019 que lo apuntaba con un revolver para asaltarlo.<\/figcaption><\/figure>\n<p>Hace dos a\u00f1os y medio Luis Chac\u00f3n Paredes reuni\u00f3 todos su ahorros con mucho esfuerzo para comprarse un autom\u00f3vil con el fin de trabajar como chofer de colectivo en la l\u00ednea 1 de la comuna de San Felipe, luego de desempe\u00f1arse por 38 a\u00f1os como conductor de pesadas maquinarias en el rubro de la miner\u00eda en el norte del pa\u00eds.<br \/>\nEl 24 de diciembre de 2013 es una fecha que nunca olvidar\u00e1 Luis, tras vivir un violento episodio cuando fue v\u00edctima de un asalto protagonizado por Francisco Ru\u00edz Luengo, quien se dedic\u00f3 por mucho tiempo a robar a mano armada en las arterias de Villa 250 A\u00f1os, donde los afectados testificaron en dos juicios orales cuyas condenas han alcanzado los 26 a\u00f1os de c\u00e1rcel, quedando a\u00fan cinco causas vigentes que persigue la Fiscal\u00eda de San Felipe para elevar su sentencia.<\/p>\n<p><strong>LA ENTREVISTA<\/strong><br \/>\nLuis nos abre las puertas de su casa en Villa El Totoral, para relatarnos en primera persona su experiencia cuando enfrent\u00f3 a un desconocido hasta ese entonces, que lo enca\u00f1on\u00f3 con un rev\u00f3lver para arrebatarle su dinero, defendi\u00e9ndose \u00e9ste con un bate de madera, mismo que a\u00fan sigue utilizando durante sus recorridos por las calles sanfelipe\u00f1as, para escudarse de alg\u00fan otro malhechor que pretenda asaltarlo.<br \/>\n<strong>&#8211; \u00bfC\u00f3mo ocurrieron los hechos aquel d\u00eda?<\/strong><br \/>\n&#8211; \u00abYo fui a dejar un pasajero all\u00e1 adentro y en la salida apareci\u00f3 este muchacho en la esquina de Cabrini por calle Dardignac, estaba escondido detr\u00e1s de la casa y yo ven\u00eda saliendo sin pasajeros; apareci\u00f3 en la esquina y me dijo que si lo pod\u00eda llevar a El Se\u00f1orial. Le dije que no porque era el d\u00eda de Pascua, cerca de las 21:00 horas, pero le ofrec\u00ed llevarlo hasta el centro. \u00c9l cruz\u00f3 por delante del auto, abri\u00f3 la puerta (del copiloto) y se sent\u00f3; me apunt\u00f3 con la pistola y yo le dije: \u2018\u00bfesto es un chiste?\u2019, me dijo: \u2018entr\u00e9game la plata\u2019 y empez\u00f3 a manosear el monedero. Yo abro la puerta y tomo el bate para ir a pegarle por el otro lado y ah\u00ed empec\u00e9 a seguirlo\u00bb.<br \/>\nPara bien de este chofer de colectivos, un vecino del sector observaba lo sucedido, entonces decidi\u00f3 tomar su c\u00e1mara y filmar en primera fila espec\u00edficamente este asalto en particular de muchos que se comet\u00edan en esa arteria que conduce a Villa 250 A\u00f1os de San Felipe, convirti\u00e9ndose en un registro audiovisual muy importante como prueba para el Ministerio P\u00fablico que demostr\u00f3 en parte, la ferocidad y sangre fr\u00eda con la que actuaba Francisco Ru\u00edz Luengo para realizar sus fechor\u00edas a diestra y siniestra, causando temor en la ciudadan\u00eda.<br \/>\n<strong>&#8211; \u00bfUsted utiliz\u00f3 un bate de madera para defenderse?<\/strong><br \/>\n&#8211; \u00abMe quebr\u00f3 el parabrisas de unos culatazos, despu\u00e9s desde la misma puerta tir\u00f3 dos balazos, yo lo segu\u00eda con el bate para que no hiciera m\u00e1s da\u00f1o y me respond\u00eda: \u2018te voy a matar\u2019, yo lo segu\u00ed con el bate, despu\u00e9s me tir\u00f3 unas piedras y en la \u00faltima vuelta se arranc\u00f3 y me gritaba que \u00e9l era el due\u00f1o de ah\u00ed, \u2018te voy a matar\u2019\u201d.<br \/>\nLuis Chac\u00f3n, de 60 a\u00f1os de edad, nacido en Los Andes y criado hasta su adolescencia en el sector de Chagres y tambi\u00e9n en Llay Llay, asegura que es la primera vez que un desconocido lo intimida con un arma de fuego. No obstante su coraje es parte de su personalidad y le ha permitido protegerse de otros antisociales seg\u00fan recuerda, como cuando dos sujetos lo abordaron en los momentos que abandonaba un cajero autom\u00e1tico en la comuna de Los Andes, quienes pretend\u00edan apoderarse de su dinero, pero Luis pudo reducirlos tras haberlos enfrentado simplemente a golpes. Episodio que se repiti\u00f3 con caracter\u00edsticas distintas a\u00f1os atr\u00e1s en Llay Llay, cuando cinco desconocidos lo golpearon y lo redujeron a pu\u00f1aladas en su espalda para arrebatarle las especies que portaba.<br \/>\nComo padre de cuatro hijas profesionales y abuelo de cinco nietas, Luis ama su profesi\u00f3n de chofer, por eso est\u00e1 siempre atento a que ocurra alg\u00fan acontecimiento peligroso que pueda suceder al enfrentarse a alg\u00fan delincuente disfrazado de pasajero, casos que en la actualidad han ido en aumento el n\u00famero de denuncias en Carabineros de robos y asaltos a veh\u00edculos de locomoci\u00f3n colectiva. Pero eso no es una excusa para este hombre de sentir miedo, por eso en sus ratos libres le gusta jugar a la pelota y asistir al gimnasio, levantando pesas para estar tonificado y fuerte a sus 60 a\u00f1os para seguir protegi\u00e9ndose de la delincuencia, que invade cada vez m\u00e1s la comuna de San Felipe.<br \/>\nAl repasar el video del cual fue protagonista, viralizado en nuestro sitio web www.eltrabajo.cl, nos especifica que debi\u00f3 costear m\u00e1s de $90.000 en el cambio del parabrisas y la reparaci\u00f3n de abolladuras que provoc\u00f3 su atacante al veh\u00edculo junto con perder un d\u00eda completo de poder trabajar.<br \/>\n<strong>&#8211; \u00bfSinti\u00f3 miedo cuando lo enca\u00f1onaron con el arma?<\/strong><br \/>\n&#8211; \u00abYo no tuve miedo cuando me puso la pistola este sujeto, porque me di cuenta que \u00e9l estaba angustiado, pero nunca me hab\u00eda pasado que un sujeto me estuviera apuntando con un rev\u00f3lver. Yo pens\u00e9 que s\u00ed me iba a disparar, \u00e9l deb\u00eda pensarlo dos veces, igual estaba m\u00e1s enrabiado que nervioso\u00bb.<br \/>\nDon Luis revela que nunca se imagin\u00f3 haberse enfrentado a un peligroso antisocial, quien estaba siendo intensamente buscado por las polic\u00edas, enter\u00e1ndose de todo su prontuario delictivo cuando asisti\u00f3 como v\u00edctima al juicio oral. Argumenta que pese a que \u2018El Pancho\u2019 logr\u00f3 despojarlo de algunas monedas desde el interior del colectivo, Luis se defend\u00eda utilizando el bate de madera para impedir que le robara los $250.000 que llevaba en su bolsillo para celebrar la Navidad en familia.<br \/>\n<strong>&#8211; \u00bfConsidera que se hizo justicia?<\/strong><br \/>\n&#8211; \u00abYo ahora me siento bien y tambi\u00e9n por los colegas que fueron v\u00edctimas, porque ahora no hay temor de ir para ese sector, sigo realizando recorridos. La misma gente dice que ahora ya no est\u00e1n los peligrosos por ese lado. Estoy contento porque lo atraparon, para que no siguiera haciendo da\u00f1o, se hizo justicia porque era un peligro para la sociedad. Yo no temo a seguir trabajando porque yo vivo de mi trabajo y es mi profesi\u00f3n ser chofer, no voy a dejar de trabajar\u00bb.<br \/>\nAl concluir esta entrevista, Luis Chac\u00f3n nos ense\u00f1a el mismo bate de madera que utiliz\u00f3 para retorcer los oscuros prop\u00f3sitos de su agresor Ruiz Luengo, quien minutos antes ya hab\u00eda asaltando a otro chofer de colectivos. Reflexiona que cuando transita con su veh\u00edculo por la misma calle que fue asaltado, es imposible que estos recuerdos no le refresquen su mente de aquel d\u00eda de navidad.<br \/>\n<strong>&#8211; \u00bfTemi\u00f3 en alg\u00fan momento por su vida?<\/strong><br \/>\n&#8211; \u00abFue impresionante c\u00f3mo se ve\u00eda la cara de asesino que tiene. Cuando me apunt\u00f3 con el arma me dije: \u2018si me dispara, hasta aqu\u00ed no m\u00e1s llego\u2019, pero no iba a darle la plata que andaba trayendo en mi bolsillo, igual lo vi temeroso pero igual me iba a defender con el bate, siempre me voy acordar de ese lugar\u00bb.<br \/>\nPablo Salinas Sald\u00edas<\/p>\n<div class=\"tiled-gallery type-rectangular tiled-gallery-unresized\" data-original-width=\"640\" data-carousel-extra='null' itemscope itemtype=\"http:\/\/schema.org\/ImageGallery\" > <div class=\"gallery-row\" style=\"width: 640px; height: 238px;\" data-original-width=\"640\" data-original-height=\"238\" > <div class=\"gallery-group images-1\" style=\"width: 327px; height: 238px;\" data-original-width=\"327\" data-original-height=\"238\" > <div class=\"tiled-gallery-item tiled-gallery-item-large\" itemprop=\"associatedMedia\" itemscope itemtype=\"http:\/\/schema.org\/ImageObject\"> <a href=\"https:\/\/eltrabajo.cl\/portal\/luis-chacon-paredes-victima-de-el-pancho-a-diario-el-trabajo-cuando-me-encanono-me-dije-si-me-dispara-hasta-aqui-no-mas-llego\/asalto-3\/\" border=\"0\" itemprop=\"url\"> <meta itemprop=\"width\" content=\"323\"> <meta itemprop=\"height\" content=\"234\"> <img decoding=\"async\" class=\"\" data-attachment-id=\"52447\" data-orig-file=\"https:\/\/eltrabajo.cl\/portal\/wp-content\/uploads\/2014\/10\/asalto.jpg\" data-orig-size=\"529,383\" data-comments-opened=\"1\" data-image-meta=\"{&quot;aperture&quot;:&quot;0&quot;,&quot;credit&quot;:&quot;&quot;,&quot;camera&quot;:&quot;&quot;,&quot;caption&quot;:&quot;&quot;,&quot;created_timestamp&quot;:&quot;0&quot;,&quot;copyright&quot;:&quot;&quot;,&quot;focal_length&quot;:&quot;0&quot;,&quot;iso&quot;:&quot;0&quot;,&quot;shutter_speed&quot;:&quot;0&quot;,&quot;title&quot;:&quot;&quot;,&quot;orientation&quot;:&quot;0&quot;}\" data-image-title=\"asalto\" data-image-description=\"&lt;p&gt;TRISTEMENTE C\u00c9LEBRE.- La imagen es una captura del video que encuentra en nuestro sitio web www.eltrabajo.cl, donde plasma los minutos que Luis se defendi\u00f3 con su bate de un peligroso delincuente que atemoriz\u00f3 a la ciudadan\u00eda.&lt;\/p&gt; \" data-medium-file=\"https:\/\/i0.wp.com\/eltrabajo.cl\/portal\/wp-content\/uploads\/2014\/10\/asalto.jpg?fit=300%2C217&#038;ssl=1\" data-large-file=\"https:\/\/i0.wp.com\/eltrabajo.cl\/portal\/wp-content\/uploads\/2014\/10\/asalto.jpg?fit=529%2C383&#038;ssl=1\" src=\"https:\/\/i0.wp.com\/eltrabajo.cl\/portal\/wp-content\/uploads\/2014\/10\/asalto.jpg?w=323&#038;h=234&#038;ssl=1\" srcset=\"https:\/\/i0.wp.com\/eltrabajo.cl\/portal\/wp-content\/uploads\/2014\/10\/asalto.jpg?w=529&amp;ssl=1 529w, https:\/\/i0.wp.com\/eltrabajo.cl\/portal\/wp-content\/uploads\/2014\/10\/asalto.jpg?resize=200%2C144&amp;ssl=1 200w, https:\/\/i0.wp.com\/eltrabajo.cl\/portal\/wp-content\/uploads\/2014\/10\/asalto.jpg?resize=300%2C217&amp;ssl=1 300w, https:\/\/i0.wp.com\/eltrabajo.cl\/portal\/wp-content\/uploads\/2014\/10\/asalto.jpg?resize=150%2C108&amp;ssl=1 150w, https:\/\/i0.wp.com\/eltrabajo.cl\/portal\/wp-content\/uploads\/2014\/10\/asalto.jpg?resize=400%2C289&amp;ssl=1 400w\" width=\"323\" height=\"234\" loading=\"lazy\" data-original-width=\"323\" data-original-height=\"234\" itemprop=\"http:\/\/schema.org\/image\" title=\"asalto\" alt=\"TRISTEMENTE C\u00c9LEBRE.- La imagen es una captura del video que encuentra en nuestro sitio web www.eltrabajo.cl, donde plasma los minutos que Luis se defendi\u00f3 con su bate de un peligroso delincuente que atemoriz\u00f3 a la ciudadan\u00eda.\" style=\"width: 323px; height: 234px;\" \/> <\/a> <div class=\"tiled-gallery-caption\" itemprop=\"caption description\"> TRISTEMENTE C\u00c9LEBRE.- La imagen es una captura del video que encuentra en nuestro sitio web www.eltrabajo.cl, donde plasma los minutos que Luis se defendi\u00f3 con su bate de un peligroso delincuente que atemoriz\u00f3 a la ciudadan\u00eda. <\/div> <\/div> <\/div> <!-- close group --> <div class=\"gallery-group images-1\" style=\"width: 313px; height: 238px;\" data-original-width=\"313\" data-original-height=\"238\" > <div class=\"tiled-gallery-item tiled-gallery-item-large\" itemprop=\"associatedMedia\" itemscope itemtype=\"http:\/\/schema.org\/ImageObject\"> <a href=\"https:\/\/eltrabajo.cl\/portal\/luis-chacon-paredes-victima-de-el-pancho-a-diario-el-trabajo-cuando-me-encanono-me-dije-si-me-dispara-hasta-aqui-no-mas-llego\/el-pancho-2\/\" border=\"0\" itemprop=\"url\"> <meta itemprop=\"width\" content=\"309\"> <meta itemprop=\"height\" content=\"234\"> <img decoding=\"async\" class=\"\" data-attachment-id=\"52448\" data-orig-file=\"https:\/\/eltrabajo.cl\/portal\/wp-content\/uploads\/2014\/10\/El-Pancho.jpg\" data-orig-size=\"529,401\" data-comments-opened=\"1\" data-image-meta=\"{&quot;aperture&quot;:&quot;0&quot;,&quot;credit&quot;:&quot;&quot;,&quot;camera&quot;:&quot;&quot;,&quot;caption&quot;:&quot;&quot;,&quot;created_timestamp&quot;:&quot;0&quot;,&quot;copyright&quot;:&quot;&quot;,&quot;focal_length&quot;:&quot;0&quot;,&quot;iso&quot;:&quot;0&quot;,&quot;shutter_speed&quot;:&quot;0&quot;,&quot;title&quot;:&quot;&quot;,&quot;orientation&quot;:&quot;0&quot;}\" data-image-title=\"El Pancho\" data-image-description=\"&lt;p&gt;TRAS LAS REJAS.- A finales del mes de enero del 2014 se le acab\u00f3 el chipe libre a Francisco Ruiz Luengo, luego de ser capturado por Carabineros. Actualmente est\u00e1 recluido por 26 a\u00f1os en la C\u00e1rcel de Valpara\u00edso.&lt;\/p&gt; \" data-medium-file=\"https:\/\/i0.wp.com\/eltrabajo.cl\/portal\/wp-content\/uploads\/2014\/10\/El-Pancho.jpg?fit=300%2C227&#038;ssl=1\" data-large-file=\"https:\/\/i0.wp.com\/eltrabajo.cl\/portal\/wp-content\/uploads\/2014\/10\/El-Pancho.jpg?fit=529%2C401&#038;ssl=1\" src=\"https:\/\/i0.wp.com\/eltrabajo.cl\/portal\/wp-content\/uploads\/2014\/10\/El-Pancho.jpg?w=309&#038;h=234&#038;ssl=1\" srcset=\"https:\/\/i0.wp.com\/eltrabajo.cl\/portal\/wp-content\/uploads\/2014\/10\/El-Pancho.jpg?w=529&amp;ssl=1 529w, https:\/\/i0.wp.com\/eltrabajo.cl\/portal\/wp-content\/uploads\/2014\/10\/El-Pancho.jpg?resize=197%2C150&amp;ssl=1 197w, https:\/\/i0.wp.com\/eltrabajo.cl\/portal\/wp-content\/uploads\/2014\/10\/El-Pancho.jpg?resize=300%2C227&amp;ssl=1 300w, https:\/\/i0.wp.com\/eltrabajo.cl\/portal\/wp-content\/uploads\/2014\/10\/El-Pancho.jpg?resize=150%2C113&amp;ssl=1 150w, https:\/\/i0.wp.com\/eltrabajo.cl\/portal\/wp-content\/uploads\/2014\/10\/El-Pancho.jpg?resize=400%2C303&amp;ssl=1 400w\" width=\"309\" height=\"234\" loading=\"lazy\" data-original-width=\"309\" data-original-height=\"234\" itemprop=\"http:\/\/schema.org\/image\" title=\"El Pancho\" alt=\"TRAS LAS REJAS.- A finales del mes de enero del 2014 se le acab\u00f3 el chipe libre a Francisco Ruiz Luengo, luego de ser capturado por Carabineros. Actualmente est\u00e1 recluido por 26 a\u00f1os en la C\u00e1rcel de Valpara\u00edso.\" style=\"width: 309px; height: 234px;\" \/> <\/a> <div class=\"tiled-gallery-caption\" itemprop=\"caption description\"> TRAS LAS REJAS.- A finales del mes de enero del 2014 se le acab\u00f3 el chipe libre a Francisco Ruiz Luengo, luego de ser capturado por Carabineros. Actualmente est\u00e1 recluido por 26 a\u00f1os en la C\u00e1rcel de Valpara\u00edso. <\/div> <\/div> <\/div> <!-- close group --> <\/div> <!-- close row --> <\/div>\n","protected":false},"excerpt":{"rendered":"<p>Hace dos a\u00f1os y medio Luis Chac\u00f3n Paredes reuni\u00f3 todos su ahorros con mucho esfuerzo para comprarse un autom\u00f3vil con el fin de trabajar como chofer de colectivo en la l\u00ednea 1&#8230;<\/p>\n","protected":false},"author":482,"featured_media":52446,"comment_status":"open","ping_status":"closed","sticky":false,"template":"","format":"standard","meta":{"advanced_seo_description":"","jetpack_seo_html_title":"","jetpack_seo_noindex":false,"_jetpack_memberships_contains_paid_content":false,"footnotes":""},"categories":[21],"tags":[],"class_list":["post-52445","post","type-post","status-publish","format-standard","has-post-thumbnail","hentry","category-policial"],"jetpack_featured_media_url":"https:\/\/i0.wp.com\/eltrabajo.cl\/portal\/wp-content\/uploads\/2014\/10\/Bate-madera.jpg?fit=528%2C401&ssl=1","jetpack_sharing_enabled":true,"jetpack_likes_enabled":true,"jetpack-related-posts":[],"_links":{"self":[{"href":"https:\/\/eltrabajo.cl\/portal\/wp-json\/wp\/v2\/posts\/52445","targetHints":{"allow":["GET"]}}],"collection":[{"href":"https:\/\/eltrabajo.cl\/portal\/wp-json\/wp\/v2\/posts"}],"about":[{"href":"https:\/\/eltrabajo.cl\/portal\/wp-json\/wp\/v2\/types\/post"}],"author":[{"embeddable":true,"href":"https:\/\/eltrabajo.cl\/portal\/wp-json\/wp\/v2\/users\/482"}],"replies":[{"embeddable":true,"href":"https:\/\/eltrabajo.cl\/portal\/wp-json\/wp\/v2\/comments?post=52445"}],"version-history":[{"count":0,"href":"https:\/\/eltrabajo.cl\/portal\/wp-json\/wp\/v2\/posts\/52445\/revisions"}],"wp:featuredmedia":[{"embeddable":true,"href":"https:\/\/eltrabajo.cl\/portal\/wp-json\/wp\/v2\/media\/52446"}],"wp:attachment":[{"href":"https:\/\/eltrabajo.cl\/portal\/wp-json\/wp\/v2\/media?parent=52445"}],"wp:term":[{"taxonomy":"category","embeddable":true,"href":"https:\/\/eltrabajo.cl\/portal\/wp-json\/wp\/v2\/categories?post=52445"},{"taxonomy":"post_tag","embeddable":true,"href":"https:\/\/eltrabajo.cl\/portal\/wp-json\/wp\/v2\/tags?post=52445"}],"curies":[{"name":"wp","href":"https:\/\/api.w.org\/{rel}","templated":true}]}}