{"id":52453,"date":"2014-10-20T09:39:19","date_gmt":"2014-10-20T12:39:19","guid":{"rendered":"http:\/\/www.eltrabajo.cl\/portal\/?p=52453"},"modified":"2014-10-20T09:39:19","modified_gmt":"2014-10-20T12:39:19","slug":"la-gastronomia-y-juegos-tipicos-presentes-en-el-18-chico-el-asiento","status":"publish","type":"post","link":"https:\/\/eltrabajo.cl\/portal\/la-gastronomia-y-juegos-tipicos-presentes-en-el-18-chico-el-asiento\/","title":{"rendered":"La gastronom\u00eda y juegos t\u00edpicos presentes en el \u201818 Chico\u2019 El Asiento"},"content":{"rendered":"<figure id=\"attachment_52454\" aria-describedby=\"caption-attachment-52454\" style=\"width: 529px\" class=\"wp-caption alignnone\"><a href=\"https:\/\/i0.wp.com\/www.eltrabajo.cl\/portal\/wp-content\/uploads\/2014\/10\/Chico1.jpg\"><img data-recalc-dims=\"1\" loading=\"lazy\" decoding=\"async\" class=\"size-full wp-image-52454\" src=\"https:\/\/i0.wp.com\/www.eltrabajo.cl\/portal\/wp-content\/uploads\/2014\/10\/Chico1.jpg?resize=529%2C401\" alt=\"La localidad de El Asiento recibi\u00f3 a cientos de vecinos que llegaron este s\u00e1bado a celebrar el \u201818 Chico\u2019 en San Felipe.\" width=\"529\" height=\"401\" srcset=\"https:\/\/i0.wp.com\/eltrabajo.cl\/portal\/wp-content\/uploads\/2014\/10\/Chico1.jpg?w=529&amp;ssl=1 529w, https:\/\/i0.wp.com\/eltrabajo.cl\/portal\/wp-content\/uploads\/2014\/10\/Chico1.jpg?resize=197%2C150&amp;ssl=1 197w, https:\/\/i0.wp.com\/eltrabajo.cl\/portal\/wp-content\/uploads\/2014\/10\/Chico1.jpg?resize=300%2C227&amp;ssl=1 300w, https:\/\/i0.wp.com\/eltrabajo.cl\/portal\/wp-content\/uploads\/2014\/10\/Chico1.jpg?resize=150%2C113&amp;ssl=1 150w, https:\/\/i0.wp.com\/eltrabajo.cl\/portal\/wp-content\/uploads\/2014\/10\/Chico1.jpg?resize=400%2C303&amp;ssl=1 400w\" sizes=\"auto, (max-width: 529px) 100vw, 529px\" \/><\/a><figcaption id=\"caption-attachment-52454\" class=\"wp-caption-text\">La localidad de El Asiento recibi\u00f3 a cientos de vecinos que llegaron este s\u00e1bado a celebrar el \u201818 Chico\u2019 en San Felipe.<\/figcaption><\/figure>\n<p>La localidad de El Asiento recibi\u00f3 a cientos de vecinos que llegaron este s\u00e1bado a celebrar el \u201818 Chico\u2019 en San Felipe, una iniciativa organizada por la municipalidad a trav\u00e9s del Departamento de Turismo y que cont\u00f3 con la participaci\u00f3n de stands con comida tradicional, chicha de Aconcagua y juegos t\u00edpicos, lo que fue disfrutado por todos los asistentes.<br \/>\nLa actividad se extendi\u00f3 durante todo el d\u00eda, tiempo durante el cual los asistentes recorrieron los stands instalados en la calle principal del sector, que ofrec\u00edan los platos y bebidas tradicionales de nuestra zona.<br \/>\nLa inauguraci\u00f3n de la actividad se realiz\u00f3 en horas de la tarde, momento en que se present\u00f3 el Ballet Folkl\u00f3rico Municipal, agrupaci\u00f3n que interpret\u00f3 cuadros de m\u00fasica de la zona central, contagiando la alegr\u00eda de los j\u00f3venes bailarines tambi\u00e9n al ritmo de la festiva m\u00fasica del norte de nuestro pa\u00eds. Los asistentes fueron saludados por el Alcalde Patricio Freire y el presidente de la junta de vecinos del sector, Luis Ortiz y la celebraci\u00f3n culmin\u00f3 en horas de la noche con lo mejor de la m\u00fasica ranchera, ritmo que hizo bailar a los asistentes, que llegaron desde distintos sectores de nuestra comuna y que destacaron la realizaci\u00f3n de este tipo de actividades, como una forma de integrar a los sectores rurales a la comuna de San Felipe.<br \/>\n\u201cPara nosotros es una alegr\u00eda inmensa estar celebrando el 18 Chico, con una convocatoria tan grande en este sector de El Asiento y esto nos motiva a continuar realizando esta fiesta criolla de ahora en adelante y que se convierta en una tradici\u00f3n en la comuna de San Felipe\u201d, dijo el Alcalde Freire.<br \/>\nDesde el inicio de su gesti\u00f3n el edil ha trabajado por potenciar los sectores rurales de la comuna, y durante ese tiempo ha ejecutado distintos proyectos que han mejorado la calidad de vida de los vecinos, a lo que se suma esta fiesta costumbrista, que cont\u00f3 con la participaci\u00f3n de muchos sanfelipe\u00f1os.<br \/>\n\u201cNosotros hemos siempre valorado todo lo que hace el Alcalde, en cuanto a entregar cultura al sector, est\u00e1 muy preocupado de ese tema, de la historia de San Felipe y sus alrededores\u201d, manifest\u00f3 Luis Ortiz, presidente de la junta de vecinos del sector.<br \/>\nOdette Illanes, encargada del Departamento de Turismo, se mostr\u00f3 muy contenta con la convocatoria y sostuvo que se eligi\u00f3 el sector de El asiento para celebrar el 18 Chico con el objetivo de potenciar este lugar tur\u00edsticamente.<br \/>\n\u201cYa en El Almendral hemos hecho dos actividades y ese sector ya se ha potenciado, entonces ahora nos acercamos a un sector m\u00e1s apartado y rural para potenciarlo tambi\u00e9n, especialmente sus atractivos tur\u00edsticos, como son sus cerros, los cipreses y otros atractivos m\u00e1s\u201d, se\u00f1al\u00f3 Illanes.<\/p>\n","protected":false},"excerpt":{"rendered":"<p>La localidad de El Asiento recibi\u00f3 a cientos de vecinos que llegaron este s\u00e1bado a celebrar el \u201818 Chico\u2019 en San Felipe, una iniciativa organizada por la municipalidad a trav\u00e9s del Departamento&#8230;<\/p>\n","protected":false},"author":482,"featured_media":52454,"comment_status":"open","ping_status":"closed","sticky":false,"template":"","format":"standard","meta":{"advanced_seo_description":"","jetpack_seo_html_title":"","jetpack_seo_noindex":false,"_jetpack_memberships_contains_paid_content":false,"footnotes":""},"categories":[15],"tags":[],"class_list":["post-52453","post","type-post","status-publish","format-standard","has-post-thumbnail","hentry","category-comunidad"],"jetpack_featured_media_url":"https:\/\/i0.wp.com\/eltrabajo.cl\/portal\/wp-content\/uploads\/2014\/10\/Chico1.jpg?fit=529%2C401&ssl=1","jetpack_sharing_enabled":true,"jetpack_likes_enabled":true,"jetpack-related-posts":[],"_links":{"self":[{"href":"https:\/\/eltrabajo.cl\/portal\/wp-json\/wp\/v2\/posts\/52453","targetHints":{"allow":["GET"]}}],"collection":[{"href":"https:\/\/eltrabajo.cl\/portal\/wp-json\/wp\/v2\/posts"}],"about":[{"href":"https:\/\/eltrabajo.cl\/portal\/wp-json\/wp\/v2\/types\/post"}],"author":[{"embeddable":true,"href":"https:\/\/eltrabajo.cl\/portal\/wp-json\/wp\/v2\/users\/482"}],"replies":[{"embeddable":true,"href":"https:\/\/eltrabajo.cl\/portal\/wp-json\/wp\/v2\/comments?post=52453"}],"version-history":[{"count":0,"href":"https:\/\/eltrabajo.cl\/portal\/wp-json\/wp\/v2\/posts\/52453\/revisions"}],"wp:featuredmedia":[{"embeddable":true,"href":"https:\/\/eltrabajo.cl\/portal\/wp-json\/wp\/v2\/media\/52454"}],"wp:attachment":[{"href":"https:\/\/eltrabajo.cl\/portal\/wp-json\/wp\/v2\/media?parent=52453"}],"wp:term":[{"taxonomy":"category","embeddable":true,"href":"https:\/\/eltrabajo.cl\/portal\/wp-json\/wp\/v2\/categories?post=52453"},{"taxonomy":"post_tag","embeddable":true,"href":"https:\/\/eltrabajo.cl\/portal\/wp-json\/wp\/v2\/tags?post=52453"}],"curies":[{"name":"wp","href":"https:\/\/api.w.org\/{rel}","templated":true}]}}