{"id":52456,"date":"2014-10-20T09:41:19","date_gmt":"2014-10-20T12:41:19","guid":{"rendered":"http:\/\/www.eltrabajo.cl\/portal\/?p=52456"},"modified":"2014-10-20T09:41:19","modified_gmt":"2014-10-20T12:41:19","slug":"mas-de-300-adultos-mayores-en-encuentro-de-actividad-fisica","status":"publish","type":"post","link":"https:\/\/eltrabajo.cl\/portal\/mas-de-300-adultos-mayores-en-encuentro-de-actividad-fisica\/","title":{"rendered":"M\u00e1s de 300 adultos mayores en Encuentro de Actividad F\u00edsica"},"content":{"rendered":"<figure id=\"attachment_52457\" aria-describedby=\"caption-attachment-52457\" style=\"width: 529px\" class=\"wp-caption alignnone\"><a href=\"https:\/\/i0.wp.com\/www.eltrabajo.cl\/portal\/wp-content\/uploads\/2014\/10\/Activos1.jpg\"><img data-recalc-dims=\"1\" loading=\"lazy\" decoding=\"async\" class=\"size-full wp-image-52457\" src=\"https:\/\/i0.wp.com\/www.eltrabajo.cl\/portal\/wp-content\/uploads\/2014\/10\/Activos1.jpg?resize=529%2C358\" alt=\"Este viernes se realiz\u00f3 en el Gimnasio Samuel Tapia Guerrero (ex-Sala M\u00faltiple), el Primer Encuentro de Actividad F\u00edsica de Adultos Mayores de la comuna de San Felipe.\" width=\"529\" height=\"358\" srcset=\"https:\/\/i0.wp.com\/eltrabajo.cl\/portal\/wp-content\/uploads\/2014\/10\/Activos1.jpg?w=529&amp;ssl=1 529w, https:\/\/i0.wp.com\/eltrabajo.cl\/portal\/wp-content\/uploads\/2014\/10\/Activos1.jpg?resize=200%2C135&amp;ssl=1 200w, https:\/\/i0.wp.com\/eltrabajo.cl\/portal\/wp-content\/uploads\/2014\/10\/Activos1.jpg?resize=300%2C203&amp;ssl=1 300w, https:\/\/i0.wp.com\/eltrabajo.cl\/portal\/wp-content\/uploads\/2014\/10\/Activos1.jpg?resize=150%2C101&amp;ssl=1 150w, https:\/\/i0.wp.com\/eltrabajo.cl\/portal\/wp-content\/uploads\/2014\/10\/Activos1.jpg?resize=400%2C270&amp;ssl=1 400w\" sizes=\"auto, (max-width: 529px) 100vw, 529px\" \/><\/a><figcaption id=\"caption-attachment-52457\" class=\"wp-caption-text\">Este viernes se realiz\u00f3 en el Gimnasio Samuel Tapia Guerrero (ex-Sala M\u00faltiple), el Primer Encuentro de Actividad F\u00edsica de Adultos Mayores de la comuna de San Felipe.<\/figcaption><\/figure>\n<p>Tras semanas de trabajo intenso, preparando coreograf\u00edas junto a sus profesores y monitores, este viernes se realiz\u00f3 en el Gimnasio Samuel Tapia Guerrero (ex-Sala M\u00faltiple), el Primer Encuentro de Actividad F\u00edsica de Adultos Mayores de la comuna de San Felipe.<\/p>\n<figure id=\"attachment_52458\" aria-describedby=\"caption-attachment-52458\" style=\"width: 300px\" class=\"wp-caption alignright\"><a href=\"https:\/\/i0.wp.com\/www.eltrabajo.cl\/portal\/wp-content\/uploads\/2014\/10\/Activos2.jpg\"><img data-recalc-dims=\"1\" loading=\"lazy\" decoding=\"async\" class=\"wp-image-52458 size-medium\" src=\"https:\/\/i0.wp.com\/www.eltrabajo.cl\/portal\/wp-content\/uploads\/2014\/10\/Activos2-300x203.jpg?resize=300%2C203\" alt=\"La iniciativa, organizada por el municipio a trav\u00e9s del Centro Integral de Mayores, reuni\u00f3 a m\u00e1s de 300 adultos mayores, quienes disfrutaron de las presentaciones de diferentes grupos integrantes de los talleres que se dictan en esta entidad.\" width=\"300\" height=\"203\" srcset=\"https:\/\/i0.wp.com\/eltrabajo.cl\/portal\/wp-content\/uploads\/2014\/10\/Activos2.jpg?resize=300%2C203&amp;ssl=1 300w, https:\/\/i0.wp.com\/eltrabajo.cl\/portal\/wp-content\/uploads\/2014\/10\/Activos2.jpg?resize=200%2C135&amp;ssl=1 200w, https:\/\/i0.wp.com\/eltrabajo.cl\/portal\/wp-content\/uploads\/2014\/10\/Activos2.jpg?resize=150%2C101&amp;ssl=1 150w, https:\/\/i0.wp.com\/eltrabajo.cl\/portal\/wp-content\/uploads\/2014\/10\/Activos2.jpg?resize=400%2C270&amp;ssl=1 400w, https:\/\/i0.wp.com\/eltrabajo.cl\/portal\/wp-content\/uploads\/2014\/10\/Activos2.jpg?w=529&amp;ssl=1 529w\" sizes=\"auto, (max-width: 300px) 100vw, 300px\" \/><\/a><figcaption id=\"caption-attachment-52458\" class=\"wp-caption-text\">La iniciativa, organizada por el municipio a trav\u00e9s del Centro Integral de Mayores, reuni\u00f3 a m\u00e1s de 300 adultos mayores, quienes disfrutaron de las presentaciones de diferentes grupos integrantes de los talleres que se dictan en esta entidad.<\/figcaption><\/figure>\n<p>La iniciativa, organizada por el municipio a trav\u00e9s del Centro Integral de Mayores, reuni\u00f3 a m\u00e1s de 300 adultos mayores, quienes disfrutaron de las presentaciones de diferentes grupos integrantes de los talleres que se dictan en esta entidad, misma que opera en la Avenida Yungay, as\u00ed como de grupos invitados, provenientes Catemu, Calle Larga, Colina y Villa Alemana.<br \/>\nSe trata de la primera versi\u00f3n de un encuentro cuya responsable es la monitora Judith Pinto, quien trabaj\u00f3 arduamente para organizar una actividad que en definitiva, busca demostrar a la poblaci\u00f3n mayor de la comuna y a todos los vecinos, que la actividad f\u00edsica es una excelente instancia para lograr una mejor calidad de vida, as\u00ed como para la prevenci\u00f3n de diversas enfermedades cardiovasculares, por ejemplo.<br \/>\nEn el Centro Integral de Mayores se desarrolla actividad f\u00edsica todos los d\u00edas, desde las 09.30 horas, convocando a una gran cantidad de vecinos y vecinas que aprovechan esta instancia gratuita y a cargo de monitores y monitoras preparados.<br \/>\nLa coordinadora del CIM, Patricia Opazo, se\u00f1al\u00f3 que esta iniciativa se enmarca en las celebraciones del Mes del Adulto Mayor, actividades que han convocado a gran cantidad de vecinos para disfrutar de distintas instancias de entretenci\u00f3n e informaci\u00f3n.<br \/>\nLa actividad fue inaugurada por el Director de Desarrollo Comunitario, Pablo Silva, quien resalt\u00f3 el compromiso de la administraci\u00f3n del Alcalde Patricio Freire con los adultos mayores de la comuna, recalcando que existe un trabajo arduo que se est\u00e1 desarrollando en la actualidad, pero que se espera continuar intensificando, en el entendido que existen muchos desaf\u00edos que est\u00e1n pendientes y que el equipo municipal espera sortearlos con \u00e9xito.<\/p>\n","protected":false},"excerpt":{"rendered":"<p>Tras semanas de trabajo intenso, preparando coreograf\u00edas junto a sus profesores y monitores, este viernes se realiz\u00f3 en el Gimnasio Samuel Tapia Guerrero (ex-Sala M\u00faltiple), el Primer Encuentro de Actividad F\u00edsica de&#8230;<\/p>\n","protected":false},"author":482,"featured_media":52457,"comment_status":"open","ping_status":"closed","sticky":false,"template":"","format":"standard","meta":{"advanced_seo_description":"","jetpack_seo_html_title":"","jetpack_seo_noindex":false,"_jetpack_memberships_contains_paid_content":false,"footnotes":""},"categories":[15],"tags":[],"class_list":["post-52456","post","type-post","status-publish","format-standard","has-post-thumbnail","hentry","category-comunidad"],"jetpack_featured_media_url":"https:\/\/i0.wp.com\/eltrabajo.cl\/portal\/wp-content\/uploads\/2014\/10\/Activos1.jpg?fit=529%2C358&ssl=1","jetpack_sharing_enabled":true,"jetpack_likes_enabled":true,"jetpack-related-posts":[],"_links":{"self":[{"href":"https:\/\/eltrabajo.cl\/portal\/wp-json\/wp\/v2\/posts\/52456","targetHints":{"allow":["GET"]}}],"collection":[{"href":"https:\/\/eltrabajo.cl\/portal\/wp-json\/wp\/v2\/posts"}],"about":[{"href":"https:\/\/eltrabajo.cl\/portal\/wp-json\/wp\/v2\/types\/post"}],"author":[{"embeddable":true,"href":"https:\/\/eltrabajo.cl\/portal\/wp-json\/wp\/v2\/users\/482"}],"replies":[{"embeddable":true,"href":"https:\/\/eltrabajo.cl\/portal\/wp-json\/wp\/v2\/comments?post=52456"}],"version-history":[{"count":0,"href":"https:\/\/eltrabajo.cl\/portal\/wp-json\/wp\/v2\/posts\/52456\/revisions"}],"wp:featuredmedia":[{"embeddable":true,"href":"https:\/\/eltrabajo.cl\/portal\/wp-json\/wp\/v2\/media\/52457"}],"wp:attachment":[{"href":"https:\/\/eltrabajo.cl\/portal\/wp-json\/wp\/v2\/media?parent=52456"}],"wp:term":[{"taxonomy":"category","embeddable":true,"href":"https:\/\/eltrabajo.cl\/portal\/wp-json\/wp\/v2\/categories?post=52456"},{"taxonomy":"post_tag","embeddable":true,"href":"https:\/\/eltrabajo.cl\/portal\/wp-json\/wp\/v2\/tags?post=52456"}],"curies":[{"name":"wp","href":"https:\/\/api.w.org\/{rel}","templated":true}]}}