{"id":52478,"date":"2014-10-20T09:58:13","date_gmt":"2014-10-20T12:58:13","guid":{"rendered":"http:\/\/www.eltrabajo.cl\/portal\/?p=52478"},"modified":"2014-10-20T09:58:13","modified_gmt":"2014-10-20T12:58:13","slug":"abuelos-se-van-de-paseo-una-semana-a-pichilemu","status":"publish","type":"post","link":"https:\/\/eltrabajo.cl\/portal\/abuelos-se-van-de-paseo-una-semana-a-pichilemu\/","title":{"rendered":"Abuelos se van de paseo una semana a Pichilemu"},"content":{"rendered":"<figure id=\"attachment_52479\" aria-describedby=\"caption-attachment-52479\" style=\"width: 528px\" class=\"wp-caption alignnone\"><a href=\"https:\/\/i0.wp.com\/www.eltrabajo.cl\/portal\/wp-content\/uploads\/2014\/10\/Abuelos21.jpg\"><img data-recalc-dims=\"1\" loading=\"lazy\" decoding=\"async\" class=\"size-full wp-image-52479\" src=\"https:\/\/i0.wp.com\/www.eltrabajo.cl\/portal\/wp-content\/uploads\/2014\/10\/Abuelos21.jpg?resize=528%2C332\" alt=\"Un total de 40 adultos mayores panquehuinos estar\u00e1n de paseo durante una semana en Pichilemu, gracias a un proyecto que es financiado entre la Municipalidad de Panquehue y Sernatur.\" width=\"528\" height=\"332\" srcset=\"https:\/\/i0.wp.com\/eltrabajo.cl\/portal\/wp-content\/uploads\/2014\/10\/Abuelos21.jpg?w=528&amp;ssl=1 528w, https:\/\/i0.wp.com\/eltrabajo.cl\/portal\/wp-content\/uploads\/2014\/10\/Abuelos21.jpg?resize=200%2C125&amp;ssl=1 200w, https:\/\/i0.wp.com\/eltrabajo.cl\/portal\/wp-content\/uploads\/2014\/10\/Abuelos21.jpg?resize=300%2C188&amp;ssl=1 300w, https:\/\/i0.wp.com\/eltrabajo.cl\/portal\/wp-content\/uploads\/2014\/10\/Abuelos21.jpg?resize=150%2C94&amp;ssl=1 150w, https:\/\/i0.wp.com\/eltrabajo.cl\/portal\/wp-content\/uploads\/2014\/10\/Abuelos21.jpg?resize=400%2C251&amp;ssl=1 400w\" sizes=\"auto, (max-width: 528px) 100vw, 528px\" \/><\/a><figcaption id=\"caption-attachment-52479\" class=\"wp-caption-text\">Un total de 40 adultos mayores panquehuinos estar\u00e1n de paseo durante una semana en Pichilemu, gracias a un proyecto que es financiado entre la Municipalidad de Panquehue y Sernatur.<\/figcaption><\/figure>\n<p><strong>PANQUEHUE<\/strong>.- Un total de 40 adultos mayores panquehuinos estar\u00e1n de paseo durante una semana en Pichilemu, gracias a un proyecto que es financiado entre la Municipalidad de Panquehue y Sernatur. Fue precisamente el Alcalde Luis Pradenas, quien se reuni\u00f3 con los adultos mayores para desearles un buen viaje y que disfruten mucho este paseo.<br \/>\nUno de los adultos mayores beneficiado con este viaje a Pichilemu, Luis Ot\u00e1rola Herrera, dijo que \u201cmuy bueno, hemos salido para hartas partes, no con el alcalde, pero se porta muy bien con nosotros. Nosotros ahora vamos viajando a Pichilemu, deber\u00edamos haber ido a Pichicuy, pero igual este viaje para nosotros es algo muy bueno\u201d.<br \/>\nFue una opini\u00f3n similar la que dio a conocer la Presidente de la Uni\u00f3n Comunal de Adultos Mayores de la comuna de Panquehue, Helena Urbina, quien manifest\u00f3 que todos los a\u00f1os la comuna se adjudica estos viajes, donde gran parte de los adultos mayores de Panquehue, hacen uso de ellos. \u201cLe deseamos lo mejor en este viaja a cada uno de los adultos mayores de la comuna de Panquehue y que disfruten mucho. Estos viajes nosotros los contactamos a trav\u00e9s del municipio y realizamos las postulaciones a Sernatur. Este a\u00f1o nosotros como Uni\u00f3n Comunal del Adulto Mayor, realizamos la postulaci\u00f3n para dos buses, sin embargo nos adjudicamos uno de ellos, raz\u00f3n por la cual tenemos un acuerdo, de que las personas que ya han viajado le den la posibilidad a quienes no lo han hecho y as\u00ed se fue, del mismo quiero agradecer a nuestro alcalde, por todo el apoyado que nos brinda a nosotros\u201d.<br \/>\nFinalmente el Alcalde Pradenas reiter\u00f3 su compromiso con las personas adultas mayores, pues son ellos quienes han dado una vida entera al trabajo y es hora que ahora disfruten.<br \/>\n\u201cBueno, si ellos dicen que este alcalde se preocupa, es porque lo deben sentir as\u00ed y me alegro mucho, creo que las autoridades tenemos la obligaci\u00f3n de preocuparnos de los adultos mayores que han dado toda una vida por el desarrollo de una comuna y de un pa\u00eds, por lo tanto, creo que es una obligaci\u00f3n que tenemos las autoridades de preocuparnos y de aprovechar la gran cantidad de beneficios que hay para los adultos mayores\u201d.<\/p>\n","protected":false},"excerpt":{"rendered":"<p>PANQUEHUE.- Un total de 40 adultos mayores panquehuinos estar\u00e1n de paseo durante una semana en Pichilemu, gracias a un proyecto que es financiado entre la Municipalidad de Panquehue y Sernatur. Fue precisamente&#8230;<\/p>\n","protected":false},"author":482,"featured_media":52479,"comment_status":"open","ping_status":"closed","sticky":false,"template":"","format":"standard","meta":{"advanced_seo_description":"","jetpack_seo_html_title":"","jetpack_seo_noindex":false,"_jetpack_memberships_contains_paid_content":false,"footnotes":""},"categories":[15],"tags":[],"class_list":["post-52478","post","type-post","status-publish","format-standard","has-post-thumbnail","hentry","category-comunidad"],"jetpack_featured_media_url":"https:\/\/i0.wp.com\/eltrabajo.cl\/portal\/wp-content\/uploads\/2014\/10\/Abuelos21.jpg?fit=528%2C332&ssl=1","jetpack_sharing_enabled":true,"jetpack_likes_enabled":true,"jetpack-related-posts":[],"_links":{"self":[{"href":"https:\/\/eltrabajo.cl\/portal\/wp-json\/wp\/v2\/posts\/52478","targetHints":{"allow":["GET"]}}],"collection":[{"href":"https:\/\/eltrabajo.cl\/portal\/wp-json\/wp\/v2\/posts"}],"about":[{"href":"https:\/\/eltrabajo.cl\/portal\/wp-json\/wp\/v2\/types\/post"}],"author":[{"embeddable":true,"href":"https:\/\/eltrabajo.cl\/portal\/wp-json\/wp\/v2\/users\/482"}],"replies":[{"embeddable":true,"href":"https:\/\/eltrabajo.cl\/portal\/wp-json\/wp\/v2\/comments?post=52478"}],"version-history":[{"count":0,"href":"https:\/\/eltrabajo.cl\/portal\/wp-json\/wp\/v2\/posts\/52478\/revisions"}],"wp:featuredmedia":[{"embeddable":true,"href":"https:\/\/eltrabajo.cl\/portal\/wp-json\/wp\/v2\/media\/52479"}],"wp:attachment":[{"href":"https:\/\/eltrabajo.cl\/portal\/wp-json\/wp\/v2\/media?parent=52478"}],"wp:term":[{"taxonomy":"category","embeddable":true,"href":"https:\/\/eltrabajo.cl\/portal\/wp-json\/wp\/v2\/categories?post=52478"},{"taxonomy":"post_tag","embeddable":true,"href":"https:\/\/eltrabajo.cl\/portal\/wp-json\/wp\/v2\/tags?post=52478"}],"curies":[{"name":"wp","href":"https:\/\/api.w.org\/{rel}","templated":true}]}}