{"id":52485,"date":"2014-10-20T10:06:25","date_gmt":"2014-10-20T13:06:25","guid":{"rendered":"http:\/\/www.eltrabajo.cl\/portal\/?p=52485"},"modified":"2014-10-20T10:07:09","modified_gmt":"2014-10-20T13:07:09","slug":"asaltan-a-abuelito-y-lo-golpean-despues-de-comprar-el-pan","status":"publish","type":"post","link":"https:\/\/eltrabajo.cl\/portal\/asaltan-a-abuelito-y-lo-golpean-despues-de-comprar-el-pan\/","title":{"rendered":"Asaltan a abuelito y lo golpean despu\u00e9s de comprar el pan"},"content":{"rendered":"<figure id=\"attachment_52486\" aria-describedby=\"caption-attachment-52486\" style=\"width: 300px\" class=\"wp-caption alignleft\"><a href=\"https:\/\/i0.wp.com\/www.eltrabajo.cl\/portal\/wp-content\/uploads\/2014\/10\/imputada-robo-santa-maria.jpg\"><img data-recalc-dims=\"1\" loading=\"lazy\" decoding=\"async\" class=\"wp-image-52486 size-medium\" src=\"https:\/\/i0.wp.com\/www.eltrabajo.cl\/portal\/wp-content\/uploads\/2014\/10\/imputada-robo-santa-maria-300x277.jpg?resize=300%2C277\" alt=\"Personal de Carabineros de la Tenencia de Santa Mar\u00eda detuvieron a una mujer, quien protagoniz\u00f3 el violento robo que afect\u00f3 a un adulto mayor de 81 a\u00f1os de edad. (Foto Archivo)\" width=\"300\" height=\"277\" srcset=\"https:\/\/i0.wp.com\/eltrabajo.cl\/portal\/wp-content\/uploads\/2014\/10\/imputada-robo-santa-maria.jpg?resize=300%2C277&amp;ssl=1 300w, https:\/\/i0.wp.com\/eltrabajo.cl\/portal\/wp-content\/uploads\/2014\/10\/imputada-robo-santa-maria.jpg?resize=162%2C150&amp;ssl=1 162w, https:\/\/i0.wp.com\/eltrabajo.cl\/portal\/wp-content\/uploads\/2014\/10\/imputada-robo-santa-maria.jpg?resize=150%2C138&amp;ssl=1 150w, https:\/\/i0.wp.com\/eltrabajo.cl\/portal\/wp-content\/uploads\/2014\/10\/imputada-robo-santa-maria.jpg?resize=400%2C369&amp;ssl=1 400w, https:\/\/i0.wp.com\/eltrabajo.cl\/portal\/wp-content\/uploads\/2014\/10\/imputada-robo-santa-maria.jpg?w=529&amp;ssl=1 529w\" sizes=\"auto, (max-width: 300px) 100vw, 300px\" \/><\/a><figcaption id=\"caption-attachment-52486\" class=\"wp-caption-text\">Personal de Carabineros de la Tenencia de Santa Mar\u00eda detuvieron a una mujer, quien protagoniz\u00f3 el violento robo que afect\u00f3 a un adulto mayor de 81 a\u00f1os de edad. (Foto Archivo)<\/figcaption><\/figure>\n<p>Un adulto mayor de 81 a\u00f1os de edad fue violentamente golpeado por una pareja de j\u00f3venes, luego de haber comprado el pan en pleno centro de la comuna de Santa Mar\u00eda, arrebat\u00e1ndole su billetera con $70.000.<br \/>\nLos hechos ocurrieron pasadas las 09:15 horas del s\u00e1bado, cuando la v\u00edctima, de iniciales P.S.C.C. de 81 a\u00f1os, se encontraba comprando en Panader\u00eda Latorre, ubicada en la calle que lleva el mismo nombre en esa comuna.<br \/>\nEl jubilado, al abandonar el local comercial, se percat\u00f3 que una pareja de j\u00f3venes comenz\u00f3 a seguirlo hasta la esquina de Benito Larra\u00f1aga, donde fue abordado por un hombre y una mujer, quienes lo redujeron a golpes con elementos contundentes sobre su cuerpo y rostro, para registrarle sus bolsillos y apoderarse de la billetera que conten\u00eda sus documentos personal m\u00e1s la suma de $70.000, para darse a la fuga.<br \/>\nEl afectado luego de quedar tendido en el suelo, pidi\u00f3 auxilio a funcionarios de Carabineros de la Tenencia de Santa Mar\u00eda, quienes realizaron patrullajes junto al adulto mayor, logrando observar en Villa Padre P\u00edo a la pareja sindicada como los autores del violento robo.<br \/>\nLos efectivos policiales capturaron de inmediato a la imputada, identificada como Carolina V. M. de 28 a\u00f1os de edad, domiciliada en Villa Los Aromos de esa localidad, mientras que el otro sujeto escap\u00f3 por una pandereta en direcci\u00f3n a un sitio eriazo, logrando recuperar la billetera sin el dinero en su interior.<br \/>\nAsimismo, el hombre v\u00edctima de estos hechos debi\u00f3 ser trasladado hasta un centro hospitalario con una herida cortante en su frente, diagnosticada de car\u00e1cter leve.<br \/>\nEn tanto, Carabineros contin\u00faa tras el segundo involucrado despu\u00e9s de identificar al delincuente como co-autor de este delito.<br \/>\nEn horas de la ma\u00f1ana de ayer domingo, la imputada Carolina V.M., quien registra antecedentes delictuales, fue sometida a control de detenci\u00f3n en el Juzgado de Garant\u00eda de San Felipe por el delito de Robo con violencia, quedando a disposici\u00f3n de la fiscal\u00eda para la investigaci\u00f3n del caso.<br \/>\nPablo Salinas Sald\u00edas<\/p>\n","protected":false},"excerpt":{"rendered":"<p>Un adulto mayor de 81 a\u00f1os de edad fue violentamente golpeado por una pareja de j\u00f3venes, luego de haber comprado el pan en pleno centro de la comuna de Santa Mar\u00eda, arrebat\u00e1ndole&#8230;<\/p>\n","protected":false},"author":482,"featured_media":52486,"comment_status":"open","ping_status":"closed","sticky":false,"template":"","format":"standard","meta":{"advanced_seo_description":"","jetpack_seo_html_title":"","jetpack_seo_noindex":false,"_jetpack_memberships_contains_paid_content":false,"footnotes":""},"categories":[21],"tags":[],"class_list":["post-52485","post","type-post","status-publish","format-standard","has-post-thumbnail","hentry","category-policial"],"jetpack_featured_media_url":"https:\/\/i0.wp.com\/eltrabajo.cl\/portal\/wp-content\/uploads\/2014\/10\/imputada-robo-santa-maria.jpg?fit=529%2C489&ssl=1","jetpack_sharing_enabled":true,"jetpack_likes_enabled":true,"jetpack-related-posts":[],"_links":{"self":[{"href":"https:\/\/eltrabajo.cl\/portal\/wp-json\/wp\/v2\/posts\/52485","targetHints":{"allow":["GET"]}}],"collection":[{"href":"https:\/\/eltrabajo.cl\/portal\/wp-json\/wp\/v2\/posts"}],"about":[{"href":"https:\/\/eltrabajo.cl\/portal\/wp-json\/wp\/v2\/types\/post"}],"author":[{"embeddable":true,"href":"https:\/\/eltrabajo.cl\/portal\/wp-json\/wp\/v2\/users\/482"}],"replies":[{"embeddable":true,"href":"https:\/\/eltrabajo.cl\/portal\/wp-json\/wp\/v2\/comments?post=52485"}],"version-history":[{"count":0,"href":"https:\/\/eltrabajo.cl\/portal\/wp-json\/wp\/v2\/posts\/52485\/revisions"}],"wp:featuredmedia":[{"embeddable":true,"href":"https:\/\/eltrabajo.cl\/portal\/wp-json\/wp\/v2\/media\/52486"}],"wp:attachment":[{"href":"https:\/\/eltrabajo.cl\/portal\/wp-json\/wp\/v2\/media?parent=52485"}],"wp:term":[{"taxonomy":"category","embeddable":true,"href":"https:\/\/eltrabajo.cl\/portal\/wp-json\/wp\/v2\/categories?post=52485"},{"taxonomy":"post_tag","embeddable":true,"href":"https:\/\/eltrabajo.cl\/portal\/wp-json\/wp\/v2\/tags?post=52485"}],"curies":[{"name":"wp","href":"https:\/\/api.w.org\/{rel}","templated":true}]}}