{"id":52492,"date":"2014-10-20T10:12:06","date_gmt":"2014-10-20T13:12:06","guid":{"rendered":"http:\/\/www.eltrabajo.cl\/portal\/?p=52492"},"modified":"2014-10-20T10:12:06","modified_gmt":"2014-10-20T13:12:06","slug":"medicos-abandonan-a-paciente-y-muere-tras-caer-de-una-camilla","status":"publish","type":"post","link":"https:\/\/eltrabajo.cl\/portal\/medicos-abandonan-a-paciente-y-muere-tras-caer-de-una-camilla\/","title":{"rendered":"M\u00e9dicos abandonan a paciente y muere tras caer de una camilla"},"content":{"rendered":"<figure id=\"attachment_52493\" aria-describedby=\"caption-attachment-52493\" style=\"width: 300px\" class=\"wp-caption alignleft\"><a href=\"https:\/\/i0.wp.com\/www.eltrabajo.cl\/portal\/wp-content\/uploads\/2014\/10\/David-Riveros-2.jpg\"><img data-recalc-dims=\"1\" loading=\"lazy\" decoding=\"async\" class=\"wp-image-52493 size-medium\" src=\"https:\/\/i0.wp.com\/www.eltrabajo.cl\/portal\/wp-content\/uploads\/2014\/10\/David-Riveros-2-300x248.jpg?resize=300%2C248\" alt=\"David Riveros Acu\u00f1a ten\u00eda 54 a\u00f1os y padec\u00eda c\u00e1ncer pulmonar.  Su muerte ser\u00e1 investigada tras fallecer en extra\u00f1as circunstancias que ser\u00e1n determinadas en un sumario.\" width=\"300\" height=\"248\" srcset=\"https:\/\/i0.wp.com\/eltrabajo.cl\/portal\/wp-content\/uploads\/2014\/10\/David-Riveros-2.jpg?resize=300%2C248&amp;ssl=1 300w, https:\/\/i0.wp.com\/eltrabajo.cl\/portal\/wp-content\/uploads\/2014\/10\/David-Riveros-2.jpg?resize=180%2C150&amp;ssl=1 180w, https:\/\/i0.wp.com\/eltrabajo.cl\/portal\/wp-content\/uploads\/2014\/10\/David-Riveros-2.jpg?resize=150%2C124&amp;ssl=1 150w, https:\/\/i0.wp.com\/eltrabajo.cl\/portal\/wp-content\/uploads\/2014\/10\/David-Riveros-2.jpg?resize=400%2C331&amp;ssl=1 400w, https:\/\/i0.wp.com\/eltrabajo.cl\/portal\/wp-content\/uploads\/2014\/10\/David-Riveros-2.jpg?w=529&amp;ssl=1 529w\" sizes=\"auto, (max-width: 300px) 100vw, 300px\" \/><\/a><figcaption id=\"caption-attachment-52493\" class=\"wp-caption-text\">David Riveros Acu\u00f1a ten\u00eda 54 a\u00f1os y padec\u00eda c\u00e1ncer pulmonar. Su muerte ser\u00e1 investigada tras fallecer en extra\u00f1as circunstancias que ser\u00e1n determinadas en un sumario.<\/figcaption><\/figure>\n<p>El Director del Hospital San Camilo, N\u00e9stor Iribarra, orden\u00f3 oficializar un sumario para determinar si existen responsables o no en la muerte de David Riveros Acu\u00f1a, de 54 a\u00f1os de edad, quien ingres\u00f3 al Servicio de Urgencia de ese centro asistencial tras una descompensaci\u00f3n por un c\u00e1ncer pulmonar que estaba siendo tratado con anterioridad, falleciendo aparentemente tras haber ca\u00eddo desde una camilla, golpe\u00e1ndose en su cabeza.<br \/>\nEl fatal hecho ocurri\u00f3 cerca de las 17:00 horas del pasado jueves, cuando David, acompa\u00f1ado de un familiar, concurrieron hasta dicho centro hospitalario para ser atendido de urgencia por su avanzado c\u00e1ncer, esto para un procedimiento de extracci\u00f3n de l\u00edquido en sus pulmones, que ya se hab\u00eda realizado en diversas ocasiones en ese hospital a consecuencia de su enfermedad, misma que le imped\u00eda respirar con normalidad.<\/p>\n<figure id=\"attachment_52494\" aria-describedby=\"caption-attachment-52494\" style=\"width: 300px\" class=\"wp-caption alignright\"><a href=\"https:\/\/i0.wp.com\/www.eltrabajo.cl\/portal\/wp-content\/uploads\/2014\/10\/Nestor-Irribarra.jpg\"><img data-recalc-dims=\"1\" loading=\"lazy\" decoding=\"async\" class=\"wp-image-52494 size-medium\" src=\"https:\/\/i0.wp.com\/www.eltrabajo.cl\/portal\/wp-content\/uploads\/2014\/10\/Nestor-Irribarra-300x289.jpg?resize=300%2C289\" alt=\"Director del Hospital San Camilo, N\u00e9stor Iribarra.\" width=\"300\" height=\"289\" srcset=\"https:\/\/i0.wp.com\/eltrabajo.cl\/portal\/wp-content\/uploads\/2014\/10\/Nestor-Irribarra.jpg?resize=300%2C289&amp;ssl=1 300w, https:\/\/i0.wp.com\/eltrabajo.cl\/portal\/wp-content\/uploads\/2014\/10\/Nestor-Irribarra.jpg?resize=155%2C150&amp;ssl=1 155w, https:\/\/i0.wp.com\/eltrabajo.cl\/portal\/wp-content\/uploads\/2014\/10\/Nestor-Irribarra.jpg?resize=150%2C144&amp;ssl=1 150w, https:\/\/i0.wp.com\/eltrabajo.cl\/portal\/wp-content\/uploads\/2014\/10\/Nestor-Irribarra.jpg?resize=400%2C385&amp;ssl=1 400w, https:\/\/i0.wp.com\/eltrabajo.cl\/portal\/wp-content\/uploads\/2014\/10\/Nestor-Irribarra.jpg?w=529&amp;ssl=1 529w\" sizes=\"auto, (max-width: 300px) 100vw, 300px\" \/><\/a><figcaption id=\"caption-attachment-52494\" class=\"wp-caption-text\">Director del Hospital San Camilo, N\u00e9stor Iribarra.<\/figcaption><\/figure>\n<p><strong>LLEG\u00d3 GRAVE<\/strong><br \/>\nLos primeros informes preliminares indican que el paciente fue ingresado de car\u00e1cter grave hasta una sala habilitada para este tipo de procedimientos para realizar la extracci\u00f3n de l\u00edquidos desde la cavidad tor\u00e1cica por un m\u00e9dico y enfermeras de turno.<br \/>\nHasta ese momento todo estaba en regla, cuando David permanec\u00eda descompensado sobre una camilla y por causas que se investigan, en una fracci\u00f3n de tiempo no determinada, el paciente qued\u00f3 solo, siendo los mismos profesionales quienes lo hallaron tendido en el piso con una herida en su cabeza producto del fuerte golpe.<br \/>\nInmediatamente el m\u00e9dico tratante le practic\u00f3 mecanismos de reanimaci\u00f3n, mientras los asistentes suturaban la herida. David Riveros no reaccionaba a todas las maniobras realizadas, falleciendo a los pocos minutos de paro cardio-respiratorio, seg\u00fan inform\u00f3 el Director del Hospital San Camilo, N\u00e9stor Iribarra.<br \/>\n\u00abEl paciente que estaba con un poco de alteraci\u00f3n de conciencia, al parecer se movi\u00f3 y cay\u00f3 al suelo desde la camilla. Se percataron y lo trasladaron a otra sala de reanimaci\u00f3n porque hab\u00eda sufrido una herida cortante frontal, procedieron a suturarlo y el paciente sufri\u00f3 un paro cardio-respiratorio en ese momento y a pesar de todas las maniobras de reanimaci\u00f3n que se intentaron, lamentablemente el paciente falleci\u00f3\u00bb, afirm\u00f3 N\u00e9stor Iribarra.<br \/>\nEn ese sentido, el facultativo al tomar conocimiento de este lamentable suceso orden\u00f3 un informe detallado al Jefe del Servicio de Urgencias, M\u00e9dico Tratante y de Enfermer\u00eda, para establecer en qu\u00e9 circunstancias espec\u00edficas falleci\u00f3 el paciente, pese a que ya presentaba un avanzado c\u00e1ncer terminal.<br \/>\n\u00abSaber qu\u00e9 pas\u00f3 con el paciente; qui\u00e9n estaba con \u00e9l; en qu\u00e9 condiciones un paciente se les cae de la camilla y que al final parece estar asociado la muerte a esa ca\u00edda, lo m\u00e1s probable es que el paciente estaba en una etapa ya muy avanzada de su c\u00e1ncer haya terminado por fallecer por eso. La informaci\u00f3n final tendremos que tenerla cuando lleguen los informes definitivos desde el equipo que he pedido\u00bb, agreg\u00f3 Iribarra.<br \/>\nAfirm\u00f3 que si existen irregularidades o una situaci\u00f3n de negligencia m\u00e9dica, se tomar\u00e1n las correspondientes medidas necesarias para individualizar a los responsables de este incidente, a fin de evitar que vuelvan a producirse eventos de esta naturaleza.<br \/>\nLos restos de David Riveros Acu\u00f1a, domiciliado en Villa Departamental de San Felipe, fueron despedidos por sus familiares y m\u00e1s cercanos el pasado s\u00e1bado a la espera de los resultados que indique la autopsia de rigor y la Direcci\u00f3n del Hospital San Camilo.<br \/>\nPablo Salinas Sald\u00edas<\/p>\n","protected":false},"excerpt":{"rendered":"<p>El Director del Hospital San Camilo, N\u00e9stor Iribarra, orden\u00f3 oficializar un sumario para determinar si existen responsables o no en la muerte de David Riveros Acu\u00f1a, de 54 a\u00f1os de edad, quien&#8230;<\/p>\n","protected":false},"author":482,"featured_media":52493,"comment_status":"open","ping_status":"closed","sticky":false,"template":"","format":"standard","meta":{"advanced_seo_description":"","jetpack_seo_html_title":"","jetpack_seo_noindex":false,"_jetpack_memberships_contains_paid_content":false,"footnotes":""},"categories":[21],"tags":[],"class_list":["post-52492","post","type-post","status-publish","format-standard","has-post-thumbnail","hentry","category-policial"],"jetpack_featured_media_url":"https:\/\/i0.wp.com\/eltrabajo.cl\/portal\/wp-content\/uploads\/2014\/10\/David-Riveros-2.jpg?fit=529%2C439&ssl=1","jetpack_sharing_enabled":true,"jetpack_likes_enabled":true,"jetpack-related-posts":[],"_links":{"self":[{"href":"https:\/\/eltrabajo.cl\/portal\/wp-json\/wp\/v2\/posts\/52492","targetHints":{"allow":["GET"]}}],"collection":[{"href":"https:\/\/eltrabajo.cl\/portal\/wp-json\/wp\/v2\/posts"}],"about":[{"href":"https:\/\/eltrabajo.cl\/portal\/wp-json\/wp\/v2\/types\/post"}],"author":[{"embeddable":true,"href":"https:\/\/eltrabajo.cl\/portal\/wp-json\/wp\/v2\/users\/482"}],"replies":[{"embeddable":true,"href":"https:\/\/eltrabajo.cl\/portal\/wp-json\/wp\/v2\/comments?post=52492"}],"version-history":[{"count":0,"href":"https:\/\/eltrabajo.cl\/portal\/wp-json\/wp\/v2\/posts\/52492\/revisions"}],"wp:featuredmedia":[{"embeddable":true,"href":"https:\/\/eltrabajo.cl\/portal\/wp-json\/wp\/v2\/media\/52493"}],"wp:attachment":[{"href":"https:\/\/eltrabajo.cl\/portal\/wp-json\/wp\/v2\/media?parent=52492"}],"wp:term":[{"taxonomy":"category","embeddable":true,"href":"https:\/\/eltrabajo.cl\/portal\/wp-json\/wp\/v2\/categories?post=52492"},{"taxonomy":"post_tag","embeddable":true,"href":"https:\/\/eltrabajo.cl\/portal\/wp-json\/wp\/v2\/tags?post=52492"}],"curies":[{"name":"wp","href":"https:\/\/api.w.org\/{rel}","templated":true}]}}