{"id":52503,"date":"2014-10-21T09:14:46","date_gmt":"2014-10-21T12:14:46","guid":{"rendered":"http:\/\/www.eltrabajo.cl\/portal\/?p=52503"},"modified":"2014-10-21T09:15:55","modified_gmt":"2014-10-21T12:15:55","slug":"mujeres-de-las-penas-se-graduan-como-artesanas","status":"publish","type":"post","link":"https:\/\/eltrabajo.cl\/portal\/mujeres-de-las-penas-se-graduan-como-artesanas\/","title":{"rendered":"Mujeres de Las Pe\u00f1as se grad\u00faan como artesanas"},"content":{"rendered":"<figure id=\"attachment_52504\" aria-describedby=\"caption-attachment-52504\" style=\"width: 529px\" class=\"wp-caption alignnone\"><a href=\"https:\/\/i0.wp.com\/www.eltrabajo.cl\/portal\/wp-content\/uploads\/2014\/10\/Mujeres11.jpg\"><img data-recalc-dims=\"1\" loading=\"lazy\" decoding=\"async\" class=\"size-full wp-image-52504\" src=\"https:\/\/i0.wp.com\/www.eltrabajo.cl\/portal\/wp-content\/uploads\/2014\/10\/Mujeres11.jpg?resize=529%2C306\" alt=\"Un diploma que certifica habilidades adquiridas en decoupage y policrom\u00eda; obtuvieron las alumnas del taller Integraci\u00f3n sustentable a trav\u00e9s del arte, proyecto de proyecci\u00f3n a la comunidad.\" width=\"529\" height=\"306\" srcset=\"https:\/\/i0.wp.com\/eltrabajo.cl\/portal\/wp-content\/uploads\/2014\/10\/Mujeres11.jpg?w=529&amp;ssl=1 529w, https:\/\/i0.wp.com\/eltrabajo.cl\/portal\/wp-content\/uploads\/2014\/10\/Mujeres11.jpg?resize=200%2C115&amp;ssl=1 200w, https:\/\/i0.wp.com\/eltrabajo.cl\/portal\/wp-content\/uploads\/2014\/10\/Mujeres11.jpg?resize=300%2C173&amp;ssl=1 300w, https:\/\/i0.wp.com\/eltrabajo.cl\/portal\/wp-content\/uploads\/2014\/10\/Mujeres11.jpg?resize=150%2C86&amp;ssl=1 150w, https:\/\/i0.wp.com\/eltrabajo.cl\/portal\/wp-content\/uploads\/2014\/10\/Mujeres11.jpg?resize=400%2C231&amp;ssl=1 400w\" sizes=\"auto, (max-width: 529px) 100vw, 529px\" \/><\/a><figcaption id=\"caption-attachment-52504\" class=\"wp-caption-text\">Un diploma que certifica habilidades adquiridas en decoupage y policrom\u00eda; obtuvieron las alumnas del taller Integraci\u00f3n sustentable a trav\u00e9s del arte, proyecto de proyecci\u00f3n a la comunidad.<\/figcaption><\/figure>\n<p><strong>LLAY LLAY<\/strong>.- Un diploma que certifica habilidades adquiridas en decoupage y policrom\u00eda; obtuvieron las alumnas del taller Integraci\u00f3n sustentable a trav\u00e9s del arte, proyecto de proyecci\u00f3n a la comunidad. Presentes en este d\u00eda tan importante estuvieron el Alcalde Mario Marillanca, los concejales Edgardo Gonz\u00e1lez y Margarita Puebla, ella fue la gestora del proyecto, \u201ccuenten conmigo, siempre que lo necesiten\u201d.<\/p>\n<figure id=\"attachment_52505\" aria-describedby=\"caption-attachment-52505\" style=\"width: 300px\" class=\"wp-caption alignright\"><a href=\"https:\/\/i0.wp.com\/www.eltrabajo.cl\/portal\/wp-content\/uploads\/2014\/10\/Artesanias1.jpg\"><img data-recalc-dims=\"1\" loading=\"lazy\" decoding=\"async\" class=\"wp-image-52505 size-medium\" src=\"https:\/\/i0.wp.com\/www.eltrabajo.cl\/portal\/wp-content\/uploads\/2014\/10\/Artesanias1-300x204.jpg?resize=300%2C204\" alt=\"Las participantes agradecieron la oportunidad de haber realizado este taller y aprender un trabajo que les ayudar\u00e1 a generar una fuente de ingresos.\" width=\"300\" height=\"204\" srcset=\"https:\/\/i0.wp.com\/eltrabajo.cl\/portal\/wp-content\/uploads\/2014\/10\/Artesanias1.jpg?resize=300%2C204&amp;ssl=1 300w, https:\/\/i0.wp.com\/eltrabajo.cl\/portal\/wp-content\/uploads\/2014\/10\/Artesanias1.jpg?resize=200%2C136&amp;ssl=1 200w, https:\/\/i0.wp.com\/eltrabajo.cl\/portal\/wp-content\/uploads\/2014\/10\/Artesanias1.jpg?resize=150%2C102&amp;ssl=1 150w, https:\/\/i0.wp.com\/eltrabajo.cl\/portal\/wp-content\/uploads\/2014\/10\/Artesanias1.jpg?resize=400%2C272&amp;ssl=1 400w, https:\/\/i0.wp.com\/eltrabajo.cl\/portal\/wp-content\/uploads\/2014\/10\/Artesanias1.jpg?w=529&amp;ssl=1 529w\" sizes=\"auto, (max-width: 300px) 100vw, 300px\" \/><\/a><figcaption id=\"caption-attachment-52505\" class=\"wp-caption-text\">Las participantes agradecieron la oportunidad de haber realizado este taller y aprender un trabajo que les ayudar\u00e1 a generar una fuente de ingresos.<\/figcaption><\/figure>\n<p>Las participantes agradecieron la oportunidad de haber realizado este taller y aprender un trabajo que les ayudar\u00e1 a generar una fuente de ingresos, como es el caso de Isabel Gallardo, quien enfatiz\u00f3 que \u201cno sab\u00eda que lo pod\u00eda hacer, pero ahora s\u00e9 que puedo\u201d, un logro que adujo tambi\u00e9n a la paciencia y profesionalismo de los profesores Ivonne Lavanderos y Ricardo Bustos.<\/p>\n","protected":false},"excerpt":{"rendered":"<p>LLAY LLAY.- Un diploma que certifica habilidades adquiridas en decoupage y policrom\u00eda; obtuvieron las alumnas del taller Integraci\u00f3n sustentable a trav\u00e9s del arte, proyecto de proyecci\u00f3n a la comunidad. Presentes en este&#8230;<\/p>\n","protected":false},"author":482,"featured_media":52504,"comment_status":"open","ping_status":"closed","sticky":false,"template":"","format":"standard","meta":{"advanced_seo_description":"","jetpack_seo_html_title":"","jetpack_seo_noindex":false,"_jetpack_memberships_contains_paid_content":false,"footnotes":""},"categories":[15],"tags":[],"class_list":["post-52503","post","type-post","status-publish","format-standard","has-post-thumbnail","hentry","category-comunidad"],"jetpack_featured_media_url":"https:\/\/i0.wp.com\/eltrabajo.cl\/portal\/wp-content\/uploads\/2014\/10\/Mujeres11.jpg?fit=529%2C306&ssl=1","jetpack_sharing_enabled":true,"jetpack_likes_enabled":true,"jetpack-related-posts":[],"_links":{"self":[{"href":"https:\/\/eltrabajo.cl\/portal\/wp-json\/wp\/v2\/posts\/52503","targetHints":{"allow":["GET"]}}],"collection":[{"href":"https:\/\/eltrabajo.cl\/portal\/wp-json\/wp\/v2\/posts"}],"about":[{"href":"https:\/\/eltrabajo.cl\/portal\/wp-json\/wp\/v2\/types\/post"}],"author":[{"embeddable":true,"href":"https:\/\/eltrabajo.cl\/portal\/wp-json\/wp\/v2\/users\/482"}],"replies":[{"embeddable":true,"href":"https:\/\/eltrabajo.cl\/portal\/wp-json\/wp\/v2\/comments?post=52503"}],"version-history":[{"count":0,"href":"https:\/\/eltrabajo.cl\/portal\/wp-json\/wp\/v2\/posts\/52503\/revisions"}],"wp:featuredmedia":[{"embeddable":true,"href":"https:\/\/eltrabajo.cl\/portal\/wp-json\/wp\/v2\/media\/52504"}],"wp:attachment":[{"href":"https:\/\/eltrabajo.cl\/portal\/wp-json\/wp\/v2\/media?parent=52503"}],"wp:term":[{"taxonomy":"category","embeddable":true,"href":"https:\/\/eltrabajo.cl\/portal\/wp-json\/wp\/v2\/categories?post=52503"},{"taxonomy":"post_tag","embeddable":true,"href":"https:\/\/eltrabajo.cl\/portal\/wp-json\/wp\/v2\/tags?post=52503"}],"curies":[{"name":"wp","href":"https:\/\/api.w.org\/{rel}","templated":true}]}}