{"id":52524,"date":"2014-10-21T09:25:31","date_gmt":"2014-10-21T12:25:31","guid":{"rendered":"http:\/\/www.eltrabajo.cl\/portal\/?p=52524"},"modified":"2014-10-21T09:25:56","modified_gmt":"2014-10-21T12:25:56","slug":"amigos-rinden-emotiva-despedida-a-tio-pepe","status":"publish","type":"post","link":"https:\/\/eltrabajo.cl\/portal\/amigos-rinden-emotiva-despedida-a-tio-pepe\/","title":{"rendered":"Amigos rinden emotiva despedida a \u2018T\u00edo Pepe\u2019"},"content":{"rendered":"<figure id=\"attachment_52525\" aria-describedby=\"caption-attachment-52525\" style=\"width: 529px\" class=\"wp-caption alignnone\"><a href=\"https:\/\/i0.wp.com\/www.eltrabajo.cl\/portal\/wp-content\/uploads\/2014\/10\/pepe5.jpg\"><img data-recalc-dims=\"1\" loading=\"lazy\" decoding=\"async\" class=\"size-full wp-image-52525\" src=\"https:\/\/i0.wp.com\/www.eltrabajo.cl\/portal\/wp-content\/uploads\/2014\/10\/pepe5.jpg?resize=529%2C394\" alt=\"Cientos de personas despidieron con tristeza al ex-funcionario municipal Jos\u00e9 Abraham Lazcano Or\u00f3stica, \u2018T\u00edo Pepe\u2019.\" width=\"529\" height=\"394\" srcset=\"https:\/\/i0.wp.com\/eltrabajo.cl\/portal\/wp-content\/uploads\/2014\/10\/pepe5.jpg?w=529&amp;ssl=1 529w, https:\/\/i0.wp.com\/eltrabajo.cl\/portal\/wp-content\/uploads\/2014\/10\/pepe5.jpg?resize=200%2C148&amp;ssl=1 200w, https:\/\/i0.wp.com\/eltrabajo.cl\/portal\/wp-content\/uploads\/2014\/10\/pepe5.jpg?resize=300%2C223&amp;ssl=1 300w, https:\/\/i0.wp.com\/eltrabajo.cl\/portal\/wp-content\/uploads\/2014\/10\/pepe5.jpg?resize=150%2C111&amp;ssl=1 150w, https:\/\/i0.wp.com\/eltrabajo.cl\/portal\/wp-content\/uploads\/2014\/10\/pepe5.jpg?resize=400%2C297&amp;ssl=1 400w\" sizes=\"auto, (max-width: 529px) 100vw, 529px\" \/><\/a><figcaption id=\"caption-attachment-52525\" class=\"wp-caption-text\">Cientos de personas despidieron con tristeza al ex-funcionario municipal Jos\u00e9 Abraham Lazcano Or\u00f3stica, \u2018T\u00edo Pepe\u2019.<\/figcaption><\/figure>\n<p><strong>SAN ESTEBAN<\/strong>.- Consternaci\u00f3n y pesar entre sus familiares, amistades, cercanos, autoridades y funcionarios municipales de la comuna, provoc\u00f3 el sorpresivo fallecimiento a la edad de 68 a\u00f1os, del ex-funcionario municipal Jos\u00e9 Abraham Lazcano Or\u00f3stica, \u2018T\u00edo Pepe\u2019, como era conocido, Hijo Ilustre de San Esteban, acaecido la ma\u00f1ana del viernes en Vi\u00f1a Martel de San Felipe.<\/p>\n<figure id=\"attachment_52526\" aria-describedby=\"caption-attachment-52526\" style=\"width: 300px\" class=\"wp-caption alignright\"><a href=\"https:\/\/i0.wp.com\/www.eltrabajo.cl\/portal\/wp-content\/uploads\/2014\/10\/pepe3.jpg\"><img data-recalc-dims=\"1\" loading=\"lazy\" decoding=\"async\" class=\"wp-image-52526 size-medium\" src=\"https:\/\/i0.wp.com\/www.eltrabajo.cl\/portal\/wp-content\/uploads\/2014\/10\/pepe3-300x228.jpg?resize=300%2C228\" alt=\"Estaba casado con Juana Parra, matrimonio que tuvo tres hijos, Piera, Rosita y Juan, que con el paso de los a\u00f1os con sus respectivas familias llegaron cinco nietos.\" width=\"300\" height=\"228\" srcset=\"https:\/\/i0.wp.com\/eltrabajo.cl\/portal\/wp-content\/uploads\/2014\/10\/pepe3.jpg?resize=300%2C228&amp;ssl=1 300w, https:\/\/i0.wp.com\/eltrabajo.cl\/portal\/wp-content\/uploads\/2014\/10\/pepe3.jpg?resize=196%2C150&amp;ssl=1 196w, https:\/\/i0.wp.com\/eltrabajo.cl\/portal\/wp-content\/uploads\/2014\/10\/pepe3.jpg?resize=150%2C114&amp;ssl=1 150w, https:\/\/i0.wp.com\/eltrabajo.cl\/portal\/wp-content\/uploads\/2014\/10\/pepe3.jpg?resize=400%2C305&amp;ssl=1 400w, https:\/\/i0.wp.com\/eltrabajo.cl\/portal\/wp-content\/uploads\/2014\/10\/pepe3.jpg?w=528&amp;ssl=1 528w\" sizes=\"auto, (max-width: 300px) 100vw, 300px\" \/><\/a><figcaption id=\"caption-attachment-52526\" class=\"wp-caption-text\">Estaba casado con Juana Parra, matrimonio que tuvo tres hijos, Piera, Rosita y Juan, que con el paso de los a\u00f1os con sus respectivas familias llegaron cinco nietos.<\/figcaption><\/figure>\n<p>En dicho lugar se encontraba junto al Club Adulto Mayor amigas y amigos del atardecer, del que era integrante con su esposa, sufriendo un infarto agudo al miocardio, mismo que le arrebat\u00f3 la vida en medio del dolor de quienes le acompa\u00f1aban, lo que fue constatado por personal del Samu que lleg\u00f3 a asistirlo luego que se desmayara y que ante las maniobras de reanimaci\u00f3n no dio respuesta.<br \/>\nEstaba casado con Juana Parra, matrimonio que tuvo tres hijos, Piera, Rosita y Juan, que con el paso de los a\u00f1os con sus respectivas familias llegaron cinco nietos. Jos\u00e9 Lazcano trabaj\u00f3 por 43 a\u00f1os en el gobierno comunal sanestebino y hace seis meses se hab\u00eda acogido a Retiro. En su permanencia en el municipio fue creador y socio fundador de la Asociaci\u00f3n de Funcionarios Municipales, y socio fundador del Club Deportivo Municipal.<\/p>\n","protected":false},"excerpt":{"rendered":"<p>SAN ESTEBAN.- Consternaci\u00f3n y pesar entre sus familiares, amistades, cercanos, autoridades y funcionarios municipales de la comuna, provoc\u00f3 el sorpresivo fallecimiento a la edad de 68 a\u00f1os, del ex-funcionario municipal Jos\u00e9 Abraham&#8230;<\/p>\n","protected":false},"author":482,"featured_media":52525,"comment_status":"open","ping_status":"closed","sticky":false,"template":"","format":"standard","meta":{"advanced_seo_description":"","jetpack_seo_html_title":"","jetpack_seo_noindex":false,"_jetpack_memberships_contains_paid_content":false,"footnotes":""},"categories":[15],"tags":[],"class_list":["post-52524","post","type-post","status-publish","format-standard","has-post-thumbnail","hentry","category-comunidad"],"jetpack_featured_media_url":"https:\/\/i0.wp.com\/eltrabajo.cl\/portal\/wp-content\/uploads\/2014\/10\/pepe5.jpg?fit=529%2C394&ssl=1","jetpack_sharing_enabled":true,"jetpack_likes_enabled":true,"jetpack-related-posts":[],"_links":{"self":[{"href":"https:\/\/eltrabajo.cl\/portal\/wp-json\/wp\/v2\/posts\/52524","targetHints":{"allow":["GET"]}}],"collection":[{"href":"https:\/\/eltrabajo.cl\/portal\/wp-json\/wp\/v2\/posts"}],"about":[{"href":"https:\/\/eltrabajo.cl\/portal\/wp-json\/wp\/v2\/types\/post"}],"author":[{"embeddable":true,"href":"https:\/\/eltrabajo.cl\/portal\/wp-json\/wp\/v2\/users\/482"}],"replies":[{"embeddable":true,"href":"https:\/\/eltrabajo.cl\/portal\/wp-json\/wp\/v2\/comments?post=52524"}],"version-history":[{"count":0,"href":"https:\/\/eltrabajo.cl\/portal\/wp-json\/wp\/v2\/posts\/52524\/revisions"}],"wp:featuredmedia":[{"embeddable":true,"href":"https:\/\/eltrabajo.cl\/portal\/wp-json\/wp\/v2\/media\/52525"}],"wp:attachment":[{"href":"https:\/\/eltrabajo.cl\/portal\/wp-json\/wp\/v2\/media?parent=52524"}],"wp:term":[{"taxonomy":"category","embeddable":true,"href":"https:\/\/eltrabajo.cl\/portal\/wp-json\/wp\/v2\/categories?post=52524"},{"taxonomy":"post_tag","embeddable":true,"href":"https:\/\/eltrabajo.cl\/portal\/wp-json\/wp\/v2\/tags?post=52524"}],"curies":[{"name":"wp","href":"https:\/\/api.w.org\/{rel}","templated":true}]}}