{"id":52535,"date":"2014-10-21T09:32:30","date_gmt":"2014-10-21T12:32:30","guid":{"rendered":"http:\/\/www.eltrabajo.cl\/portal\/?p=52535"},"modified":"2014-10-21T09:32:30","modified_gmt":"2014-10-21T12:32:30","slug":"mientras-madre-de-nina-pedia-auxilio-padre-violo-a-menor-en-su-casa","status":"publish","type":"post","link":"https:\/\/eltrabajo.cl\/portal\/mientras-madre-de-nina-pedia-auxilio-padre-violo-a-menor-en-su-casa\/","title":{"rendered":"Mientras madre de ni\u00f1a ped\u00eda auxilio, padre viol\u00f3 a menor en su casa"},"content":{"rendered":"<figure id=\"attachment_52536\" aria-describedby=\"caption-attachment-52536\" style=\"width: 400px\" class=\"wp-caption alignleft\"><a href=\"https:\/\/i0.wp.com\/www.eltrabajo.cl\/portal\/wp-content\/uploads\/2014\/10\/Imputado-Violacion.jpg\"><img data-recalc-dims=\"1\" loading=\"lazy\" decoding=\"async\" class=\"wp-image-52536\" src=\"https:\/\/i0.wp.com\/www.eltrabajo.cl\/portal\/wp-content\/uploads\/2014\/10\/Imputado-Violacion-300x175.jpg?resize=400%2C233\" alt=\"Abel R.J. de 43 a\u00f1os de edad, fue formalizado por cuatro delitos: dos Lesiones menos graves,  Amenazas simples y Violaci\u00f3n impropia en contra de su hija de doce a\u00f1os al interior de su vivienda en Villa El Salitre de la comuna de Llay Llay.\" width=\"400\" height=\"233\" srcset=\"https:\/\/i0.wp.com\/eltrabajo.cl\/portal\/wp-content\/uploads\/2014\/10\/Imputado-Violacion.jpg?resize=300%2C175&amp;ssl=1 300w, https:\/\/i0.wp.com\/eltrabajo.cl\/portal\/wp-content\/uploads\/2014\/10\/Imputado-Violacion.jpg?resize=200%2C116&amp;ssl=1 200w, https:\/\/i0.wp.com\/eltrabajo.cl\/portal\/wp-content\/uploads\/2014\/10\/Imputado-Violacion.jpg?resize=150%2C87&amp;ssl=1 150w, https:\/\/i0.wp.com\/eltrabajo.cl\/portal\/wp-content\/uploads\/2014\/10\/Imputado-Violacion.jpg?resize=400%2C233&amp;ssl=1 400w, https:\/\/i0.wp.com\/eltrabajo.cl\/portal\/wp-content\/uploads\/2014\/10\/Imputado-Violacion.jpg?w=528&amp;ssl=1 528w\" sizes=\"auto, (max-width: 400px) 100vw, 400px\" \/><\/a><figcaption id=\"caption-attachment-52536\" class=\"wp-caption-text\">Abel R.J. de 43 a\u00f1os de edad, fue formalizado por cuatro delitos: dos Lesiones menos graves, Amenazas simples y Violaci\u00f3n impropia en contra de su hija de doce a\u00f1os al interior de su vivienda en Villa El Salitre de la comuna de Llay Llay.<\/figcaption><\/figure>\n<p>Una tormentosa noche de violencia y ultrajes vivi\u00f3 una mujer y sus dos peque\u00f1os hijos, tras ser v\u00edctimas de amenazas de muerte hacia ella por parte de esposo y ahora imputado por Violaci\u00f3n, quien, seg\u00fan las declaraciones de una de sus hijas de apenas 12 a\u00f1os, \u00e9l la habr\u00eda violentado sexualmente, oblig\u00e1ndola a realizar crueles actos de connotaci\u00f3n sexual cometidos al interior de una vivienda ubicada en Villa El Salitre de la comuna de Llay Llay.<\/p>\n<figure id=\"attachment_52538\" aria-describedby=\"caption-attachment-52538\" style=\"width: 240px\" class=\"wp-caption alignright\"><a href=\"https:\/\/i0.wp.com\/www.eltrabajo.cl\/portal\/wp-content\/uploads\/2014\/10\/basso.jpg\"><img data-recalc-dims=\"1\" loading=\"lazy\" decoding=\"async\" class=\"wp-image-52538\" src=\"https:\/\/i0.wp.com\/www.eltrabajo.cl\/portal\/wp-content\/uploads\/2014\/10\/basso-297x300.jpg?resize=240%2C242\" alt=\"Fiscal Osvaldo Basso.\" width=\"240\" height=\"242\" srcset=\"https:\/\/i0.wp.com\/eltrabajo.cl\/portal\/wp-content\/uploads\/2014\/10\/basso.jpg?resize=297%2C300&amp;ssl=1 297w, https:\/\/i0.wp.com\/eltrabajo.cl\/portal\/wp-content\/uploads\/2014\/10\/basso.jpg?resize=148%2C150&amp;ssl=1 148w, https:\/\/i0.wp.com\/eltrabajo.cl\/portal\/wp-content\/uploads\/2014\/10\/basso.jpg?resize=400%2C403&amp;ssl=1 400w, https:\/\/i0.wp.com\/eltrabajo.cl\/portal\/wp-content\/uploads\/2014\/10\/basso.jpg?w=529&amp;ssl=1 529w\" sizes=\"auto, (max-width: 240px) 100vw, 240px\" \/><\/a><figcaption id=\"caption-attachment-52538\" class=\"wp-caption-text\">Fiscal Osvaldo Basso.<\/figcaption><\/figure>\n<p><strong>LOS HECHOS<\/strong><br \/>\nLa cronolog\u00eda de estos hechos comienza cuando el imputado, identificado como Abel R.J. de 43 a\u00f1os, quien se desempe\u00f1aba como electricista en una minera en el norte del pa\u00eds, se encontraba con sus d\u00edas de descanso en su domicilio. Seg\u00fan se pudo conocer, durante el d\u00eda domingo estuvo compartiendo con sus dos hijos mellizos (ni\u00f1o y ni\u00f1a) de doce a\u00f1os de edad, los cuales se\u00f1alan que aquel d\u00eda su progenitor estuvo bebiendo cerveza en grandes cantidades, mientras disfrutaban un d\u00eda de paseo familiar, incluso ver juntos un partido de f\u00fatbol trasmitido por televisi\u00f3n.<br \/>\nHasta ese momento todo se desarrollaba en la m\u00e1s completa calma, hasta que al caer la noche, Abel lleg\u00f3 hasta su domicilio completamente ebrio, donde sostuvo una acalorada discusi\u00f3n con su esposa, acusando una aparente infidelidad mientras \u00e9l se encontraba a kil\u00f3metros de distancia en su trabajo. El altercado fue de proporciones ya que el sujeto habr\u00eda comenzado a romper y arrojar lo que encontraba a su paso, encolerizado por los supuestos actos que comet\u00eda su mujer, mientras los menores eran testigos de este enfrentamiento entre sus padres.<br \/>\nEn ese momento la hija de Abel se acerc\u00f3 a su progenitor para tratar de intervenir en la reyerta, la que habr\u00eda sido manoseada por el acusado frente a su esposa, quien le recrimin\u00f3 estos actos, lo que motiv\u00f3 a que Abel se dirigiera hasta la cocina para tomar un cuchillo y lo pusiera sobre el cuello de su mujer, amenaz\u00e1ndola de muerte, insistiendo en su tesis de la infidelidad.<br \/>\nLa ni\u00f1a consternada por la violenta escena entre sus padres, se interpuso entre sus progenitores siendo alcanzada por un golpe del violento padre en su rostro. En esos momentos, cuando los arrebatos del hombre ya no ten\u00edan l\u00edmite, la madre de los menores decidi\u00f3 abandonar el domicilio para dirigirse hasta la Subcomisar\u00eda de Llay Llay y pedir auxilio por lo sucedido.<\/p>\n<p><strong>EL ATAQUE<\/strong><br \/>\nDesafortunadamente los ni\u00f1os quedaron solos con su padre, quien aprovech\u00f3 la instancia para ordenar a su hijo que saliera de la vivienda, cerrando la puerta y posteriormente trasladar a la ni\u00f1a hasta la cocina, y as\u00ed realizarle tocaciones en sus partes \u00edntimas y no conforme a estas vejaciones, violarla bucalmente.<br \/>\nTras el incesto, la madre de los menores lleg\u00f3 hasta su casa en conjunto con Carabineros, observando a la menor sentada, llorando, manifestando de inmediato las atrocidades a las que fue sometida por su padre, quien fue detenido por los efectivos policiales.<br \/>\nPor instrucci\u00f3n de la fiscal\u00eda, el caso qued\u00f3 en manos de oficiales de la Brigada de Delitos Sexuales a Menores de la Polic\u00eda de Investigaciones de Los Andes, quienes realizaron los peritajes correspondientes, levantando evidencias como una toalla con fluidos corporales en el sitio del suceso, misma que ser\u00e1 periciada para establecer el ADN.<br \/>\nAsimismo en un centro hospitalario la madre y su hija, v\u00edctimas de estos hechos, fueron diagnosticadas con lesiones de car\u00e1cter menos graves para luego relatar en detalle a los polic\u00edas junto al otro menor involucrado, los sucesos que hab\u00eda cometido este sujeto.<\/p>\n<p><strong>HABLA LA NI\u00d1A<\/strong><br \/>\nLa ni\u00f1a de 12 a\u00f1os confes\u00f3 a los efectivos policiales las perversiones a las que fue sometida mientras su madre ped\u00eda ayuda a Carabineros, manifestando que en otra circunstancia ya hab\u00eda sido abusada sexualmente por su padre, a quien tem\u00eda delatar por su constante personalidad violenta que ten\u00eda con su mam\u00e1, siendo testigos con su hermano de episodios de violencia intrafamiliar.<br \/>\nEl Fiscal Osvaldo Basso lo formaliz\u00f3 el d\u00eda de ayer lunes por dos delitos de Lesiones menos graves hacia su esposa e hija, adem\u00e1s de Amenazas simples y Violaci\u00f3n impropia contra su hija de doce a\u00f1os, requiriendo ante la Magistrado Roc\u00edo Oscariz Collarte, la m\u00e1xima cautelar de Prisi\u00f3n Preventiva, por representar un serio peligro para las v\u00edctimas y el resto de la sociedad.<br \/>\nTras un largo debate entre la Defensa y el Ministerio P\u00fablico por las serias acusaciones, el tribunal concluy\u00f3 que los tres testimonios de la esposa y sus hijos en contra del imputado, eran coincidentes con la cronolog\u00eda de los hechos y no restaban credibilidad hacia las afectadas, por lo cual orden\u00f3 su ingreso al Centro de Cumplimiento Penitenciario de Los Andes para que cumpla por 120 d\u00edas de investigaci\u00f3n la cautelar de Prisi\u00f3n Preventiva.<br \/>\n\u201cPudimos sustentar los antecedentes y fundamentos suficientes para hacer valer ante el tribunal que \u00e9ste decretase la cautelar de prisi\u00f3n preventiva contra el imputado, porque estimamos que su libertad es peligrosa para la seguridad de la sociedad y un inminente peligro de fuga, adem\u00e1s de claro y serio peligro para la seguridad de las v\u00edctimas\u201d, afirm\u00f3 el Fiscal Osvaldo Basso a Diario El Trabajo.<br \/>\nEl persecutor se\u00f1al\u00f3 que las penas que arriesga el imputado por el delito de Violaci\u00f3n parten desde los cinco a\u00f1os y un d\u00eda a 20 a\u00f1os de c\u00e1rcel, mientras que los delitos de Lesiones menos graves y Amenazas la ley establece penas desde los 61 a 540 d\u00edas de presidio.<br \/>\nPablo Salinas Sald\u00edas<\/p>\n","protected":false},"excerpt":{"rendered":"<p>Una tormentosa noche de violencia y ultrajes vivi\u00f3 una mujer y sus dos peque\u00f1os hijos, tras ser v\u00edctimas de amenazas de muerte hacia ella por parte de esposo y ahora imputado por&#8230;<\/p>\n","protected":false},"author":482,"featured_media":52536,"comment_status":"open","ping_status":"closed","sticky":false,"template":"","format":"standard","meta":{"advanced_seo_description":"","jetpack_seo_html_title":"","jetpack_seo_noindex":false,"_jetpack_memberships_contains_paid_content":false,"footnotes":""},"categories":[21],"tags":[],"class_list":["post-52535","post","type-post","status-publish","format-standard","has-post-thumbnail","hentry","category-policial"],"jetpack_featured_media_url":"https:\/\/i0.wp.com\/eltrabajo.cl\/portal\/wp-content\/uploads\/2014\/10\/Imputado-Violacion.jpg?fit=528%2C308&ssl=1","jetpack_sharing_enabled":true,"jetpack_likes_enabled":true,"jetpack-related-posts":[],"_links":{"self":[{"href":"https:\/\/eltrabajo.cl\/portal\/wp-json\/wp\/v2\/posts\/52535","targetHints":{"allow":["GET"]}}],"collection":[{"href":"https:\/\/eltrabajo.cl\/portal\/wp-json\/wp\/v2\/posts"}],"about":[{"href":"https:\/\/eltrabajo.cl\/portal\/wp-json\/wp\/v2\/types\/post"}],"author":[{"embeddable":true,"href":"https:\/\/eltrabajo.cl\/portal\/wp-json\/wp\/v2\/users\/482"}],"replies":[{"embeddable":true,"href":"https:\/\/eltrabajo.cl\/portal\/wp-json\/wp\/v2\/comments?post=52535"}],"version-history":[{"count":0,"href":"https:\/\/eltrabajo.cl\/portal\/wp-json\/wp\/v2\/posts\/52535\/revisions"}],"wp:featuredmedia":[{"embeddable":true,"href":"https:\/\/eltrabajo.cl\/portal\/wp-json\/wp\/v2\/media\/52536"}],"wp:attachment":[{"href":"https:\/\/eltrabajo.cl\/portal\/wp-json\/wp\/v2\/media?parent=52535"}],"wp:term":[{"taxonomy":"category","embeddable":true,"href":"https:\/\/eltrabajo.cl\/portal\/wp-json\/wp\/v2\/categories?post=52535"},{"taxonomy":"post_tag","embeddable":true,"href":"https:\/\/eltrabajo.cl\/portal\/wp-json\/wp\/v2\/tags?post=52535"}],"curies":[{"name":"wp","href":"https:\/\/api.w.org\/{rel}","templated":true}]}}