{"id":52545,"date":"2014-10-22T09:22:57","date_gmt":"2014-10-22T12:22:57","guid":{"rendered":"http:\/\/www.eltrabajo.cl\/portal\/?p=52545"},"modified":"2014-10-22T09:22:57","modified_gmt":"2014-10-22T12:22:57","slug":"este-sabado-lanzan-la-fiesta-de-la-primavera","status":"publish","type":"post","link":"https:\/\/eltrabajo.cl\/portal\/este-sabado-lanzan-la-fiesta-de-la-primavera\/","title":{"rendered":"Este s\u00e1bado lanzan la Fiesta de la Primavera"},"content":{"rendered":"<figure id=\"attachment_52546\" aria-describedby=\"caption-attachment-52546\" style=\"width: 528px\" class=\"wp-caption alignnone\"><a href=\"https:\/\/i0.wp.com\/www.eltrabajo.cl\/portal\/wp-content\/uploads\/2014\/10\/pRIMAVERA.jpg\"><img data-recalc-dims=\"1\" loading=\"lazy\" decoding=\"async\" class=\"size-full wp-image-52546\" src=\"https:\/\/i0.wp.com\/www.eltrabajo.cl\/portal\/wp-content\/uploads\/2014\/10\/pRIMAVERA.jpg?resize=528%2C294\" alt=\"Los integrantes de la comisi\u00f3n organizadora de la Fiesta de la Primavera, reiteraron el llamado a la gente para que participe este s\u00e1bado 25 y el pr\u00f3ximo 22 de noviembre.\" width=\"528\" height=\"294\" srcset=\"https:\/\/i0.wp.com\/eltrabajo.cl\/portal\/wp-content\/uploads\/2014\/10\/pRIMAVERA.jpg?w=528&amp;ssl=1 528w, https:\/\/i0.wp.com\/eltrabajo.cl\/portal\/wp-content\/uploads\/2014\/10\/pRIMAVERA.jpg?resize=200%2C111&amp;ssl=1 200w, https:\/\/i0.wp.com\/eltrabajo.cl\/portal\/wp-content\/uploads\/2014\/10\/pRIMAVERA.jpg?resize=300%2C167&amp;ssl=1 300w, https:\/\/i0.wp.com\/eltrabajo.cl\/portal\/wp-content\/uploads\/2014\/10\/pRIMAVERA.jpg?resize=150%2C83&amp;ssl=1 150w, https:\/\/i0.wp.com\/eltrabajo.cl\/portal\/wp-content\/uploads\/2014\/10\/pRIMAVERA.jpg?resize=400%2C222&amp;ssl=1 400w\" sizes=\"auto, (max-width: 528px) 100vw, 528px\" \/><\/a><figcaption id=\"caption-attachment-52546\" class=\"wp-caption-text\">Los integrantes de la comisi\u00f3n organizadora de la Fiesta de la Primavera, reiteraron el llamado a la gente para que participe este s\u00e1bado 25 y el pr\u00f3ximo 22 de noviembre.<\/figcaption><\/figure>\n<p>Un llamado a las organizaciones funcionales y territoriales de la comuna, as\u00ed como a las instituciones educacionales y empresas, formul\u00f3 la Comisi\u00f3n organizadora de la Fiesta de la Primavera, actividad cuyo lanzamiento se desarrollar\u00e1 este s\u00e1bado en pleno centro de San Felipe, por Calle Salinas.<br \/>\nLa informaci\u00f3n la entreg\u00f3 Carla Rodr\u00edguez, representando a la comisi\u00f3n organizadora y al Depatamento de Organizaciones Comunitarias de la municipalidad, quien se\u00f1al\u00f3 que en la oportunidad las agrupaciones podr\u00e1n inscribirse para participar con sus candidatas a reina, as\u00ed como con sus carros aleg\u00f3ricos en la actividad central que se desarrollar\u00e1 el pr\u00f3ximo mes, espec\u00edficamente el 22 de noviembre.<br \/>\n\u201cEste s\u00e1bado se realizar\u00e1 el lanzamiento de la Fiesta de la Primavera. Se presentaran algunos grupos, habr\u00e1 integrantes de la comisi\u00f3n organizadora para que inscriban a sus candidatas y a sus organizaciones, como una manera de darle un pus en definitiva y as\u00ed promover esta Fiesta de la Primavera, para que sea buena y grande, pero sobre todo muy participativa\u201d, se\u00f1al\u00f3.<br \/>\nExplic\u00f3 que la idea de retomar la Fiesta de la Primavera, naci\u00f3 de un grupo de dirigentes sociales de la comuna, como una forma de restablecer una tradici\u00f3n en la comuna de San Felipe que le daba el sello de participaci\u00f3n y alegr\u00eda a la ciudad.<br \/>\n\u201cEl d\u00eda 22 se presentar\u00e1n las candidatas a reina, el desfile de carros aleg\u00f3ricos y la premiaci\u00f3n. Ac\u00e1 se ha convocado a la gran mayor\u00eda de las organizaciones sociales, deportivas, culturales, femeninas, del adulto mayor, a todos, para que se sumen y participen activamente de este evento\u201d, precis\u00f3 Carla Rodr\u00edguez.<br \/>\nReiter\u00f3 que la invitaci\u00f3n es a toda la comunidad organizada, incluidos los establecimientos educacionales y las empresas, ya que lo que se persigue con esta Fiesta es celebrar a la ciudad y a sus habitantes, indistintamente del grupo que los represente.<\/p>\n","protected":false},"excerpt":{"rendered":"<p>Un llamado a las organizaciones funcionales y territoriales de la comuna, as\u00ed como a las instituciones educacionales y empresas, formul\u00f3 la Comisi\u00f3n organizadora de la Fiesta de la Primavera, actividad cuyo lanzamiento&#8230;<\/p>\n","protected":false},"author":482,"featured_media":52546,"comment_status":"open","ping_status":"closed","sticky":false,"template":"","format":"standard","meta":{"advanced_seo_description":"","jetpack_seo_html_title":"","jetpack_seo_noindex":false,"_jetpack_memberships_contains_paid_content":false,"footnotes":""},"categories":[15],"tags":[],"class_list":["post-52545","post","type-post","status-publish","format-standard","has-post-thumbnail","hentry","category-comunidad"],"jetpack_featured_media_url":"https:\/\/i0.wp.com\/eltrabajo.cl\/portal\/wp-content\/uploads\/2014\/10\/pRIMAVERA.jpg?fit=528%2C294&ssl=1","jetpack_sharing_enabled":true,"jetpack_likes_enabled":true,"jetpack-related-posts":[],"_links":{"self":[{"href":"https:\/\/eltrabajo.cl\/portal\/wp-json\/wp\/v2\/posts\/52545","targetHints":{"allow":["GET"]}}],"collection":[{"href":"https:\/\/eltrabajo.cl\/portal\/wp-json\/wp\/v2\/posts"}],"about":[{"href":"https:\/\/eltrabajo.cl\/portal\/wp-json\/wp\/v2\/types\/post"}],"author":[{"embeddable":true,"href":"https:\/\/eltrabajo.cl\/portal\/wp-json\/wp\/v2\/users\/482"}],"replies":[{"embeddable":true,"href":"https:\/\/eltrabajo.cl\/portal\/wp-json\/wp\/v2\/comments?post=52545"}],"version-history":[{"count":0,"href":"https:\/\/eltrabajo.cl\/portal\/wp-json\/wp\/v2\/posts\/52545\/revisions"}],"wp:featuredmedia":[{"embeddable":true,"href":"https:\/\/eltrabajo.cl\/portal\/wp-json\/wp\/v2\/media\/52546"}],"wp:attachment":[{"href":"https:\/\/eltrabajo.cl\/portal\/wp-json\/wp\/v2\/media?parent=52545"}],"wp:term":[{"taxonomy":"category","embeddable":true,"href":"https:\/\/eltrabajo.cl\/portal\/wp-json\/wp\/v2\/categories?post=52545"},{"taxonomy":"post_tag","embeddable":true,"href":"https:\/\/eltrabajo.cl\/portal\/wp-json\/wp\/v2\/tags?post=52545"}],"curies":[{"name":"wp","href":"https:\/\/api.w.org\/{rel}","templated":true}]}}