{"id":52578,"date":"2014-10-22T09:41:52","date_gmt":"2014-10-22T12:41:52","guid":{"rendered":"http:\/\/www.eltrabajo.cl\/portal\/?p=52578"},"modified":"2014-10-22T17:12:06","modified_gmt":"2014-10-22T20:12:06","slug":"en-50-segundos-tres-hampones-asaltaron-local-de-servicentro","status":"publish","type":"post","link":"https:\/\/eltrabajo.cl\/portal\/en-50-segundos-tres-hampones-asaltaron-local-de-servicentro\/","title":{"rendered":"En 50 segundos dos hampones asaltaron local de servicentro"},"content":{"rendered":"<figure id=\"attachment_52579\" aria-describedby=\"caption-attachment-52579\" style=\"width: 529px\" class=\"wp-caption alignnone\"><a href=\"https:\/\/i0.wp.com\/www.eltrabajo.cl\/portal\/wp-content\/uploads\/2014\/10\/Copec-robo-1.jpg\"><img data-recalc-dims=\"1\" loading=\"lazy\" decoding=\"async\" class=\"size-full wp-image-52579\" src=\"https:\/\/i0.wp.com\/www.eltrabajo.cl\/portal\/wp-content\/uploads\/2014\/10\/Copec-robo-1.jpg?resize=529%2C349\" alt=\"El momento en que antisocial apunta con un cuchillo directo al cuello del cajero del Pronto Copec de Avenida O\u00b4higgins en San Felipe.\" width=\"529\" height=\"349\" srcset=\"https:\/\/i0.wp.com\/eltrabajo.cl\/portal\/wp-content\/uploads\/2014\/10\/Copec-robo-1.jpg?w=529&amp;ssl=1 529w, https:\/\/i0.wp.com\/eltrabajo.cl\/portal\/wp-content\/uploads\/2014\/10\/Copec-robo-1.jpg?resize=200%2C131&amp;ssl=1 200w, https:\/\/i0.wp.com\/eltrabajo.cl\/portal\/wp-content\/uploads\/2014\/10\/Copec-robo-1.jpg?resize=300%2C197&amp;ssl=1 300w, https:\/\/i0.wp.com\/eltrabajo.cl\/portal\/wp-content\/uploads\/2014\/10\/Copec-robo-1.jpg?resize=150%2C98&amp;ssl=1 150w, https:\/\/i0.wp.com\/eltrabajo.cl\/portal\/wp-content\/uploads\/2014\/10\/Copec-robo-1.jpg?resize=400%2C263&amp;ssl=1 400w\" sizes=\"auto, (max-width: 529px) 100vw, 529px\" \/><\/a><figcaption id=\"caption-attachment-52579\" class=\"wp-caption-text\">El momento en que antisocial apunta con un cuchillo directo al cuello del cajero del Pronto Copec de Avenida O\u00b4higgins en San Felipe.<\/figcaption><\/figure>\n<p>Faltando un minuto para las tres de la madrugada de ayer martes, dos sujetos ingresaron hasta el local \u2018Pronto\u2019 de Servicentro Copec, ubicado en Avenida O\u2019Higgins de San Felipe, haci\u00e9ndose pasar por clientes, cuando en cuesti\u00f3n de segundos uno de los antisociales sac\u00f3 de entre sus vestimentas un cuchillo para intimidar al cajero y de esta forma apoderarse del dinero que se encontraba al interior de la caja registradora.<\/p>\n<p><strong>VALIENTE MUJER<\/strong><br \/>\nEn el lugar se encontraba una funcionaria que se desempe\u00f1a como guardia de seguridad, quien a pesar de su corta estatura comenz\u00f3 a forcejear valientemente con uno de los delincuentes, mientras el otro sujeto trajinaba la caja registradora apuntando directamente sobre el cuello del cajero en dos ocasiones, dej\u00e1ndolo absolutamente inmovilizado y perplejo ante un posible ataque en su contra que lo pudiese dejar herido.<br \/>\nDurante el asalto, mismo que fue registrado por las c\u00e1maras de seguridad del local comercial, quedaron grabadas las im\u00e1genes de los momentos exactos del enfrentamiento, grabaci\u00f3n que fue obtenida en exclusiva por Diario El Trabajo, y que plasma los movimientos que realizaron los delincuentes que alcanzaron a hacer dentro de un minuto y escasos segundos, donde se visualiza a una valiente guardia que sin dudarlo, intercept\u00f3 a uno de estos antisociales, inclusive golpeando en su brazo en los momentos que abandonaban el lugar de los hechos con el dinero.<br \/>\nLa situaci\u00f3n gener\u00f3 bastante tensi\u00f3n y nerviosismo entre los trabajadores del servicentro, quienes se percataron que los malhechores lograron apoderarse de una suma cercana a los $60.000, escapando en direcci\u00f3n desconocida. Sin embargo los afectados dieron aviso a Carabineros, cuya unidad literalmente se ubica a s\u00f3lo pasos de Servicentro Copec, haciendo su aparici\u00f3n en cuesti\u00f3n de minutos para realizar diversos patrullajes por los sectores aleda\u00f1os.<br \/>\nSeg\u00fan se pudo conocer, los efectivos policiales de acuerdo a la descripci\u00f3n f\u00edsica proporcionada por los testigos, observaron a dos sujetos que transitaban por calle Manuel de Lima en direcci\u00f3n a Villa El Carmen y Dolores, quienes se hab\u00edan despojado de sus polerones que portaban al momento de cometer el asalto, para arrojarlos al interior de unas viviendas para evitar ser reconocidos.<\/p>\n<p><strong>SON CAPTURADOS<\/strong><br \/>\nHasta ese momento las sospechas eran evidentes, pero gracias a las capturas audiovisuales de las c\u00e1maras de seguridad permiti\u00f3 a la Polic\u00eda situar a estos sujetos en el lugar de los hechos, como autores de este delito, siendo reconocidos posteriormente por las v\u00edctimas. Las diligencias s\u00f3lo permitieron la recuperaci\u00f3n de $14.000 del monto total sustra\u00eddo.<br \/>\nEn tanto el Ministerio P\u00fablico formaliz\u00f3 a los imputados identificados como Miguel Antonio R.H. y Cristian Eduardo Q.P., ambos mayores de edad con antecedentes delictivos. El Fiscal Osvaldo Basso present\u00f3 como evidencias ante el tribunal dicho registro audiovisual para establecer la participaci\u00f3n de ambos sujetos como autores de Robo con intimidaci\u00f3n.<br \/>\nEl persecutor insisti\u00f3 en su alegato de que los imputados son un grave peligro para la seguridad de la sociedad, requiriendo ante la Magistrado Roc\u00edo Oscariz Collarte la m\u00e1xima cautelar de Prisi\u00f3n Preventiva, medida que fue aceptada por la magistrado del Juzgado de Garant\u00eda de San Felipe, decretando un plazo de investigaci\u00f3n de 60 d\u00edas. Cabe destacar que ambos sujetos arriesgan penas que podr\u00edan alcanzar hasta los 20 a\u00f1os de c\u00e1rcel tras la realizaci\u00f3n de un juicio oral.<br \/>\n\u201cLos ahora imputados arriesgan cada uno, una pena que va desde los diez a\u00f1os y un d\u00eda de presidio mayor en su grado medio, hasta 20 a\u00f1os de presidio mayor en su grado m\u00e1ximo, a la fecha de este hecho ambos pose\u00edan condenas anteriores, procesos pendientes y medidas cautelares vigentes\u201d, afirm\u00f3 El Fiscal Osvaldo Basso.<br \/>\nPor su parte la propietaria de Servicentro Copec, Patricia Manzur, destac\u00f3 la labor tanto de Carabineros como de la fiscal\u00eda en permitir la captura y posterior formalizaci\u00f3n de los imputados a la espera que puedan ser condenados a una ejemplar condena, \u201chemos sido afectado de diversos delitos sobre todo los fines de semana, afortunadamente nuestros trabajadores no fueron heridos por estos sujetos. Hay que destacar que Carabineros concurri\u00f3 de inmediato y permiti\u00f3 la detenci\u00f3n de estos delincuentes\u201d, precis\u00f3 Patricia Manzur a Diario El Trabajo.<br \/>\nPablo Salinas Sald\u00edas<\/p>\n<div class=\"tiled-gallery type-rectangular tiled-gallery-unresized\" data-original-width=\"640\" data-carousel-extra='null' itemscope itemtype=\"http:\/\/schema.org\/ImageGallery\" > <div class=\"gallery-row\" style=\"width: 640px; height: 291px;\" data-original-width=\"640\" data-original-height=\"291\" > <div class=\"gallery-group images-1\" style=\"width: 415px; height: 291px;\" data-original-width=\"415\" data-original-height=\"291\" > <div class=\"tiled-gallery-item tiled-gallery-item-large\" itemprop=\"associatedMedia\" itemscope itemtype=\"http:\/\/schema.org\/ImageObject\"> <a href=\"https:\/\/eltrabajo.cl\/portal\/en-50-segundos-tres-hampones-asaltaron-local-de-servicentro\/copec-robo-3\/\" border=\"0\" itemprop=\"url\"> <meta itemprop=\"width\" content=\"411\"> <meta itemprop=\"height\" content=\"287\"> <img decoding=\"async\" class=\"\" data-attachment-id=\"52581\" data-orig-file=\"https:\/\/eltrabajo.cl\/portal\/wp-content\/uploads\/2014\/10\/Copec-robo-3.jpg\" data-orig-size=\"529,370\" data-comments-opened=\"1\" data-image-meta=\"{&quot;aperture&quot;:&quot;0&quot;,&quot;credit&quot;:&quot;&quot;,&quot;camera&quot;:&quot;&quot;,&quot;caption&quot;:&quot;&quot;,&quot;created_timestamp&quot;:&quot;0&quot;,&quot;copyright&quot;:&quot;&quot;,&quot;focal_length&quot;:&quot;0&quot;,&quot;iso&quot;:&quot;0&quot;,&quot;shutter_speed&quot;:&quot;0&quot;,&quot;title&quot;:&quot;&quot;,&quot;orientation&quot;:&quot;0&quot;}\" data-image-title=\"Copec robo 3\" data-image-description=\"&lt;p&gt;La imagen capta cuando el delincuente que se encontraba armado se ocupa de sustraer los $60.000 desde la caja registradora.&lt;\/p&gt; \" data-medium-file=\"https:\/\/i0.wp.com\/eltrabajo.cl\/portal\/wp-content\/uploads\/2014\/10\/Copec-robo-3.jpg?fit=300%2C209&#038;ssl=1\" data-large-file=\"https:\/\/i0.wp.com\/eltrabajo.cl\/portal\/wp-content\/uploads\/2014\/10\/Copec-robo-3.jpg?fit=529%2C370&#038;ssl=1\" src=\"https:\/\/i0.wp.com\/eltrabajo.cl\/portal\/wp-content\/uploads\/2014\/10\/Copec-robo-3.jpg?w=411&#038;h=287&#038;ssl=1\" srcset=\"https:\/\/i0.wp.com\/eltrabajo.cl\/portal\/wp-content\/uploads\/2014\/10\/Copec-robo-3.jpg?w=529&amp;ssl=1 529w, https:\/\/i0.wp.com\/eltrabajo.cl\/portal\/wp-content\/uploads\/2014\/10\/Copec-robo-3.jpg?resize=200%2C139&amp;ssl=1 200w, https:\/\/i0.wp.com\/eltrabajo.cl\/portal\/wp-content\/uploads\/2014\/10\/Copec-robo-3.jpg?resize=300%2C209&amp;ssl=1 300w, https:\/\/i0.wp.com\/eltrabajo.cl\/portal\/wp-content\/uploads\/2014\/10\/Copec-robo-3.jpg?resize=150%2C104&amp;ssl=1 150w, https:\/\/i0.wp.com\/eltrabajo.cl\/portal\/wp-content\/uploads\/2014\/10\/Copec-robo-3.jpg?resize=400%2C279&amp;ssl=1 400w\" width=\"411\" height=\"287\" loading=\"lazy\" data-original-width=\"411\" data-original-height=\"287\" itemprop=\"http:\/\/schema.org\/image\" title=\"Copec robo 3\" alt=\"La imagen capta cuando el delincuente que se encontraba armado se ocupa de sustraer los $60.000 desde la caja registradora.\" style=\"width: 411px; height: 287px;\" \/> <\/a> <div class=\"tiled-gallery-caption\" itemprop=\"caption description\"> La imagen capta cuando el delincuente que se encontraba armado se ocupa de sustraer los $60.000 desde la caja registradora. <\/div> <\/div> <\/div> <!-- close group --> <div class=\"gallery-group images-2\" style=\"width: 225px; height: 291px;\" data-original-width=\"225\" data-original-height=\"291\" > <div class=\"tiled-gallery-item tiled-gallery-item-small\" itemprop=\"associatedMedia\" itemscope itemtype=\"http:\/\/schema.org\/ImageObject\"> <a href=\"https:\/\/eltrabajo.cl\/portal\/en-50-segundos-tres-hampones-asaltaron-local-de-servicentro\/copec-robo-2\/\" border=\"0\" itemprop=\"url\"> <meta itemprop=\"width\" content=\"221\"> <meta itemprop=\"height\" content=\"148\"> <img decoding=\"async\" class=\"\" data-attachment-id=\"52580\" data-orig-file=\"https:\/\/eltrabajo.cl\/portal\/wp-content\/uploads\/2014\/10\/Copec-robo-2.jpg\" data-orig-size=\"529,354\" data-comments-opened=\"1\" data-image-meta=\"{&quot;aperture&quot;:&quot;0&quot;,&quot;credit&quot;:&quot;&quot;,&quot;camera&quot;:&quot;&quot;,&quot;caption&quot;:&quot;&quot;,&quot;created_timestamp&quot;:&quot;0&quot;,&quot;copyright&quot;:&quot;&quot;,&quot;focal_length&quot;:&quot;0&quot;,&quot;iso&quot;:&quot;0&quot;,&quot;shutter_speed&quot;:&quot;0&quot;,&quot;title&quot;:&quot;&quot;,&quot;orientation&quot;:&quot;0&quot;}\" data-image-title=\"Copec robo 2\" data-image-description=\"&lt;p&gt;La guardia forcejea con el segundo delincuente que se encontraba al interior del local comercial.&lt;\/p&gt; \" data-medium-file=\"https:\/\/i0.wp.com\/eltrabajo.cl\/portal\/wp-content\/uploads\/2014\/10\/Copec-robo-2.jpg?fit=300%2C200&#038;ssl=1\" data-large-file=\"https:\/\/i0.wp.com\/eltrabajo.cl\/portal\/wp-content\/uploads\/2014\/10\/Copec-robo-2.jpg?fit=529%2C354&#038;ssl=1\" src=\"https:\/\/i0.wp.com\/eltrabajo.cl\/portal\/wp-content\/uploads\/2014\/10\/Copec-robo-2.jpg?w=221&#038;h=148&#038;ssl=1\" srcset=\"https:\/\/i0.wp.com\/eltrabajo.cl\/portal\/wp-content\/uploads\/2014\/10\/Copec-robo-2.jpg?w=529&amp;ssl=1 529w, https:\/\/i0.wp.com\/eltrabajo.cl\/portal\/wp-content\/uploads\/2014\/10\/Copec-robo-2.jpg?resize=200%2C133&amp;ssl=1 200w, https:\/\/i0.wp.com\/eltrabajo.cl\/portal\/wp-content\/uploads\/2014\/10\/Copec-robo-2.jpg?resize=300%2C200&amp;ssl=1 300w, https:\/\/i0.wp.com\/eltrabajo.cl\/portal\/wp-content\/uploads\/2014\/10\/Copec-robo-2.jpg?resize=150%2C100&amp;ssl=1 150w, https:\/\/i0.wp.com\/eltrabajo.cl\/portal\/wp-content\/uploads\/2014\/10\/Copec-robo-2.jpg?resize=400%2C267&amp;ssl=1 400w\" width=\"221\" height=\"148\" loading=\"lazy\" data-original-width=\"221\" data-original-height=\"148\" itemprop=\"http:\/\/schema.org\/image\" title=\"Copec robo 2\" alt=\"La guardia forcejea con el segundo delincuente que se encontraba al interior del local comercial.\" style=\"width: 221px; height: 148px;\" \/> <\/a> <div class=\"tiled-gallery-caption\" itemprop=\"caption description\"> La guardia forcejea con el segundo delincuente que se encontraba al interior del local comercial. <\/div> <\/div> <div class=\"tiled-gallery-item tiled-gallery-item-small\" itemprop=\"associatedMedia\" itemscope itemtype=\"http:\/\/schema.org\/ImageObject\"> <a href=\"https:\/\/eltrabajo.cl\/portal\/en-50-segundos-tres-hampones-asaltaron-local-de-servicentro\/copec-robo-5\/\" border=\"0\" itemprop=\"url\"> <meta itemprop=\"width\" content=\"221\"> <meta itemprop=\"height\" content=\"135\"> <img decoding=\"async\" class=\"\" data-attachment-id=\"52582\" data-orig-file=\"https:\/\/eltrabajo.cl\/portal\/wp-content\/uploads\/2014\/10\/Copec-robo-5.jpg\" data-orig-size=\"529,324\" data-comments-opened=\"1\" data-image-meta=\"{&quot;aperture&quot;:&quot;0&quot;,&quot;credit&quot;:&quot;&quot;,&quot;camera&quot;:&quot;&quot;,&quot;caption&quot;:&quot;&quot;,&quot;created_timestamp&quot;:&quot;0&quot;,&quot;copyright&quot;:&quot;&quot;,&quot;focal_length&quot;:&quot;0&quot;,&quot;iso&quot;:&quot;0&quot;,&quot;shutter_speed&quot;:&quot;0&quot;,&quot;title&quot;:&quot;&quot;,&quot;orientation&quot;:&quot;0&quot;}\" data-image-title=\"Copec robo 5\" data-image-description=\"&lt;p&gt;En tan s\u00f3lo un minuto los antisociales escapan y al salir la guardia golpea a uno de los sujetos que vest\u00eda el poler\u00f3n con la marca \u2018Argentina\u2019 en unos de sus brazos, en se\u00f1al de repudio por lo sucedido.&lt;\/p&gt; \" data-medium-file=\"https:\/\/i0.wp.com\/eltrabajo.cl\/portal\/wp-content\/uploads\/2014\/10\/Copec-robo-5.jpg?fit=300%2C183&#038;ssl=1\" data-large-file=\"https:\/\/i0.wp.com\/eltrabajo.cl\/portal\/wp-content\/uploads\/2014\/10\/Copec-robo-5.jpg?fit=529%2C324&#038;ssl=1\" src=\"https:\/\/i0.wp.com\/eltrabajo.cl\/portal\/wp-content\/uploads\/2014\/10\/Copec-robo-5.jpg?w=221&#038;h=135&#038;ssl=1\" srcset=\"https:\/\/i0.wp.com\/eltrabajo.cl\/portal\/wp-content\/uploads\/2014\/10\/Copec-robo-5.jpg?w=529&amp;ssl=1 529w, https:\/\/i0.wp.com\/eltrabajo.cl\/portal\/wp-content\/uploads\/2014\/10\/Copec-robo-5.jpg?resize=200%2C122&amp;ssl=1 200w, https:\/\/i0.wp.com\/eltrabajo.cl\/portal\/wp-content\/uploads\/2014\/10\/Copec-robo-5.jpg?resize=300%2C183&amp;ssl=1 300w, https:\/\/i0.wp.com\/eltrabajo.cl\/portal\/wp-content\/uploads\/2014\/10\/Copec-robo-5.jpg?resize=150%2C91&amp;ssl=1 150w, https:\/\/i0.wp.com\/eltrabajo.cl\/portal\/wp-content\/uploads\/2014\/10\/Copec-robo-5.jpg?resize=400%2C244&amp;ssl=1 400w\" width=\"221\" height=\"135\" loading=\"lazy\" data-original-width=\"221\" data-original-height=\"135\" itemprop=\"http:\/\/schema.org\/image\" title=\"Copec robo 5\" alt=\"En tan s\u00f3lo un minuto los antisociales escapan y al salir la guardia golpea a uno de los sujetos que vest\u00eda el poler\u00f3n con la marca \u2018Argentina\u2019 en unos de sus brazos, en se\u00f1al de repudio por lo sucedido.\" style=\"width: 221px; height: 135px;\" \/> <\/a> <div class=\"tiled-gallery-caption\" itemprop=\"caption description\"> En tan s\u00f3lo un minuto los antisociales escapan y al salir la guardia golpea a uno de los sujetos que vest\u00eda el poler\u00f3n con la marca \u2018Argentina\u2019 en unos de sus brazos, en se\u00f1al de repudio por lo sucedido. <\/div> <\/div> <\/div> <!-- close group --> <\/div> <!-- close row --> <\/div>\n","protected":false},"excerpt":{"rendered":"<p>Faltando un minuto para las tres de la madrugada de ayer martes, dos sujetos ingresaron hasta el local \u2018Pronto\u2019 de Servicentro Copec, ubicado en Avenida O\u2019Higgins de San Felipe, haci\u00e9ndose pasar por&#8230;<\/p>\n","protected":false},"author":482,"featured_media":52579,"comment_status":"open","ping_status":"closed","sticky":false,"template":"","format":"standard","meta":{"advanced_seo_description":"","jetpack_seo_html_title":"","jetpack_seo_noindex":false,"_jetpack_memberships_contains_paid_content":false,"footnotes":""},"categories":[21],"tags":[],"class_list":["post-52578","post","type-post","status-publish","format-standard","has-post-thumbnail","hentry","category-policial"],"jetpack_featured_media_url":"https:\/\/i0.wp.com\/eltrabajo.cl\/portal\/wp-content\/uploads\/2014\/10\/Copec-robo-1.jpg?fit=529%2C349&ssl=1","jetpack_sharing_enabled":true,"jetpack_likes_enabled":true,"jetpack-related-posts":[],"_links":{"self":[{"href":"https:\/\/eltrabajo.cl\/portal\/wp-json\/wp\/v2\/posts\/52578","targetHints":{"allow":["GET"]}}],"collection":[{"href":"https:\/\/eltrabajo.cl\/portal\/wp-json\/wp\/v2\/posts"}],"about":[{"href":"https:\/\/eltrabajo.cl\/portal\/wp-json\/wp\/v2\/types\/post"}],"author":[{"embeddable":true,"href":"https:\/\/eltrabajo.cl\/portal\/wp-json\/wp\/v2\/users\/482"}],"replies":[{"embeddable":true,"href":"https:\/\/eltrabajo.cl\/portal\/wp-json\/wp\/v2\/comments?post=52578"}],"version-history":[{"count":0,"href":"https:\/\/eltrabajo.cl\/portal\/wp-json\/wp\/v2\/posts\/52578\/revisions"}],"wp:featuredmedia":[{"embeddable":true,"href":"https:\/\/eltrabajo.cl\/portal\/wp-json\/wp\/v2\/media\/52579"}],"wp:attachment":[{"href":"https:\/\/eltrabajo.cl\/portal\/wp-json\/wp\/v2\/media?parent=52578"}],"wp:term":[{"taxonomy":"category","embeddable":true,"href":"https:\/\/eltrabajo.cl\/portal\/wp-json\/wp\/v2\/categories?post=52578"},{"taxonomy":"post_tag","embeddable":true,"href":"https:\/\/eltrabajo.cl\/portal\/wp-json\/wp\/v2\/tags?post=52578"}],"curies":[{"name":"wp","href":"https:\/\/api.w.org\/{rel}","templated":true}]}}