{"id":52592,"date":"2014-10-23T09:25:28","date_gmt":"2014-10-23T12:25:28","guid":{"rendered":"http:\/\/www.eltrabajo.cl\/portal\/?p=52592"},"modified":"2014-10-23T09:25:28","modified_gmt":"2014-10-23T12:25:28","slug":"manana-realizaran-malon-adulto-mayor-2014","status":"publish","type":"post","link":"https:\/\/eltrabajo.cl\/portal\/manana-realizaran-malon-adulto-mayor-2014\/","title":{"rendered":"Ma\u00f1ana realizar\u00e1n Mal\u00f3n Adulto Mayor 2014"},"content":{"rendered":"<figure id=\"attachment_52593\" aria-describedby=\"caption-attachment-52593\" style=\"width: 529px\" class=\"wp-caption alignnone\"><a href=\"https:\/\/i0.wp.com\/www.eltrabajo.cl\/portal\/wp-content\/uploads\/2014\/10\/Abuelos16.jpg\"><img data-recalc-dims=\"1\" loading=\"lazy\" decoding=\"async\" class=\"size-full wp-image-52593\" src=\"https:\/\/i0.wp.com\/www.eltrabajo.cl\/portal\/wp-content\/uploads\/2014\/10\/Abuelos16.jpg?resize=529%2C362\" alt=\"La actividad est\u00e1 programada desde las 18:00 horas en el gimnasio del Estadio Los Libertadores de La Pirca.\" width=\"529\" height=\"362\" srcset=\"https:\/\/i0.wp.com\/eltrabajo.cl\/portal\/wp-content\/uploads\/2014\/10\/Abuelos16.jpg?w=529&amp;ssl=1 529w, https:\/\/i0.wp.com\/eltrabajo.cl\/portal\/wp-content\/uploads\/2014\/10\/Abuelos16.jpg?resize=200%2C136&amp;ssl=1 200w, https:\/\/i0.wp.com\/eltrabajo.cl\/portal\/wp-content\/uploads\/2014\/10\/Abuelos16.jpg?resize=300%2C205&amp;ssl=1 300w, https:\/\/i0.wp.com\/eltrabajo.cl\/portal\/wp-content\/uploads\/2014\/10\/Abuelos16.jpg?resize=150%2C102&amp;ssl=1 150w, https:\/\/i0.wp.com\/eltrabajo.cl\/portal\/wp-content\/uploads\/2014\/10\/Abuelos16.jpg?resize=400%2C273&amp;ssl=1 400w\" sizes=\"auto, (max-width: 529px) 100vw, 529px\" \/><\/a><figcaption id=\"caption-attachment-52593\" class=\"wp-caption-text\">La actividad est\u00e1 programada desde las 18:00 horas en el gimnasio del Estadio Los Libertadores de La Pirca.<\/figcaption><\/figure>\n<p><strong>PANQUEHUE<\/strong>.- Un llamado a todos los adultos mayores de la comuna est\u00e1n realizando las autoridades panquehuinas, para que participen en una fiesta especial organizada para ma\u00f1ana viernes en su honor. La coordinadora del programa, Margarita V\u00e9lez, coment\u00f3 que esa es una gran fiesta, inserta en el mes de celebraci\u00f3n de los adultos mayores y se ha denominado \u2018Mal\u00f3n de los adultos mayores\u2019, y est\u00e1 programada desde las 18:00 horas, en el gimnasio del Estadio Los Libertadores de la localidad La Pirca.<br \/>\n\u00abEste d\u00eda viernes tenemos el mal\u00f3n de los adultos mayores, que se enmarca en el Mes del Adulto Mayor. Es una fiesta bailable donde estamos haciendo la invitaci\u00f3n a todos aquellos adultos mayores que quieran participar de esta fiesta, ahora no es necesario que est\u00e9n inscritos en los clubes, solamente el requisito es tener cumplidos 60 a\u00f1os o m\u00e1s, la fiesta est\u00e1 fijada en el Estadio La Pirca desde las 18:00 horas y como municipio, dispondremos de buses de acercamiento que van a estar saliendo desde las 17:30 horas desde Lo Campo, Escorial y Vi\u00f1a Err\u00e1zurriz\u00bb. La comuna de Panquehue cuenta con nueve clubes, que suman en total 300 adultos mayores.<\/p>\n","protected":false},"excerpt":{"rendered":"<p>PANQUEHUE.- Un llamado a todos los adultos mayores de la comuna est\u00e1n realizando las autoridades panquehuinas, para que participen en una fiesta especial organizada para ma\u00f1ana viernes en su honor. La coordinadora&#8230;<\/p>\n","protected":false},"author":482,"featured_media":52593,"comment_status":"open","ping_status":"closed","sticky":false,"template":"","format":"standard","meta":{"advanced_seo_description":"","jetpack_seo_html_title":"","jetpack_seo_noindex":false,"_jetpack_memberships_contains_paid_content":false,"footnotes":""},"categories":[15],"tags":[],"class_list":["post-52592","post","type-post","status-publish","format-standard","has-post-thumbnail","hentry","category-comunidad"],"jetpack_featured_media_url":"https:\/\/i0.wp.com\/eltrabajo.cl\/portal\/wp-content\/uploads\/2014\/10\/Abuelos16.jpg?fit=529%2C362&ssl=1","jetpack_sharing_enabled":true,"jetpack_likes_enabled":true,"jetpack-related-posts":[],"_links":{"self":[{"href":"https:\/\/eltrabajo.cl\/portal\/wp-json\/wp\/v2\/posts\/52592","targetHints":{"allow":["GET"]}}],"collection":[{"href":"https:\/\/eltrabajo.cl\/portal\/wp-json\/wp\/v2\/posts"}],"about":[{"href":"https:\/\/eltrabajo.cl\/portal\/wp-json\/wp\/v2\/types\/post"}],"author":[{"embeddable":true,"href":"https:\/\/eltrabajo.cl\/portal\/wp-json\/wp\/v2\/users\/482"}],"replies":[{"embeddable":true,"href":"https:\/\/eltrabajo.cl\/portal\/wp-json\/wp\/v2\/comments?post=52592"}],"version-history":[{"count":0,"href":"https:\/\/eltrabajo.cl\/portal\/wp-json\/wp\/v2\/posts\/52592\/revisions"}],"wp:featuredmedia":[{"embeddable":true,"href":"https:\/\/eltrabajo.cl\/portal\/wp-json\/wp\/v2\/media\/52593"}],"wp:attachment":[{"href":"https:\/\/eltrabajo.cl\/portal\/wp-json\/wp\/v2\/media?parent=52592"}],"wp:term":[{"taxonomy":"category","embeddable":true,"href":"https:\/\/eltrabajo.cl\/portal\/wp-json\/wp\/v2\/categories?post=52592"},{"taxonomy":"post_tag","embeddable":true,"href":"https:\/\/eltrabajo.cl\/portal\/wp-json\/wp\/v2\/tags?post=52592"}],"curies":[{"name":"wp","href":"https:\/\/api.w.org\/{rel}","templated":true}]}}