{"id":52595,"date":"2014-10-23T09:27:57","date_gmt":"2014-10-23T12:27:57","guid":{"rendered":"http:\/\/www.eltrabajo.cl\/portal\/?p=52595"},"modified":"2014-10-23T09:28:21","modified_gmt":"2014-10-23T12:28:21","slug":"anciana-vive-como-ermitana-en-deplorables-condiciones-de-salubridad","status":"publish","type":"post","link":"https:\/\/eltrabajo.cl\/portal\/anciana-vive-como-ermitana-en-deplorables-condiciones-de-salubridad\/","title":{"rendered":"Anciana vive como ermita\u00f1a en deplorables condiciones de salubridad"},"content":{"rendered":"<figure id=\"attachment_52596\" aria-describedby=\"caption-attachment-52596\" style=\"width: 300px\" class=\"wp-caption alignleft\"><a href=\"https:\/\/i0.wp.com\/www.eltrabajo.cl\/portal\/wp-content\/uploads\/2014\/10\/Normita1.jpg\"><img data-recalc-dims=\"1\" loading=\"lazy\" decoding=\"async\" class=\"wp-image-52596 size-medium\" src=\"https:\/\/i0.wp.com\/www.eltrabajo.cl\/portal\/wp-content\/uploads\/2014\/10\/Normita1-300x187.jpg?resize=300%2C187\" alt=\"Normita vive sola y en condiciones deplorables, sin ninguna clase de instalaci\u00f3n b\u00e1sica de higiene, toma agua desde la misma acequia, vive con perros y solamente se mantiene con lo que le llevan los vecinos.\" width=\"300\" height=\"187\" srcset=\"https:\/\/i0.wp.com\/eltrabajo.cl\/portal\/wp-content\/uploads\/2014\/10\/Normita1.jpg?resize=300%2C187&amp;ssl=1 300w, https:\/\/i0.wp.com\/eltrabajo.cl\/portal\/wp-content\/uploads\/2014\/10\/Normita1.jpg?resize=200%2C125&amp;ssl=1 200w, https:\/\/i0.wp.com\/eltrabajo.cl\/portal\/wp-content\/uploads\/2014\/10\/Normita1.jpg?resize=150%2C93&amp;ssl=1 150w, https:\/\/i0.wp.com\/eltrabajo.cl\/portal\/wp-content\/uploads\/2014\/10\/Normita1.jpg?resize=400%2C250&amp;ssl=1 400w, https:\/\/i0.wp.com\/eltrabajo.cl\/portal\/wp-content\/uploads\/2014\/10\/Normita1.jpg?w=529&amp;ssl=1 529w\" sizes=\"auto, (max-width: 300px) 100vw, 300px\" \/><\/a><figcaption id=\"caption-attachment-52596\" class=\"wp-caption-text\">Normita vive sola y en condiciones deplorables, sin ninguna clase de instalaci\u00f3n b\u00e1sica de higiene, toma agua desde la misma acequia, vive con perros y solamente se mantiene con lo que le llevan los vecinos.<\/figcaption><\/figure>\n<p><strong>LOS ANDES<\/strong>.- Un impactante caso de aislamiento y abandono de un Adulto Mayor fue descubierto por un profesor y alumnos del taller de video del Liceo Max Salas en el sector de Cerro Vilcuya en el camino internacional, en donde una anciana vive en condiciones infrahumanas. El docente y comunicador audiovisual a cargo del grupo, Julio Lagos, coment\u00f3 que mientras se encontraban en grabaciones en el sector conocieron la se\u00f1ora Mar\u00eda Elena, m\u00e1s conocida como \u2018Normita\u2019, quien vive completamente sola y sin las m\u00ednimas condiciones de salubridad.<\/p>\n<p>\u201cElla vive sola y en condiciones deplorables, sin ninguna clase de instalaci\u00f3n b\u00e1sica de higiene, toma agua desde la misma acequia, vive con perros y solamente se mantiene con lo que le llevan los vecinos\u201d, se\u00f1al\u00f3 el profesional.<br \/>\nEl comunicador afirm\u00f3 que esta se\u00f1ora no puede seguir en ese lugar, \u201ces inseguro y no adecuado para un adulto mayor, vive en condiciones insalubres y por suerte los ni\u00f1os del liceo me propusieron este tema, vamos a llegar hasta la \u00faltima instancia para poder hacer algo por Normita.<br \/>\nEn tanto, Luis Lazcano, una de las personas que acude a visitarla, manifest\u00f3 que Normita siempre ha vivido en ese sector y se mantuvo relativamente bien hasta el fallecimiento de su marido ocurrido el a\u00f1o 2007, tras lo cual qued\u00f3 sola.<br \/>\n\u201cDespu\u00e9s del fallecimiento del marido, una cu\u00f1ada de mi se\u00f1ora se hizo cargo de ella, tramit\u00f3 incluso una pensi\u00f3n para que pudiera mantenerse, pero luego el 2012 falleci\u00f3 en un accidente de tr\u00e1nsito y Normita volvi\u00f3 a quedar sola\u201d, indic\u00f3 Lazcano.<br \/>\nAgreg\u00f3 que tras ello su suegra se ha preocupado de ir a verla y junto a su cu\u00f1ada la van a ver todas las semanas, no obstante que se requiere de otro tipo de ayuda para poder sacarla de ese lugar a fin de pueda vivir en condiciones dignas sus \u00faltimos a\u00f1os. Record\u00f3 que s\u00f3lo una vez fue hasta el sector una persona del departamento social de la municipalidad de Los Andes para tomarle datos a fin de poder tramitarle una pensi\u00f3n, \u201cpero adem\u00e1s de eso nadie m\u00e1s se ha acercado a ayudarla\u201d.<br \/>\nLamentablemente este es un caso de abandono y vulnerabilidad de una anciana, que fue conocido gracias a este docente y sus alumnos que se comprometieron a golpear todas las puertas para ayudar a \u201cNormita\u201d, sobre todo del Servicio Nacional del Adulto Mayor que tiene la competencia directa en estos casos.<\/p>\n<figure id=\"attachment_52597\" aria-describedby=\"caption-attachment-52597\" style=\"width: 528px\" class=\"wp-caption alignnone\"><a href=\"https:\/\/i0.wp.com\/www.eltrabajo.cl\/portal\/wp-content\/uploads\/2014\/10\/Normita2.jpg\"><img data-recalc-dims=\"1\" loading=\"lazy\" decoding=\"async\" class=\"size-full wp-image-52597\" src=\"https:\/\/i0.wp.com\/www.eltrabajo.cl\/portal\/wp-content\/uploads\/2014\/10\/Normita2.jpg?resize=528%2C295\" alt=\"Lamentablemente este es un caso de abandono y vulnerabilidad de una anciana que fue conocido gracias a este docente y sus alumnos.\" width=\"528\" height=\"295\" srcset=\"https:\/\/i0.wp.com\/eltrabajo.cl\/portal\/wp-content\/uploads\/2014\/10\/Normita2.jpg?w=528&amp;ssl=1 528w, https:\/\/i0.wp.com\/eltrabajo.cl\/portal\/wp-content\/uploads\/2014\/10\/Normita2.jpg?resize=200%2C111&amp;ssl=1 200w, https:\/\/i0.wp.com\/eltrabajo.cl\/portal\/wp-content\/uploads\/2014\/10\/Normita2.jpg?resize=300%2C167&amp;ssl=1 300w, https:\/\/i0.wp.com\/eltrabajo.cl\/portal\/wp-content\/uploads\/2014\/10\/Normita2.jpg?resize=150%2C83&amp;ssl=1 150w, https:\/\/i0.wp.com\/eltrabajo.cl\/portal\/wp-content\/uploads\/2014\/10\/Normita2.jpg?resize=400%2C223&amp;ssl=1 400w\" sizes=\"auto, (max-width: 528px) 100vw, 528px\" \/><\/a><figcaption id=\"caption-attachment-52597\" class=\"wp-caption-text\">Lamentablemente este es un caso de abandono y vulnerabilidad de una anciana que fue conocido gracias a este docente y sus alumnos.<\/figcaption><\/figure>\n","protected":false},"excerpt":{"rendered":"<p>LOS ANDES.- Un impactante caso de aislamiento y abandono de un Adulto Mayor fue descubierto por un profesor y alumnos del taller de video del Liceo Max Salas en el sector de&#8230;<\/p>\n","protected":false},"author":482,"featured_media":52596,"comment_status":"open","ping_status":"closed","sticky":false,"template":"","format":"standard","meta":{"advanced_seo_description":"","jetpack_seo_html_title":"","jetpack_seo_noindex":false,"_jetpack_memberships_contains_paid_content":false,"footnotes":""},"categories":[15],"tags":[],"class_list":["post-52595","post","type-post","status-publish","format-standard","has-post-thumbnail","hentry","category-comunidad"],"jetpack_featured_media_url":"https:\/\/i0.wp.com\/eltrabajo.cl\/portal\/wp-content\/uploads\/2014\/10\/Normita1.jpg?fit=529%2C331&ssl=1","jetpack_sharing_enabled":true,"jetpack_likes_enabled":true,"jetpack-related-posts":[],"_links":{"self":[{"href":"https:\/\/eltrabajo.cl\/portal\/wp-json\/wp\/v2\/posts\/52595","targetHints":{"allow":["GET"]}}],"collection":[{"href":"https:\/\/eltrabajo.cl\/portal\/wp-json\/wp\/v2\/posts"}],"about":[{"href":"https:\/\/eltrabajo.cl\/portal\/wp-json\/wp\/v2\/types\/post"}],"author":[{"embeddable":true,"href":"https:\/\/eltrabajo.cl\/portal\/wp-json\/wp\/v2\/users\/482"}],"replies":[{"embeddable":true,"href":"https:\/\/eltrabajo.cl\/portal\/wp-json\/wp\/v2\/comments?post=52595"}],"version-history":[{"count":0,"href":"https:\/\/eltrabajo.cl\/portal\/wp-json\/wp\/v2\/posts\/52595\/revisions"}],"wp:featuredmedia":[{"embeddable":true,"href":"https:\/\/eltrabajo.cl\/portal\/wp-json\/wp\/v2\/media\/52596"}],"wp:attachment":[{"href":"https:\/\/eltrabajo.cl\/portal\/wp-json\/wp\/v2\/media?parent=52595"}],"wp:term":[{"taxonomy":"category","embeddable":true,"href":"https:\/\/eltrabajo.cl\/portal\/wp-json\/wp\/v2\/categories?post=52595"},{"taxonomy":"post_tag","embeddable":true,"href":"https:\/\/eltrabajo.cl\/portal\/wp-json\/wp\/v2\/tags?post=52595"}],"curies":[{"name":"wp","href":"https:\/\/api.w.org\/{rel}","templated":true}]}}