{"id":52600,"date":"2014-10-23T09:31:33","date_gmt":"2014-10-23T12:31:33","guid":{"rendered":"http:\/\/www.eltrabajo.cl\/portal\/?p=52600"},"modified":"2014-10-23T09:31:33","modified_gmt":"2014-10-23T12:31:33","slug":"estudiantes-marcharon-en-contra-del-consumo-de-drogas","status":"publish","type":"post","link":"https:\/\/eltrabajo.cl\/portal\/estudiantes-marcharon-en-contra-del-consumo-de-drogas\/","title":{"rendered":"Estudiantes marcharon en contra del consumo de drogas"},"content":{"rendered":"<figure id=\"attachment_52601\" aria-describedby=\"caption-attachment-52601\" style=\"width: 529px\" class=\"wp-caption alignnone\"><a href=\"https:\/\/i0.wp.com\/www.eltrabajo.cl\/portal\/wp-content\/uploads\/2014\/10\/Marcha2.jpg\"><img data-recalc-dims=\"1\" loading=\"lazy\" decoding=\"async\" class=\"size-full wp-image-52601\" src=\"https:\/\/i0.wp.com\/www.eltrabajo.cl\/portal\/wp-content\/uploads\/2014\/10\/Marcha2.jpg?resize=529%2C305\" alt=\"La actividad tuvo por finalidad que los j\u00f3venes y ni\u00f1os pudieran expresar y compartir sus opiniones sobre un tema tan delicado como es el consumo de drogas y alcohol.\" width=\"529\" height=\"305\" srcset=\"https:\/\/i0.wp.com\/eltrabajo.cl\/portal\/wp-content\/uploads\/2014\/10\/Marcha2.jpg?w=529&amp;ssl=1 529w, https:\/\/i0.wp.com\/eltrabajo.cl\/portal\/wp-content\/uploads\/2014\/10\/Marcha2.jpg?resize=200%2C115&amp;ssl=1 200w, https:\/\/i0.wp.com\/eltrabajo.cl\/portal\/wp-content\/uploads\/2014\/10\/Marcha2.jpg?resize=300%2C172&amp;ssl=1 300w, https:\/\/i0.wp.com\/eltrabajo.cl\/portal\/wp-content\/uploads\/2014\/10\/Marcha2.jpg?resize=150%2C86&amp;ssl=1 150w, https:\/\/i0.wp.com\/eltrabajo.cl\/portal\/wp-content\/uploads\/2014\/10\/Marcha2.jpg?resize=400%2C230&amp;ssl=1 400w\" sizes=\"auto, (max-width: 529px) 100vw, 529px\" \/><\/a><figcaption id=\"caption-attachment-52601\" class=\"wp-caption-text\">La actividad tuvo por finalidad que los j\u00f3venes y ni\u00f1os pudieran expresar y compartir sus opiniones sobre un tema tan delicado como es el consumo de drogas y alcohol.<\/figcaption><\/figure>\n<p><strong>PUTAENDO<\/strong>.- J\u00f3venes y ni\u00f1os pertenecientes a la mayor\u00eda de los colegios municipales y particulares subvencionados de la comuna, participaron de una colorida marcha en contra del consumo de drogas por las c\u00e9ntricas calles del sector. La actividad organizada por la Municipalidad de Putaendo, tuvo por finalidad que los j\u00f3venes y ni\u00f1os pudieran expresar y compartir sus opiniones sobre un tema tan delicado como es el consumo de drogas y alcohol, que en muchas ocasiones llega a muy temprana edad a destrozar la vida de peque\u00f1os y j\u00f3venes.<\/p>\n<figure id=\"attachment_52602\" aria-describedby=\"caption-attachment-52602\" style=\"width: 400px\" class=\"wp-caption alignright\"><a href=\"https:\/\/i0.wp.com\/www.eltrabajo.cl\/portal\/wp-content\/uploads\/2014\/10\/Marcha1.jpg\"><img data-recalc-dims=\"1\" loading=\"lazy\" decoding=\"async\" class=\"wp-image-52602\" src=\"https:\/\/i0.wp.com\/www.eltrabajo.cl\/portal\/wp-content\/uploads\/2014\/10\/Marcha1.jpg?resize=400%2C271\" alt=\"Esta fue la segunda ocasi\u00f3n en que esta actividad se desarroll\u00f3 y por supuesto los ni\u00f1os y j\u00f3venes fueron los que con sus disfraces, zancos y carteles dijeron fuerte y claro no a las drogas.\" width=\"400\" height=\"271\" srcset=\"https:\/\/i0.wp.com\/eltrabajo.cl\/portal\/wp-content\/uploads\/2014\/10\/Marcha1.jpg?w=529&amp;ssl=1 529w, https:\/\/i0.wp.com\/eltrabajo.cl\/portal\/wp-content\/uploads\/2014\/10\/Marcha1.jpg?resize=200%2C135&amp;ssl=1 200w, https:\/\/i0.wp.com\/eltrabajo.cl\/portal\/wp-content\/uploads\/2014\/10\/Marcha1.jpg?resize=300%2C203&amp;ssl=1 300w, https:\/\/i0.wp.com\/eltrabajo.cl\/portal\/wp-content\/uploads\/2014\/10\/Marcha1.jpg?resize=150%2C101&amp;ssl=1 150w, https:\/\/i0.wp.com\/eltrabajo.cl\/portal\/wp-content\/uploads\/2014\/10\/Marcha1.jpg?resize=400%2C270&amp;ssl=1 400w\" sizes=\"auto, (max-width: 400px) 100vw, 400px\" \/><\/a><figcaption id=\"caption-attachment-52602\" class=\"wp-caption-text\">Esta fue la segunda ocasi\u00f3n en que esta actividad se desarroll\u00f3 y por supuesto los ni\u00f1os y j\u00f3venes fueron los que con sus disfraces, zancos y carteles dijeron fuerte y claro no a las drogas.<\/figcaption><\/figure>\n<p>El Alcalde Guillermo Reyes valor\u00f3 la actividad y el compromiso de los profesores y orientadores en tratar sin tapujos el tema de la droga, y asegur\u00f3 que la mejor forma de prevenir que los chicos sean atrapados por el flagelo de la droga es justamente hablar del tema sin complicaciones, a lo que tambi\u00e9n se debe sumar el entorno familiar.<br \/>\nEsta fue la segunda ocasi\u00f3n en que esta actividad se desarroll\u00f3 y por supuesto los ni\u00f1os y j\u00f3venes fueron los que con sus disfraces, zancos y carteles dijeron fuerte y claro no a las drogas, en una colorida marcha realizada por las c\u00e9ntricas calles de nuestra comuna.<br \/>\nPatricio Gallardo M.<\/p>\n","protected":false},"excerpt":{"rendered":"<p>PUTAENDO.- J\u00f3venes y ni\u00f1os pertenecientes a la mayor\u00eda de los colegios municipales y particulares subvencionados de la comuna, participaron de una colorida marcha en contra del consumo de drogas por las c\u00e9ntricas&#8230;<\/p>\n","protected":false},"author":482,"featured_media":52601,"comment_status":"open","ping_status":"closed","sticky":false,"template":"","format":"standard","meta":{"advanced_seo_description":"","jetpack_seo_html_title":"","jetpack_seo_noindex":false,"_jetpack_memberships_contains_paid_content":false,"footnotes":""},"categories":[15],"tags":[],"class_list":["post-52600","post","type-post","status-publish","format-standard","has-post-thumbnail","hentry","category-comunidad"],"jetpack_featured_media_url":"https:\/\/i0.wp.com\/eltrabajo.cl\/portal\/wp-content\/uploads\/2014\/10\/Marcha2.jpg?fit=529%2C305&ssl=1","jetpack_sharing_enabled":true,"jetpack_likes_enabled":true,"jetpack-related-posts":[],"_links":{"self":[{"href":"https:\/\/eltrabajo.cl\/portal\/wp-json\/wp\/v2\/posts\/52600","targetHints":{"allow":["GET"]}}],"collection":[{"href":"https:\/\/eltrabajo.cl\/portal\/wp-json\/wp\/v2\/posts"}],"about":[{"href":"https:\/\/eltrabajo.cl\/portal\/wp-json\/wp\/v2\/types\/post"}],"author":[{"embeddable":true,"href":"https:\/\/eltrabajo.cl\/portal\/wp-json\/wp\/v2\/users\/482"}],"replies":[{"embeddable":true,"href":"https:\/\/eltrabajo.cl\/portal\/wp-json\/wp\/v2\/comments?post=52600"}],"version-history":[{"count":0,"href":"https:\/\/eltrabajo.cl\/portal\/wp-json\/wp\/v2\/posts\/52600\/revisions"}],"wp:featuredmedia":[{"embeddable":true,"href":"https:\/\/eltrabajo.cl\/portal\/wp-json\/wp\/v2\/media\/52601"}],"wp:attachment":[{"href":"https:\/\/eltrabajo.cl\/portal\/wp-json\/wp\/v2\/media?parent=52600"}],"wp:term":[{"taxonomy":"category","embeddable":true,"href":"https:\/\/eltrabajo.cl\/portal\/wp-json\/wp\/v2\/categories?post=52600"},{"taxonomy":"post_tag","embeddable":true,"href":"https:\/\/eltrabajo.cl\/portal\/wp-json\/wp\/v2\/tags?post=52600"}],"curies":[{"name":"wp","href":"https:\/\/api.w.org\/{rel}","templated":true}]}}