{"id":52614,"date":"2014-10-23T09:39:38","date_gmt":"2014-10-23T12:39:38","guid":{"rendered":"http:\/\/www.eltrabajo.cl\/portal\/?p=52614"},"modified":"2014-10-23T09:39:38","modified_gmt":"2014-10-23T12:39:38","slug":"alumnos-y-profesores-colapsan-tras-inhalar-pesticidas-en-escuela","status":"publish","type":"post","link":"https:\/\/eltrabajo.cl\/portal\/alumnos-y-profesores-colapsan-tras-inhalar-pesticidas-en-escuela\/","title":{"rendered":"Alumnos y profesores colapsan tras inhalar pesticidas en escuela"},"content":{"rendered":"<figure id=\"attachment_52615\" aria-describedby=\"caption-attachment-52615\" style=\"width: 222px\" class=\"wp-caption alignleft\"><a href=\"https:\/\/i0.wp.com\/www.eltrabajo.cl\/portal\/wp-content\/uploads\/2014\/10\/Jorge-Jara-C.jpg\"><img data-recalc-dims=\"1\" loading=\"lazy\" decoding=\"async\" class=\"wp-image-52615 size-medium\" src=\"https:\/\/i0.wp.com\/www.eltrabajo.cl\/portal\/wp-content\/uploads\/2014\/10\/Jorge-Jara-C-222x300.jpg?resize=222%2C300\" alt=\"Jorge Jara, Alcalde (S) de San Felipe inform\u00f3 que se activ\u00f3 el protocolo de emergencia con la evacuaci\u00f3n de los afectados hasta el Cesfam de Curim\u00f3n, tras presentar molestos dolores de cabeza y v\u00f3mitos por la inhalaci\u00f3n de pesticidas.\" width=\"222\" height=\"300\" srcset=\"https:\/\/i0.wp.com\/eltrabajo.cl\/portal\/wp-content\/uploads\/2014\/10\/Jorge-Jara-C.jpg?resize=222%2C300&amp;ssl=1 222w, https:\/\/i0.wp.com\/eltrabajo.cl\/portal\/wp-content\/uploads\/2014\/10\/Jorge-Jara-C.jpg?resize=111%2C150&amp;ssl=1 111w, https:\/\/i0.wp.com\/eltrabajo.cl\/portal\/wp-content\/uploads\/2014\/10\/Jorge-Jara-C.jpg?resize=400%2C539&amp;ssl=1 400w, https:\/\/i0.wp.com\/eltrabajo.cl\/portal\/wp-content\/uploads\/2014\/10\/Jorge-Jara-C.jpg?w=529&amp;ssl=1 529w\" sizes=\"auto, (max-width: 222px) 100vw, 222px\" \/><\/a><figcaption id=\"caption-attachment-52615\" class=\"wp-caption-text\">Jorge Jara, Alcalde (S) de San Felipe inform\u00f3 que se activ\u00f3 el protocolo de emergencia con la evacuaci\u00f3n de los afectados hasta el Cesfam de Curim\u00f3n, tras presentar molestos dolores de cabeza y v\u00f3mitos por la inhalaci\u00f3n de pesticidas.<\/figcaption><\/figure>\n<p>Una fuerte fuga a\u00e9rea de pesticidas oblig\u00f3 a la suspensi\u00f3n de clases el d\u00eda de ayer en la Escuela San Rafael, toda vez que algunos alumnos, profesores y trabajadores del establecimiento, presentaran descompensaciones tras la presencia de estos peligrosos qu\u00edmicos en el aire y que se estar\u00edan aplicando en predios agr\u00edcolas colindantes, afectando a las personas con fuertes dolores de cabeza y v\u00f3mitos, debiendo aplicarse un plan de emergencia.<br \/>\nLos incidentes se produjeron en horas de la ma\u00f1ana de ayer mi\u00e9rcoles, cuando los afectados presentaron malestares en su salud de similares caracter\u00edsticas entre ellos en dicho recinto educacional, lo que oblig\u00f3 activar el protocolo de emergencia con el traslado de los escolares y profesores hasta el Centro de Salud Familiar de Curim\u00f3n.<br \/>\nDurante el plan de evacuaci\u00f3n se solicit\u00f3 la presencia de funcionarios del Instituto de Seguridad del Trabajo y de Carabineros, para comenzar las primeras indagaciones en la investigaci\u00f3n de la procedencia de la correcta aplicaci\u00f3n de estos qu\u00edmicos en lugares agr\u00edcolas, que produjo la suspensi\u00f3n de la jornada habitual de clases sin registrarse personas en estado de intoxicaci\u00f3n de car\u00e1cter grave, as\u00ed lo inform\u00f3 el Alcalde (S) Jorge Jara.<br \/>\n\u201cSe inform\u00f3 al Instituto de Seguridad del Trabajo y seguir los protocolos en este caso a Carabineros de Curim\u00f3n y vamos a indagar a trav\u00e9s de estos organismos p\u00fablicos las responsabilidades pertinentes, porque esto a aparte de comprometer al estado de salud de nuestros alumnos y docentes, genera una alarma en el sector y los vecinos. Obviamente es una tem\u00e1tica delicada para la municipalidad raz\u00f3n por la cual vamos seguir indagando el caso y vamos a accionar judicialmente si es necesario\u201d, sostuvo Jara.<br \/>\nAgreg\u00f3 que el IST deber\u00e1 realizar el respectivo denunci\u00f3 a los organismos p\u00fablicos asociados a este tipo de situaciones, entre ellos a la autoridad sanitaria para que efect\u00fae si es pertinente la preocupaci\u00f3n que ha ocasionado el sector con un sumario sanitario para establecer las responsabilidades a fin de brindar la tranquilidad a los padres y apoderados, para que un capitulo como \u00e9ste no se va a volver a repetir.<br \/>\nPablo Salinas Sald\u00edas<\/p>\n","protected":false},"excerpt":{"rendered":"<p>Una fuerte fuga a\u00e9rea de pesticidas oblig\u00f3 a la suspensi\u00f3n de clases el d\u00eda de ayer en la Escuela San Rafael, toda vez que algunos alumnos, profesores y trabajadores del establecimiento, presentaran&#8230;<\/p>\n","protected":false},"author":482,"featured_media":52615,"comment_status":"open","ping_status":"closed","sticky":false,"template":"","format":"standard","meta":{"advanced_seo_description":"","jetpack_seo_html_title":"","jetpack_seo_noindex":false,"_jetpack_memberships_contains_paid_content":false,"footnotes":""},"categories":[21],"tags":[],"class_list":["post-52614","post","type-post","status-publish","format-standard","has-post-thumbnail","hentry","category-policial"],"jetpack_featured_media_url":"https:\/\/i0.wp.com\/eltrabajo.cl\/portal\/wp-content\/uploads\/2014\/10\/Jorge-Jara-C.jpg?fit=529%2C714&ssl=1","jetpack_sharing_enabled":true,"jetpack_likes_enabled":true,"jetpack-related-posts":[],"_links":{"self":[{"href":"https:\/\/eltrabajo.cl\/portal\/wp-json\/wp\/v2\/posts\/52614","targetHints":{"allow":["GET"]}}],"collection":[{"href":"https:\/\/eltrabajo.cl\/portal\/wp-json\/wp\/v2\/posts"}],"about":[{"href":"https:\/\/eltrabajo.cl\/portal\/wp-json\/wp\/v2\/types\/post"}],"author":[{"embeddable":true,"href":"https:\/\/eltrabajo.cl\/portal\/wp-json\/wp\/v2\/users\/482"}],"replies":[{"embeddable":true,"href":"https:\/\/eltrabajo.cl\/portal\/wp-json\/wp\/v2\/comments?post=52614"}],"version-history":[{"count":0,"href":"https:\/\/eltrabajo.cl\/portal\/wp-json\/wp\/v2\/posts\/52614\/revisions"}],"wp:featuredmedia":[{"embeddable":true,"href":"https:\/\/eltrabajo.cl\/portal\/wp-json\/wp\/v2\/media\/52615"}],"wp:attachment":[{"href":"https:\/\/eltrabajo.cl\/portal\/wp-json\/wp\/v2\/media?parent=52614"}],"wp:term":[{"taxonomy":"category","embeddable":true,"href":"https:\/\/eltrabajo.cl\/portal\/wp-json\/wp\/v2\/categories?post=52614"},{"taxonomy":"post_tag","embeddable":true,"href":"https:\/\/eltrabajo.cl\/portal\/wp-json\/wp\/v2\/tags?post=52614"}],"curies":[{"name":"wp","href":"https:\/\/api.w.org\/{rel}","templated":true}]}}