{"id":52617,"date":"2014-10-23T09:41:23","date_gmt":"2014-10-23T12:41:23","guid":{"rendered":"http:\/\/www.eltrabajo.cl\/portal\/?p=52617"},"modified":"2014-10-23T09:41:23","modified_gmt":"2014-10-23T12:41:23","slug":"por-robar-300-kilos-de-palta-pasara-400-dias-en-prision","status":"publish","type":"post","link":"https:\/\/eltrabajo.cl\/portal\/por-robar-300-kilos-de-palta-pasara-400-dias-en-prision\/","title":{"rendered":"Por robar 300 kilos de palta pasar\u00e1 400 d\u00edas en prisi\u00f3n"},"content":{"rendered":"<figure id=\"attachment_52618\" aria-describedby=\"caption-attachment-52618\" style=\"width: 226px\" class=\"wp-caption alignleft\"><a href=\"https:\/\/i0.wp.com\/www.eltrabajo.cl\/portal\/wp-content\/uploads\/2014\/10\/Fiscal-Basso3.jpg\"><img data-recalc-dims=\"1\" loading=\"lazy\" decoding=\"async\" class=\"wp-image-52618 size-medium\" src=\"https:\/\/i0.wp.com\/www.eltrabajo.cl\/portal\/wp-content\/uploads\/2014\/10\/Fiscal-Basso3-226x300.jpg?resize=226%2C300\" alt=\"El Fiscal Osvaldo Basso apel\u00f3 ante el tribunal, que al imputado se le revocaran sus beneficios y cumpliera de manera efectiva sus d\u00edas en la c\u00e1rcel por un delito de Micro-tr\u00e1fico, logrando sacar de circulaci\u00f3n por las calles de este peligroso antisocial.\" width=\"226\" height=\"300\" srcset=\"https:\/\/i0.wp.com\/eltrabajo.cl\/portal\/wp-content\/uploads\/2014\/10\/Fiscal-Basso3.jpg?resize=226%2C300&amp;ssl=1 226w, https:\/\/i0.wp.com\/eltrabajo.cl\/portal\/wp-content\/uploads\/2014\/10\/Fiscal-Basso3.jpg?resize=113%2C150&amp;ssl=1 113w, https:\/\/i0.wp.com\/eltrabajo.cl\/portal\/wp-content\/uploads\/2014\/10\/Fiscal-Basso3.jpg?resize=400%2C530&amp;ssl=1 400w, https:\/\/i0.wp.com\/eltrabajo.cl\/portal\/wp-content\/uploads\/2014\/10\/Fiscal-Basso3.jpg?w=529&amp;ssl=1 529w\" sizes=\"auto, (max-width: 226px) 100vw, 226px\" \/><\/a><figcaption id=\"caption-attachment-52618\" class=\"wp-caption-text\">El Fiscal Osvaldo Basso apel\u00f3 ante el tribunal, que al imputado se le revocaran sus beneficios y cumpliera de manera efectiva sus d\u00edas en la c\u00e1rcel por un delito de Micro-tr\u00e1fico, logrando sacar de circulaci\u00f3n por las calles de este peligroso antisocial.<\/figcaption><\/figure>\n<p>Durante la madrugada de ayer mi\u00e9rcoles, funcionarios de Carabineros detuvo a cuatro sujetos que fueron sorprendidos al interior de un predio agr\u00edcola en el sector Los Molles de la comuna de San Felipe, sustrayendo cerca de 300 kilos de paltas, siendo aprehendidos por la Polic\u00eda para ser puestos a disposici\u00f3n de la fiscal\u00eda.<br \/>\nA ra\u00edz de esta detenci\u00f3n, los cuatro involucrados por este robo en un sitio no destinado a la habitaci\u00f3n, la fiscal\u00eda los requiri\u00f3 en el Juzgado de Garant\u00eda de San Felipe, para un procedimiento simplificado en el mes de noviembre a fin de asumir o no, su responsabilidad en los hechos cuya pena podr\u00eda alcanzar los 540 d\u00edas requeridos por el Ministerio P\u00fablico.<br \/>\nSin embargo, uno de los cuatro imputados, identificado como Humberto Tabal\u00ed, domiciliado en Curim\u00f3n, manten\u00eda una orden de detenci\u00f3n pendiente, la que fue controlada para la revocaci\u00f3n de beneficios por una condena de Micro-tr\u00e1fico de 540 d\u00edas de presidio con el beneficio de Arresto Domiciliario, que en estricto rigor fue transgredida por Tabal\u00ed.<br \/>\nEn ese sentido, la fiscal\u00eda requiri\u00f3 anteriormente una sustituci\u00f3n de la pena asignada por una de Reclusi\u00f3n Nocturna en dependencias de Gendarmer\u00eda cuya orden decretada por el tribunal, de la misma forma no fue respetada por el condenado que permanec\u00eda libremente por las calles.<br \/>\nLo anterior oblig\u00f3 a que el Ministerio P\u00fablico el d\u00eda de ayer mi\u00e9rcoles, hiciera la correspondiente petici\u00f3n a la Magistrado Roc\u00edo Oscariz Collarte, que la condena fuera en forma efectiva. La jueza con los antecedentes expuestos durante la audiencia orden\u00f3 su ingreso inmediato de Humberto Tabal\u00ed al cumplimiento de 400 d\u00edas en la c\u00e1rcel de San Felipe.<br \/>\nCabe se\u00f1alar que el condenado a\u00fan mantiene procesos vigentes que investiga la fiscal\u00eda por delitos como Lesiones, Amenazas, Robo y recientemente el pasado domingo fue formalizado por el delito de Amenazas y Lesiones en contexto de Violencia Intrafamiliar, visualiz\u00e1ndose un serio peligro para la sociedad, cuyos d\u00edas en la c\u00e1rcel podr\u00edan aumentar tras la realizaci\u00f3n de juicios que condenen estas imputaciones de cargos.<br \/>\n\u201cSe pudo verificar que ten\u00eda una orden de detenci\u00f3n pendiente, porque no se present\u00f3 a una Audiencia de Revocaci\u00f3n de beneficios por una causa donde anteriormente fue condenado a 540 d\u00edas de presido menor por Micro-tr\u00e1fico, como no hab\u00eda cumplido con el beneficio de arresto domiciliario nocturno y tampoco cumpli\u00f3 cuando fue sustituido por reclusi\u00f3n nocturna en dependencias de Gendarmer\u00eda, la fiscal\u00eda pidi\u00f3 que se revocara el beneficio, de manera que ingresara a cumplir efectivamente la pena. La jueza accedi\u00f3 a nuestra petici\u00f3n y orden\u00f3 orden de ingreso al Centro de Cumplimiento Penitenciario de San Felipe por 400 d\u00edas\u201d, puntualiz\u00f3 el Fiscal Osvaldo Basso.<br \/>\nPablo Salinas Sald\u00edas<\/p>\n","protected":false},"excerpt":{"rendered":"<p>Durante la madrugada de ayer mi\u00e9rcoles, funcionarios de Carabineros detuvo a cuatro sujetos que fueron sorprendidos al interior de un predio agr\u00edcola en el sector Los Molles de la comuna de San&#8230;<\/p>\n","protected":false},"author":482,"featured_media":52618,"comment_status":"open","ping_status":"closed","sticky":false,"template":"","format":"standard","meta":{"advanced_seo_description":"","jetpack_seo_html_title":"","jetpack_seo_noindex":false,"_jetpack_memberships_contains_paid_content":false,"footnotes":""},"categories":[21],"tags":[],"class_list":["post-52617","post","type-post","status-publish","format-standard","has-post-thumbnail","hentry","category-policial"],"jetpack_featured_media_url":"https:\/\/i0.wp.com\/eltrabajo.cl\/portal\/wp-content\/uploads\/2014\/10\/Fiscal-Basso3.jpg?fit=529%2C701&ssl=1","jetpack_sharing_enabled":true,"jetpack_likes_enabled":true,"jetpack-related-posts":[],"_links":{"self":[{"href":"https:\/\/eltrabajo.cl\/portal\/wp-json\/wp\/v2\/posts\/52617","targetHints":{"allow":["GET"]}}],"collection":[{"href":"https:\/\/eltrabajo.cl\/portal\/wp-json\/wp\/v2\/posts"}],"about":[{"href":"https:\/\/eltrabajo.cl\/portal\/wp-json\/wp\/v2\/types\/post"}],"author":[{"embeddable":true,"href":"https:\/\/eltrabajo.cl\/portal\/wp-json\/wp\/v2\/users\/482"}],"replies":[{"embeddable":true,"href":"https:\/\/eltrabajo.cl\/portal\/wp-json\/wp\/v2\/comments?post=52617"}],"version-history":[{"count":0,"href":"https:\/\/eltrabajo.cl\/portal\/wp-json\/wp\/v2\/posts\/52617\/revisions"}],"wp:featuredmedia":[{"embeddable":true,"href":"https:\/\/eltrabajo.cl\/portal\/wp-json\/wp\/v2\/media\/52618"}],"wp:attachment":[{"href":"https:\/\/eltrabajo.cl\/portal\/wp-json\/wp\/v2\/media?parent=52617"}],"wp:term":[{"taxonomy":"category","embeddable":true,"href":"https:\/\/eltrabajo.cl\/portal\/wp-json\/wp\/v2\/categories?post=52617"},{"taxonomy":"post_tag","embeddable":true,"href":"https:\/\/eltrabajo.cl\/portal\/wp-json\/wp\/v2\/tags?post=52617"}],"curies":[{"name":"wp","href":"https:\/\/api.w.org\/{rel}","templated":true}]}}