{"id":52620,"date":"2014-10-23T09:44:11","date_gmt":"2014-10-23T12:44:11","guid":{"rendered":"http:\/\/www.eltrabajo.cl\/portal\/?p=52620"},"modified":"2014-10-23T09:44:11","modified_gmt":"2014-10-23T12:44:11","slug":"caen-asaltantes-que-robaron-15-millones-con-mascaras-de-halloween","status":"publish","type":"post","link":"https:\/\/eltrabajo.cl\/portal\/caen-asaltantes-que-robaron-15-millones-con-mascaras-de-halloween\/","title":{"rendered":"Caen asaltantes que robaron $15 millones con m\u00e1scaras de Halloween"},"content":{"rendered":"<figure id=\"attachment_52621\" aria-describedby=\"caption-attachment-52621\" style=\"width: 300px\" class=\"wp-caption alignleft\"><a href=\"https:\/\/i0.wp.com\/www.eltrabajo.cl\/portal\/wp-content\/uploads\/2014\/10\/Mascara1.jpg\"><img data-recalc-dims=\"1\" loading=\"lazy\" decoding=\"async\" class=\"wp-image-52621 size-medium\" src=\"https:\/\/i0.wp.com\/www.eltrabajo.cl\/portal\/wp-content\/uploads\/2014\/10\/Mascara1-300x280.jpg?resize=300%2C280\" alt=\"Los dos antisociales fueron puestos a disposici\u00f3n del Tribunal de Garant\u00eda de Los Andes.\" width=\"300\" height=\"280\" srcset=\"https:\/\/i0.wp.com\/eltrabajo.cl\/portal\/wp-content\/uploads\/2014\/10\/Mascara1.jpg?resize=300%2C280&amp;ssl=1 300w, https:\/\/i0.wp.com\/eltrabajo.cl\/portal\/wp-content\/uploads\/2014\/10\/Mascara1.jpg?resize=160%2C150&amp;ssl=1 160w, https:\/\/i0.wp.com\/eltrabajo.cl\/portal\/wp-content\/uploads\/2014\/10\/Mascara1.jpg?resize=150%2C140&amp;ssl=1 150w, https:\/\/i0.wp.com\/eltrabajo.cl\/portal\/wp-content\/uploads\/2014\/10\/Mascara1.jpg?resize=400%2C374&amp;ssl=1 400w, https:\/\/i0.wp.com\/eltrabajo.cl\/portal\/wp-content\/uploads\/2014\/10\/Mascara1.jpg?w=529&amp;ssl=1 529w\" sizes=\"auto, (max-width: 300px) 100vw, 300px\" \/><\/a><figcaption id=\"caption-attachment-52621\" class=\"wp-caption-text\">Los dos antisociales fueron puestos a disposici\u00f3n del Tribunal de Garant\u00eda de Los Andes.<\/figcaption><\/figure>\n<p><strong>LOS ANDES<\/strong>.- La Brigada de Robos de la PDI de Los Andes, logr\u00f3 la captura de dos antisociales que el pasado 1 de octubre asaltaron al recaudador de una molinera usando m\u00e1scaras de Halloween, logrando apoderarse de m\u00e1s de $15 millones en efectivo y documentos bancarios. El arresto de los antisociales, los cuales resultaron ser trabajadores de la panader\u00eda donde la v\u00edctima cobro el dinero, se produjo en horas de la tarde del martes en el propio cuartel de la PDI hasta donde hab\u00edan sido citados a declarar.<br \/>\nComo se recordar\u00e1, la ma\u00f1ana de ese 1 de octubre dos sujetos, usando m\u00e1scaras diab\u00f3licas, abordaron al recaudador de Molinera Kako de iniciales E.I.M.M., de 53 a\u00f1os, cuando \u00e9ste sal\u00eda de Panificadora Su pan, ubicada en el sector de Patagual II en la comuna de Calle Larga.<\/p>\n<figure id=\"attachment_52622\" aria-describedby=\"caption-attachment-52622\" style=\"width: 300px\" class=\"wp-caption alignright\"><a href=\"https:\/\/i0.wp.com\/www.eltrabajo.cl\/portal\/wp-content\/uploads\/2014\/10\/Mascara2.jpg\"><img data-recalc-dims=\"1\" loading=\"lazy\" decoding=\"async\" class=\"wp-image-52622 size-medium\" src=\"https:\/\/i0.wp.com\/www.eltrabajo.cl\/portal\/wp-content\/uploads\/2014\/10\/Mascara2-300x184.jpg?resize=300%2C184\" alt=\"La Brigada de Robos de la PDI de Los Andes, logr\u00f3 la captura de dos antisociales que el pasado 1 de octubre  asaltaron al recaudador de una molinera usando m\u00e1scaras de Halloween, logrando apoderarse de m\u00e1s de $15 millones.\" width=\"300\" height=\"184\" srcset=\"https:\/\/i0.wp.com\/eltrabajo.cl\/portal\/wp-content\/uploads\/2014\/10\/Mascara2.jpg?resize=300%2C184&amp;ssl=1 300w, https:\/\/i0.wp.com\/eltrabajo.cl\/portal\/wp-content\/uploads\/2014\/10\/Mascara2.jpg?resize=200%2C122&amp;ssl=1 200w, https:\/\/i0.wp.com\/eltrabajo.cl\/portal\/wp-content\/uploads\/2014\/10\/Mascara2.jpg?resize=150%2C92&amp;ssl=1 150w, https:\/\/i0.wp.com\/eltrabajo.cl\/portal\/wp-content\/uploads\/2014\/10\/Mascara2.jpg?resize=400%2C245&amp;ssl=1 400w, https:\/\/i0.wp.com\/eltrabajo.cl\/portal\/wp-content\/uploads\/2014\/10\/Mascara2.jpg?w=529&amp;ssl=1 529w\" sizes=\"auto, (max-width: 300px) 100vw, 300px\" \/><\/a><figcaption id=\"caption-attachment-52622\" class=\"wp-caption-text\">La Brigada de Robos de la PDI de Los Andes, logr\u00f3 la captura de dos antisociales que el pasado 1 de octubre asaltaron al recaudador de una molinera usando m\u00e1scaras de Halloween, logrando apoderarse de m\u00e1s de $15 millones.<\/figcaption><\/figure>\n<p>Es por estos antecedentes y dada la gravedad del delito, que la Jueza Valeria Crosa consider\u00f3 la libertad de los imputados representa un peligro para la seguridad de la sociedad, decretando su Prisi\u00f3n Preventiva por los dos meses que durar\u00e1 la investigaci\u00f3n. Asimismo, la Polic\u00eda se encuentra tras la pista del tercer antisocial, quien fue el que provey\u00f3 el arma con la que se intimid\u00f3 a la v\u00edctima.<br \/>\nAsimismo, en entrevista con el due\u00f1o de la panader\u00eda, \u00e9ste se\u00f1al\u00f3 que el d\u00eda del atraco dos de sus trabajadores que efectuaban el turno diurno, identificados como Hugo Andr\u00e9s Ponce Gonz\u00e1lez (22) y Jordan Alexis Arredondo Bravo (23), no hab\u00edan acudido a sus labores. Finalmente estas personas resultaron imputadas por el asalto.<br \/>\nLos dos antisociales fueron puestos a disposici\u00f3n del Tribunal de Garant\u00eda de Los Andes, donde el Fiscal Alberto Gertosio los formaliz\u00f3 por el delito de Robo con violencia e Intimidaci\u00f3n. Asimismo, la Polic\u00eda se encuentra tras la pista del tercer antisocial, quien fue el que provey\u00f3 el arma con la que se intimid\u00f3 a la v\u00edctima.<\/p>\n","protected":false},"excerpt":{"rendered":"<p>LOS ANDES.- La Brigada de Robos de la PDI de Los Andes, logr\u00f3 la captura de dos antisociales que el pasado 1 de octubre asaltaron al recaudador de una molinera usando m\u00e1scaras&#8230;<\/p>\n","protected":false},"author":482,"featured_media":52621,"comment_status":"open","ping_status":"closed","sticky":false,"template":"","format":"standard","meta":{"advanced_seo_description":"","jetpack_seo_html_title":"","jetpack_seo_noindex":false,"_jetpack_memberships_contains_paid_content":false,"footnotes":""},"categories":[21],"tags":[],"class_list":["post-52620","post","type-post","status-publish","format-standard","has-post-thumbnail","hentry","category-policial"],"jetpack_featured_media_url":"https:\/\/i0.wp.com\/eltrabajo.cl\/portal\/wp-content\/uploads\/2014\/10\/Mascara1.jpg?fit=529%2C495&ssl=1","jetpack_sharing_enabled":true,"jetpack_likes_enabled":true,"jetpack-related-posts":[],"_links":{"self":[{"href":"https:\/\/eltrabajo.cl\/portal\/wp-json\/wp\/v2\/posts\/52620","targetHints":{"allow":["GET"]}}],"collection":[{"href":"https:\/\/eltrabajo.cl\/portal\/wp-json\/wp\/v2\/posts"}],"about":[{"href":"https:\/\/eltrabajo.cl\/portal\/wp-json\/wp\/v2\/types\/post"}],"author":[{"embeddable":true,"href":"https:\/\/eltrabajo.cl\/portal\/wp-json\/wp\/v2\/users\/482"}],"replies":[{"embeddable":true,"href":"https:\/\/eltrabajo.cl\/portal\/wp-json\/wp\/v2\/comments?post=52620"}],"version-history":[{"count":0,"href":"https:\/\/eltrabajo.cl\/portal\/wp-json\/wp\/v2\/posts\/52620\/revisions"}],"wp:featuredmedia":[{"embeddable":true,"href":"https:\/\/eltrabajo.cl\/portal\/wp-json\/wp\/v2\/media\/52621"}],"wp:attachment":[{"href":"https:\/\/eltrabajo.cl\/portal\/wp-json\/wp\/v2\/media?parent=52620"}],"wp:term":[{"taxonomy":"category","embeddable":true,"href":"https:\/\/eltrabajo.cl\/portal\/wp-json\/wp\/v2\/categories?post=52620"},{"taxonomy":"post_tag","embeddable":true,"href":"https:\/\/eltrabajo.cl\/portal\/wp-json\/wp\/v2\/tags?post=52620"}],"curies":[{"name":"wp","href":"https:\/\/api.w.org\/{rel}","templated":true}]}}