{"id":52624,"date":"2014-10-23T09:48:54","date_gmt":"2014-10-23T12:48:54","guid":{"rendered":"http:\/\/www.eltrabajo.cl\/portal\/?p=52624"},"modified":"2014-10-23T09:48:54","modified_gmt":"2014-10-23T12:48:54","slug":"joven-comerciante-muere-de-un-balazo-en-el-torax-tras-ser-asaltado","status":"publish","type":"post","link":"https:\/\/eltrabajo.cl\/portal\/joven-comerciante-muere-de-un-balazo-en-el-torax-tras-ser-asaltado\/","title":{"rendered":"Joven comerciante muere de un balazo en el t\u00f3rax tras ser asaltado"},"content":{"rendered":"<figure id=\"attachment_52625\" aria-describedby=\"caption-attachment-52625\" style=\"width: 529px\" class=\"wp-caption alignnone\"><a href=\"https:\/\/i0.wp.com\/www.eltrabajo.cl\/portal\/wp-content\/uploads\/2014\/10\/detenido1.jpg\"><img data-recalc-dims=\"1\" loading=\"lazy\" decoding=\"async\" class=\"size-full wp-image-52625\" src=\"https:\/\/i0.wp.com\/www.eltrabajo.cl\/portal\/wp-content\/uploads\/2014\/10\/detenido1.jpg?resize=529%2C401\" alt=\"Uno de los cinco delincuentes detenidos por Carabineros en una intensa persecuci\u00f3n.\" width=\"529\" height=\"401\" srcset=\"https:\/\/i0.wp.com\/eltrabajo.cl\/portal\/wp-content\/uploads\/2014\/10\/detenido1.jpg?w=529&amp;ssl=1 529w, https:\/\/i0.wp.com\/eltrabajo.cl\/portal\/wp-content\/uploads\/2014\/10\/detenido1.jpg?resize=197%2C150&amp;ssl=1 197w, https:\/\/i0.wp.com\/eltrabajo.cl\/portal\/wp-content\/uploads\/2014\/10\/detenido1.jpg?resize=300%2C227&amp;ssl=1 300w, https:\/\/i0.wp.com\/eltrabajo.cl\/portal\/wp-content\/uploads\/2014\/10\/detenido1.jpg?resize=150%2C113&amp;ssl=1 150w, https:\/\/i0.wp.com\/eltrabajo.cl\/portal\/wp-content\/uploads\/2014\/10\/detenido1.jpg?resize=400%2C303&amp;ssl=1 400w\" sizes=\"auto, (max-width: 529px) 100vw, 529px\" \/><\/a><figcaption id=\"caption-attachment-52625\" class=\"wp-caption-text\">Uno de los cinco delincuentes detenidos por Carabineros en una intensa persecuci\u00f3n.<\/figcaption><\/figure>\n<ul>\n<li><strong>Cinco detenidos tras intensa persecuci\u00f3n de Carabineros<\/strong><\/li>\n<\/ul>\n<p>Cinco sujetos fueron detenidos anoche al cierre de la presente edici\u00f3n, luego de causar la muerte de un comerciante a quien asaltaron a mano armada en la ciudad de Los Andes.<br \/>\nLos hechos se produjeron pasadas las 20:00 horas cuando cinco sujetos premunidos de armas de fuego ingresaron hasta un negocio de abarrotes en avenida Hermanos Clarke de Los Andes, donde procedieron a intimidar al hijo del propietario para asaltarlo. El afectado, al impedir la acci\u00f3n de los delincuentes, fue herido a bala a la altura del t\u00f3rax, cayendo tendido al suelo con riesgo vital.<br \/>\nPreliminarmente se pudo establecer que los cinco sujetos abordaron un veh\u00edculo marca Mazda de color blanco, placa patente BT DB 23 de propiedad de uno de los delincuentes, huyendo desde la comuna de Los Andes hasta San Felipe por calle Tocornal, inici\u00e1ndose una intensa persecuci\u00f3n por parte de Carabineros que activ\u00f3 un plan candado.<br \/>\nDurante el cerco policial, los antisociales intentaron eludir su detenci\u00f3n a gran velocidad por la calle Tocornal, llegando hasta la altura del supermercado L\u00edder Express de San Felipe, donde el conductor del veh\u00edculo perdi\u00f3 el control del m\u00f3vil, quedando literalmente incrustado en la casa del Subprefecto Administrativo de Carabineros, Mayor Marcelo Arancibia.<br \/>\nR\u00e1pidamente los malhechores descendieron del veh\u00edculo y comenzaron a escapar para refugiarse al interior de algunas viviendas. Carabineros en tanto comenz\u00f3 en principio con la captura de tres sujetos, mientras los vecinos consternados comenzaron a gritar y salir desde sus viviendas por el p\u00e1nico que caus\u00f3 la situaci\u00f3n.<br \/>\nPosteriormente otros dos protagonistas de este delito lograron ser reducidos por vecinos desde un veh\u00edculo al interior de una vivienda, siendo entregados a Carabineros que se desplegaba por todo el circuito de la villa El Se\u00f1orial.<br \/>\n\u00abCon motivo del asalto donde los sujetos pretend\u00edan sustraer el dinero de la caja, el hijo del propietario se interpuso, siendo herido a bala. Tenemos incautado entre dos a tres armamentos de fuego y cinco detenidos. Al escapar por calle Tocornal perdieron el control y se estrellaron contra esta casa, no resultaron carabineros heridos\u00bb, indic\u00f3 el Prefecto de Carabineros, Coronel Marcelo Dur\u00e1n.<br \/>\nLa v\u00edctima de estos hechos fue identificado como Enzo Ram\u00edrez Tapia, de 34 a\u00f1os de edad, quien no resisti\u00f3 pese a las maniobras de los m\u00e9dicos, perdiendo la vida a los pocos minutos de ser intervenido quir\u00fargicamente en el Hospital San Juan de Dios de Los Andes.<br \/>\nSeg\u00fan las \u00faltimas informaciones recopiladas en el sitio del suceso, uno de los delincuentes ser\u00eda identificado como el \u2018Care Tuto\u2019, domiciliado en la Villa 250 A\u00f1os de San Felipe.<br \/>\nEl d\u00eda de hoy ser\u00e1n formalizados por la Fiscal\u00eda de Los Andes.<br \/>\nPablo Salinas Sald\u00edas<\/p>\n<div class=\"tiled-gallery type-rectangular tiled-gallery-unresized\" data-original-width=\"640\" data-carousel-extra='null' itemscope itemtype=\"http:\/\/schema.org\/ImageGallery\" > <div class=\"gallery-row\" style=\"width: 640px; height: 453px;\" data-original-width=\"640\" data-original-height=\"453\" > <div class=\"gallery-group images-2\" style=\"width: 297px; height: 453px;\" data-original-width=\"297\" data-original-height=\"453\" > <div class=\"tiled-gallery-item tiled-gallery-item-large\" itemprop=\"associatedMedia\" itemscope itemtype=\"http:\/\/schema.org\/ImageObject\"> <a href=\"https:\/\/eltrabajo.cl\/portal\/joven-comerciante-muere-de-un-balazo-en-el-torax-tras-ser-asaltado\/auto-en-casa\/\" border=\"0\" itemprop=\"url\"> <meta itemprop=\"width\" content=\"293\"> <meta itemprop=\"height\" content=\"223\"> <img decoding=\"async\" class=\"\" data-attachment-id=\"52627\" data-orig-file=\"https:\/\/eltrabajo.cl\/portal\/wp-content\/uploads\/2014\/10\/auto-en-casa.jpg\" data-orig-size=\"529,401\" data-comments-opened=\"1\" data-image-meta=\"{&quot;aperture&quot;:&quot;0&quot;,&quot;credit&quot;:&quot;&quot;,&quot;camera&quot;:&quot;&quot;,&quot;caption&quot;:&quot;&quot;,&quot;created_timestamp&quot;:&quot;0&quot;,&quot;copyright&quot;:&quot;&quot;,&quot;focal_length&quot;:&quot;0&quot;,&quot;iso&quot;:&quot;0&quot;,&quot;shutter_speed&quot;:&quot;0&quot;,&quot;title&quot;:&quot;&quot;,&quot;orientation&quot;:&quot;0&quot;}\" data-image-title=\"auto en casa\" data-image-description=\"&lt;p&gt;El autom\u00f3vil de los fugitivos termin\u00f3 incrustado en la casa del Subprefecto Administrativo de Carabineros, Mayor Marcelo Arancibia.&lt;\/p&gt; \" data-medium-file=\"https:\/\/i0.wp.com\/eltrabajo.cl\/portal\/wp-content\/uploads\/2014\/10\/auto-en-casa.jpg?fit=300%2C227&#038;ssl=1\" data-large-file=\"https:\/\/i0.wp.com\/eltrabajo.cl\/portal\/wp-content\/uploads\/2014\/10\/auto-en-casa.jpg?fit=529%2C401&#038;ssl=1\" src=\"https:\/\/i0.wp.com\/eltrabajo.cl\/portal\/wp-content\/uploads\/2014\/10\/auto-en-casa.jpg?w=293&#038;h=223&#038;ssl=1\" srcset=\"https:\/\/i0.wp.com\/eltrabajo.cl\/portal\/wp-content\/uploads\/2014\/10\/auto-en-casa.jpg?w=529&amp;ssl=1 529w, https:\/\/i0.wp.com\/eltrabajo.cl\/portal\/wp-content\/uploads\/2014\/10\/auto-en-casa.jpg?resize=197%2C150&amp;ssl=1 197w, https:\/\/i0.wp.com\/eltrabajo.cl\/portal\/wp-content\/uploads\/2014\/10\/auto-en-casa.jpg?resize=300%2C227&amp;ssl=1 300w, https:\/\/i0.wp.com\/eltrabajo.cl\/portal\/wp-content\/uploads\/2014\/10\/auto-en-casa.jpg?resize=150%2C113&amp;ssl=1 150w, https:\/\/i0.wp.com\/eltrabajo.cl\/portal\/wp-content\/uploads\/2014\/10\/auto-en-casa.jpg?resize=400%2C303&amp;ssl=1 400w\" width=\"293\" height=\"223\" loading=\"lazy\" data-original-width=\"293\" data-original-height=\"223\" itemprop=\"http:\/\/schema.org\/image\" title=\"auto en casa\" alt=\"El autom\u00f3vil de los fugitivos termin\u00f3 incrustado en la casa del Subprefecto Administrativo de Carabineros, Mayor Marcelo Arancibia.\" style=\"width: 293px; height: 223px;\" \/> <\/a> <div class=\"tiled-gallery-caption\" itemprop=\"caption description\"> El autom\u00f3vil de los fugitivos termin\u00f3 incrustado en la casa del Subprefecto Administrativo de Carabineros, Mayor Marcelo Arancibia. <\/div> <\/div> <div class=\"tiled-gallery-item tiled-gallery-item-large\" itemprop=\"associatedMedia\" itemscope itemtype=\"http:\/\/schema.org\/ImageObject\"> <a href=\"https:\/\/eltrabajo.cl\/portal\/joven-comerciante-muere-de-un-balazo-en-el-torax-tras-ser-asaltado\/escena\/\" border=\"0\" itemprop=\"url\"> <meta itemprop=\"width\" content=\"293\"> <meta itemprop=\"height\" content=\"222\"> <img decoding=\"async\" class=\"\" data-attachment-id=\"52629\" data-orig-file=\"https:\/\/eltrabajo.cl\/portal\/wp-content\/uploads\/2014\/10\/escena.jpg\" data-orig-size=\"529,401\" data-comments-opened=\"1\" data-image-meta=\"{&quot;aperture&quot;:&quot;0&quot;,&quot;credit&quot;:&quot;&quot;,&quot;camera&quot;:&quot;&quot;,&quot;caption&quot;:&quot;&quot;,&quot;created_timestamp&quot;:&quot;0&quot;,&quot;copyright&quot;:&quot;&quot;,&quot;focal_length&quot;:&quot;0&quot;,&quot;iso&quot;:&quot;0&quot;,&quot;shutter_speed&quot;:&quot;0&quot;,&quot;title&quot;:&quot;&quot;,&quot;orientation&quot;:&quot;0&quot;}\" data-image-title=\"escena\" data-image-description=\"&lt;p&gt;Conmoci\u00f3n caus\u00f3 el incidente en vecinos Villa El Se\u00f1orial.&lt;\/p&gt; \" data-medium-file=\"https:\/\/i0.wp.com\/eltrabajo.cl\/portal\/wp-content\/uploads\/2014\/10\/escena.jpg?fit=300%2C227&#038;ssl=1\" data-large-file=\"https:\/\/i0.wp.com\/eltrabajo.cl\/portal\/wp-content\/uploads\/2014\/10\/escena.jpg?fit=529%2C401&#038;ssl=1\" src=\"https:\/\/i0.wp.com\/eltrabajo.cl\/portal\/wp-content\/uploads\/2014\/10\/escena.jpg?w=293&#038;h=222&#038;ssl=1\" srcset=\"https:\/\/i0.wp.com\/eltrabajo.cl\/portal\/wp-content\/uploads\/2014\/10\/escena.jpg?w=529&amp;ssl=1 529w, https:\/\/i0.wp.com\/eltrabajo.cl\/portal\/wp-content\/uploads\/2014\/10\/escena.jpg?resize=197%2C150&amp;ssl=1 197w, https:\/\/i0.wp.com\/eltrabajo.cl\/portal\/wp-content\/uploads\/2014\/10\/escena.jpg?resize=300%2C227&amp;ssl=1 300w, https:\/\/i0.wp.com\/eltrabajo.cl\/portal\/wp-content\/uploads\/2014\/10\/escena.jpg?resize=150%2C113&amp;ssl=1 150w, https:\/\/i0.wp.com\/eltrabajo.cl\/portal\/wp-content\/uploads\/2014\/10\/escena.jpg?resize=400%2C303&amp;ssl=1 400w\" width=\"293\" height=\"222\" loading=\"lazy\" data-original-width=\"293\" data-original-height=\"222\" itemprop=\"http:\/\/schema.org\/image\" title=\"escena\" alt=\"Conmoci\u00f3n caus\u00f3 el incidente en vecinos Villa El Se\u00f1orial.\" style=\"width: 293px; height: 222px;\" \/> <\/a> <div class=\"tiled-gallery-caption\" itemprop=\"caption description\"> Conmoci\u00f3n caus\u00f3 el incidente en vecinos Villa El Se\u00f1orial. <\/div> <\/div> <\/div> <!-- close group --> <div class=\"gallery-group images-1\" style=\"width: 343px; height: 453px;\" data-original-width=\"343\" data-original-height=\"453\" > <div class=\"tiled-gallery-item tiled-gallery-item-large\" itemprop=\"associatedMedia\" itemscope itemtype=\"http:\/\/schema.org\/ImageObject\"> <a href=\"https:\/\/eltrabajo.cl\/portal\/joven-comerciante-muere-de-un-balazo-en-el-torax-tras-ser-asaltado\/coronel-2\/\" border=\"0\" itemprop=\"url\"> <meta itemprop=\"width\" content=\"339\"> <meta itemprop=\"height\" content=\"449\"> <img decoding=\"async\" class=\"\" data-attachment-id=\"52628\" data-orig-file=\"https:\/\/eltrabajo.cl\/portal\/wp-content\/uploads\/2014\/10\/coronel.jpg\" data-orig-size=\"529,701\" data-comments-opened=\"1\" data-image-meta=\"{&quot;aperture&quot;:&quot;0&quot;,&quot;credit&quot;:&quot;&quot;,&quot;camera&quot;:&quot;&quot;,&quot;caption&quot;:&quot;&quot;,&quot;created_timestamp&quot;:&quot;0&quot;,&quot;copyright&quot;:&quot;&quot;,&quot;focal_length&quot;:&quot;0&quot;,&quot;iso&quot;:&quot;0&quot;,&quot;shutter_speed&quot;:&quot;0&quot;,&quot;title&quot;:&quot;&quot;,&quot;orientation&quot;:&quot;0&quot;}\" data-image-title=\"coronel\" data-image-description=\"&lt;p&gt;Coronel Marcelo Dur\u00e1n, Prefecto de Carabineros.&lt;\/p&gt; \" data-medium-file=\"https:\/\/i0.wp.com\/eltrabajo.cl\/portal\/wp-content\/uploads\/2014\/10\/coronel.jpg?fit=226%2C300&#038;ssl=1\" data-large-file=\"https:\/\/i0.wp.com\/eltrabajo.cl\/portal\/wp-content\/uploads\/2014\/10\/coronel.jpg?fit=529%2C701&#038;ssl=1\" src=\"https:\/\/i0.wp.com\/eltrabajo.cl\/portal\/wp-content\/uploads\/2014\/10\/coronel.jpg?w=339&#038;h=449&#038;ssl=1\" srcset=\"https:\/\/i0.wp.com\/eltrabajo.cl\/portal\/wp-content\/uploads\/2014\/10\/coronel.jpg?w=529&amp;ssl=1 529w, https:\/\/i0.wp.com\/eltrabajo.cl\/portal\/wp-content\/uploads\/2014\/10\/coronel.jpg?resize=113%2C150&amp;ssl=1 113w, https:\/\/i0.wp.com\/eltrabajo.cl\/portal\/wp-content\/uploads\/2014\/10\/coronel.jpg?resize=226%2C300&amp;ssl=1 226w, https:\/\/i0.wp.com\/eltrabajo.cl\/portal\/wp-content\/uploads\/2014\/10\/coronel.jpg?resize=400%2C530&amp;ssl=1 400w\" width=\"339\" height=\"449\" loading=\"lazy\" data-original-width=\"339\" data-original-height=\"449\" itemprop=\"http:\/\/schema.org\/image\" title=\"coronel\" alt=\"Coronel Marcelo Dur\u00e1n, Prefecto de Carabineros.\" style=\"width: 339px; height: 449px;\" \/> <\/a> <div class=\"tiled-gallery-caption\" itemprop=\"caption description\"> Coronel Marcelo Dur\u00e1n, Prefecto de Carabineros. <\/div> <\/div> <\/div> <!-- close group --> <\/div> <!-- close row --> <\/div>\n","protected":false},"excerpt":{"rendered":"<p>Cinco detenidos tras intensa persecuci\u00f3n de Carabineros Cinco sujetos fueron detenidos anoche al cierre de la presente edici\u00f3n, luego de causar la muerte de un comerciante a quien asaltaron a mano armada&#8230;<\/p>\n","protected":false},"author":482,"featured_media":52625,"comment_status":"open","ping_status":"closed","sticky":false,"template":"","format":"standard","meta":{"advanced_seo_description":"","jetpack_seo_html_title":"","jetpack_seo_noindex":false,"_jetpack_memberships_contains_paid_content":false,"footnotes":""},"categories":[21],"tags":[],"class_list":["post-52624","post","type-post","status-publish","format-standard","has-post-thumbnail","hentry","category-policial"],"jetpack_featured_media_url":"https:\/\/i0.wp.com\/eltrabajo.cl\/portal\/wp-content\/uploads\/2014\/10\/detenido1.jpg?fit=529%2C401&ssl=1","jetpack_sharing_enabled":true,"jetpack_likes_enabled":true,"jetpack-related-posts":[],"_links":{"self":[{"href":"https:\/\/eltrabajo.cl\/portal\/wp-json\/wp\/v2\/posts\/52624","targetHints":{"allow":["GET"]}}],"collection":[{"href":"https:\/\/eltrabajo.cl\/portal\/wp-json\/wp\/v2\/posts"}],"about":[{"href":"https:\/\/eltrabajo.cl\/portal\/wp-json\/wp\/v2\/types\/post"}],"author":[{"embeddable":true,"href":"https:\/\/eltrabajo.cl\/portal\/wp-json\/wp\/v2\/users\/482"}],"replies":[{"embeddable":true,"href":"https:\/\/eltrabajo.cl\/portal\/wp-json\/wp\/v2\/comments?post=52624"}],"version-history":[{"count":0,"href":"https:\/\/eltrabajo.cl\/portal\/wp-json\/wp\/v2\/posts\/52624\/revisions"}],"wp:featuredmedia":[{"embeddable":true,"href":"https:\/\/eltrabajo.cl\/portal\/wp-json\/wp\/v2\/media\/52625"}],"wp:attachment":[{"href":"https:\/\/eltrabajo.cl\/portal\/wp-json\/wp\/v2\/media?parent=52624"}],"wp:term":[{"taxonomy":"category","embeddable":true,"href":"https:\/\/eltrabajo.cl\/portal\/wp-json\/wp\/v2\/categories?post=52624"},{"taxonomy":"post_tag","embeddable":true,"href":"https:\/\/eltrabajo.cl\/portal\/wp-json\/wp\/v2\/tags?post=52624"}],"curies":[{"name":"wp","href":"https:\/\/api.w.org\/{rel}","templated":true}]}}