{"id":52641,"date":"2014-10-24T09:15:38","date_gmt":"2014-10-24T12:15:38","guid":{"rendered":"http:\/\/www.eltrabajo.cl\/portal\/?p=52641"},"modified":"2014-10-24T09:15:38","modified_gmt":"2014-10-24T12:15:38","slug":"jefas-de-hogar-tuvieron-encuentro-comunal-junto-a-las-autoridades","status":"publish","type":"post","link":"https:\/\/eltrabajo.cl\/portal\/jefas-de-hogar-tuvieron-encuentro-comunal-junto-a-las-autoridades\/","title":{"rendered":"Jefas de hogar tuvieron encuentro comunal junto a las autoridades"},"content":{"rendered":"<figure id=\"attachment_52642\" aria-describedby=\"caption-attachment-52642\" style=\"width: 529px\" class=\"wp-caption alignnone\"><a href=\"https:\/\/i0.wp.com\/www.eltrabajo.cl\/portal\/wp-content\/uploads\/2014\/10\/Mujeres12.jpg\"><img data-recalc-dims=\"1\" loading=\"lazy\" decoding=\"async\" class=\"size-full wp-image-52642\" src=\"https:\/\/i0.wp.com\/www.eltrabajo.cl\/portal\/wp-content\/uploads\/2014\/10\/Mujeres12.jpg?resize=529%2C352\" alt=\"Estas usuarias del programa compartieron sus experiencias y opiniones sobre la violencia en el hogar, ya que de manera especial el programa est\u00e1 trabajando con un grupo de mujeres que se ha afiatado de manera arm\u00f3nica y donde tambi\u00e9n pueden intercambiar sus experiencias en todo \u00e1mbito.\" width=\"529\" height=\"352\" srcset=\"https:\/\/i0.wp.com\/eltrabajo.cl\/portal\/wp-content\/uploads\/2014\/10\/Mujeres12.jpg?w=529&amp;ssl=1 529w, https:\/\/i0.wp.com\/eltrabajo.cl\/portal\/wp-content\/uploads\/2014\/10\/Mujeres12.jpg?resize=200%2C133&amp;ssl=1 200w, https:\/\/i0.wp.com\/eltrabajo.cl\/portal\/wp-content\/uploads\/2014\/10\/Mujeres12.jpg?resize=300%2C199&amp;ssl=1 300w, https:\/\/i0.wp.com\/eltrabajo.cl\/portal\/wp-content\/uploads\/2014\/10\/Mujeres12.jpg?resize=150%2C99&amp;ssl=1 150w, https:\/\/i0.wp.com\/eltrabajo.cl\/portal\/wp-content\/uploads\/2014\/10\/Mujeres12.jpg?resize=400%2C266&amp;ssl=1 400w\" sizes=\"auto, (max-width: 529px) 100vw, 529px\" \/><\/a><figcaption id=\"caption-attachment-52642\" class=\"wp-caption-text\">Estas usuarias del programa compartieron sus experiencias y opiniones sobre la violencia en el hogar, ya que de manera especial el programa est\u00e1 trabajando con un grupo de mujeres que se ha afiatado de manera arm\u00f3nica y donde tambi\u00e9n pueden intercambiar sus experiencias en todo \u00e1mbito.<\/figcaption><\/figure>\n<p><strong>PUTAENDO<\/strong>.- M\u00e1s de 50 mujeres pertenecientes al Programa Mujer Trabajadora y Jefas de hogar, participaron de un encuentro comunal junto a autoridades locales y regionales. En Restaurant Lilianett se dio cita a este importante encuentro organizado por el municipio y por el Servicio Nacional de la Mujer, donde estuvieron pertenecientes Waleska Castillo L\u00f3pez, Directora del Sernam, el Alcalde Guillermo Reyes y algunos concejales, junto a las mujeres de la comuna que participan de este importante programa.<br \/>\nLaura Fuenzalida, encargada comunal del programa jefas de hogar, se\u00f1al\u00f3 que este encuentro de emprendedoras junto a las autoridades sirvi\u00f3 para tratar de manera especial la prevenci\u00f3n de la violencia intrafamiliar y la nueva agenda de g\u00e9nero impulsada por el gobierno de la Presidenta Michelle Bachelet.<br \/>\nLas usuarias del programa compartieron sus experiencias y opiniones sobre la violencia en el hogar, ya que de manera especial el programa est\u00e1 trabajando con un grupo de mujeres que se ha afiatado de manera arm\u00f3nica y donde tambi\u00e9n pueden intercambiar sus experiencias en todo \u00e1mbito.<br \/>\nLas mujeres de Putaendo que participaron de este programa compartieron un exquisito almuerzo en una jornada que se extendi\u00f3 hasta pasadas las 15:00 horas. Se espera que este exitoso programa para las mujeres trabajadoras y jefas de hogar abra nuevamente las postulaciones para aquellas que est\u00e9n interesadas en formar parte de este proyecto durante los primeros meses del pr\u00f3ximo a\u00f1o.<br \/>\nPatricio Gallardo M.<\/p>\n","protected":false},"excerpt":{"rendered":"<p>PUTAENDO.- M\u00e1s de 50 mujeres pertenecientes al Programa Mujer Trabajadora y Jefas de hogar, participaron de un encuentro comunal junto a autoridades locales y regionales. En Restaurant Lilianett se dio cita a&#8230;<\/p>\n","protected":false},"author":482,"featured_media":52642,"comment_status":"open","ping_status":"closed","sticky":false,"template":"","format":"standard","meta":{"advanced_seo_description":"","jetpack_seo_html_title":"","jetpack_seo_noindex":false,"_jetpack_memberships_contains_paid_content":false,"footnotes":""},"categories":[15],"tags":[],"class_list":["post-52641","post","type-post","status-publish","format-standard","has-post-thumbnail","hentry","category-comunidad"],"jetpack_featured_media_url":"https:\/\/i0.wp.com\/eltrabajo.cl\/portal\/wp-content\/uploads\/2014\/10\/Mujeres12.jpg?fit=529%2C352&ssl=1","jetpack_sharing_enabled":true,"jetpack_likes_enabled":true,"jetpack-related-posts":[],"_links":{"self":[{"href":"https:\/\/eltrabajo.cl\/portal\/wp-json\/wp\/v2\/posts\/52641","targetHints":{"allow":["GET"]}}],"collection":[{"href":"https:\/\/eltrabajo.cl\/portal\/wp-json\/wp\/v2\/posts"}],"about":[{"href":"https:\/\/eltrabajo.cl\/portal\/wp-json\/wp\/v2\/types\/post"}],"author":[{"embeddable":true,"href":"https:\/\/eltrabajo.cl\/portal\/wp-json\/wp\/v2\/users\/482"}],"replies":[{"embeddable":true,"href":"https:\/\/eltrabajo.cl\/portal\/wp-json\/wp\/v2\/comments?post=52641"}],"version-history":[{"count":0,"href":"https:\/\/eltrabajo.cl\/portal\/wp-json\/wp\/v2\/posts\/52641\/revisions"}],"wp:featuredmedia":[{"embeddable":true,"href":"https:\/\/eltrabajo.cl\/portal\/wp-json\/wp\/v2\/media\/52642"}],"wp:attachment":[{"href":"https:\/\/eltrabajo.cl\/portal\/wp-json\/wp\/v2\/media?parent=52641"}],"wp:term":[{"taxonomy":"category","embeddable":true,"href":"https:\/\/eltrabajo.cl\/portal\/wp-json\/wp\/v2\/categories?post=52641"},{"taxonomy":"post_tag","embeddable":true,"href":"https:\/\/eltrabajo.cl\/portal\/wp-json\/wp\/v2\/tags?post=52641"}],"curies":[{"name":"wp","href":"https:\/\/api.w.org\/{rel}","templated":true}]}}