{"id":52644,"date":"2014-10-24T09:18:21","date_gmt":"2014-10-24T12:18:21","guid":{"rendered":"http:\/\/www.eltrabajo.cl\/portal\/?p=52644"},"modified":"2014-10-24T09:19:29","modified_gmt":"2014-10-24T12:19:29","slug":"escuelas-y-liceos-de-san-felipe-salieron-a-mostrar-sus-logros","status":"publish","type":"post","link":"https:\/\/eltrabajo.cl\/portal\/escuelas-y-liceos-de-san-felipe-salieron-a-mostrar-sus-logros\/","title":{"rendered":"Escuelas y liceos de San Felipe salieron a mostrar sus logros"},"content":{"rendered":"<figure id=\"attachment_52645\" aria-describedby=\"caption-attachment-52645\" style=\"width: 528px\" class=\"wp-caption alignnone\"><a href=\"https:\/\/i0.wp.com\/www.eltrabajo.cl\/portal\/wp-content\/uploads\/2014\/10\/Feria11.jpg\"><img data-recalc-dims=\"1\" loading=\"lazy\" decoding=\"async\" class=\"size-full wp-image-52645\" src=\"https:\/\/i0.wp.com\/www.eltrabajo.cl\/portal\/wp-content\/uploads\/2014\/10\/Feria11.jpg?resize=528%2C401\" alt=\"Todo un \u00e9xito fue la primera versi\u00f3n de la Feria Educativa Municipal 2014, organizada por la Daem de la comuna de San Felipe.\" width=\"528\" height=\"401\" srcset=\"https:\/\/i0.wp.com\/eltrabajo.cl\/portal\/wp-content\/uploads\/2014\/10\/Feria11.jpg?w=528&amp;ssl=1 528w, https:\/\/i0.wp.com\/eltrabajo.cl\/portal\/wp-content\/uploads\/2014\/10\/Feria11.jpg?resize=197%2C150&amp;ssl=1 197w, https:\/\/i0.wp.com\/eltrabajo.cl\/portal\/wp-content\/uploads\/2014\/10\/Feria11.jpg?resize=300%2C227&amp;ssl=1 300w, https:\/\/i0.wp.com\/eltrabajo.cl\/portal\/wp-content\/uploads\/2014\/10\/Feria11.jpg?resize=150%2C113&amp;ssl=1 150w, https:\/\/i0.wp.com\/eltrabajo.cl\/portal\/wp-content\/uploads\/2014\/10\/Feria11.jpg?resize=400%2C303&amp;ssl=1 400w\" sizes=\"auto, (max-width: 528px) 100vw, 528px\" \/><\/a><figcaption id=\"caption-attachment-52645\" class=\"wp-caption-text\">Todo un \u00e9xito fue la primera versi\u00f3n de la Feria Educativa Municipal 2014, organizada por la Daem de la comuna de San Felipe.<\/figcaption><\/figure>\n<p>Todo un \u00e9xito fue la primera versi\u00f3n de la Feria Educativa Municipal 2014, organizada por la Daem de la comuna de San Felipe, realizada durante la ma\u00f1ana este mi\u00e9rcoles en la Plaza de Armas. La actividad, permiti\u00f3 que liceos y escuelas de la ciudad, salieran al principal paseo p\u00fablico para mostrar el resultado del trabajo arduo que efect\u00faan d\u00eda a d\u00eda todos los integrantes de sus respectivas comunidades educativas.<\/p>\n<figure id=\"attachment_52646\" aria-describedby=\"caption-attachment-52646\" style=\"width: 400px\" class=\"wp-caption alignright\"><a href=\"https:\/\/i0.wp.com\/www.eltrabajo.cl\/portal\/wp-content\/uploads\/2014\/10\/Humeres1.jpg\"><img data-recalc-dims=\"1\" loading=\"lazy\" decoding=\"async\" class=\"wp-image-52646\" src=\"https:\/\/i0.wp.com\/www.eltrabajo.cl\/portal\/wp-content\/uploads\/2014\/10\/Humeres1.jpg?resize=400%2C304\" alt=\"La jornada que se extendi\u00f3 hasta las 14:00 horas y el balance realizado por sus organizadores fue muy positivo.\" width=\"400\" height=\"304\" srcset=\"https:\/\/i0.wp.com\/eltrabajo.cl\/portal\/wp-content\/uploads\/2014\/10\/Humeres1.jpg?w=528&amp;ssl=1 528w, https:\/\/i0.wp.com\/eltrabajo.cl\/portal\/wp-content\/uploads\/2014\/10\/Humeres1.jpg?resize=197%2C150&amp;ssl=1 197w, https:\/\/i0.wp.com\/eltrabajo.cl\/portal\/wp-content\/uploads\/2014\/10\/Humeres1.jpg?resize=300%2C227&amp;ssl=1 300w, https:\/\/i0.wp.com\/eltrabajo.cl\/portal\/wp-content\/uploads\/2014\/10\/Humeres1.jpg?resize=150%2C113&amp;ssl=1 150w, https:\/\/i0.wp.com\/eltrabajo.cl\/portal\/wp-content\/uploads\/2014\/10\/Humeres1.jpg?resize=400%2C303&amp;ssl=1 400w\" sizes=\"auto, (max-width: 400px) 100vw, 400px\" \/><\/a><figcaption id=\"caption-attachment-52646\" class=\"wp-caption-text\">La jornada que se extendi\u00f3 hasta las 14:00 horas y el balance realizado por sus organizadores fue muy positivo.<\/figcaption><\/figure>\n<p>En la oportunidad, se encontraban presentes todos los establecimientos educacionales municipalizados, quienes tuvieron la oportunidad de mostrar a la comunidad, los significativos avances que han tenido en el \u00faltimo periodo, lo que permite corroborar que constituyen una muy buena alternativa para todas las familias que buscan entregar educaci\u00f3n de calidad a sus hijos, desde pre k\u00ednder hasta cuarto medio.<br \/>\nLa iniciativa nace de la inquietud del equipo de gesti\u00f3n de la Daem, como una manera de potenciar la educaci\u00f3n p\u00fablica, mostrando y abriendo las posibilidades de crecimiento para el alumnado y sus familias, con una educaci\u00f3n que se amolda al paso de los a\u00f1os. La actividad adem\u00e1s, da inicio oficial al proceso de matr\u00edculas para el a\u00f1o 2015.<br \/>\nEn esta primera versi\u00f3n de la Feria Educativa 2014 participaron el Alcalde Patricio Freire, quien comparti\u00f3 con los representantes y alumnos de cada uno de los establecimientos, as\u00ed como el Director Provincial de Educaci\u00f3n, Alejandro Tapia, los concejales Dante Rodr\u00edguez y Juan Manuel Millanao, el Director de Educaci\u00f3n Municipal Iv\u00e1n Silva Padilla, y la totalidad de los directores de los colegios y liceos de nuestra comuna, quienes orgullosos, atend\u00edan las diferentes consultas que se les formularon.<br \/>\nDurante toda la ma\u00f1ana, alumnos y profesores compartieron con los vecinos, quienes constataron en terreno, la calidad de la labor que diariamente es realizada en todos los establecimientos, demostrando un alto nivel de compromiso de todos los funcionarios. La jornada que se extendi\u00f3 hasta las 14:00 horas y el balance realizado por sus organizadores fue muy positivo, en espera de que los resultados se puedan visualizar en el proceso de matr\u00edculas.<br \/>\nEn la ocasi\u00f3n, el Director de Educaci\u00f3n Municipal, Iv\u00e1n Silva Padilla, se\u00f1al\u00f3 que \u201cestamos impresionados con la cantidad de gente que ha llegado a enterarse de lo que es nuestra alternativa educacional, y quiero destacar la dedicaci\u00f3n con que cada uno de los colegios y liceos realizaron y prepararon sus stands\u201d.<br \/>\nDestac\u00f3 adem\u00e1s \u201cel apoyo incondicional que recibimos constantemente de nuestro alcalde Patricio Freire, junto con los concejales, y esperamos que esto sirva para que la gente se d\u00e9 cuenta, de las fortalezas que tiene la educaci\u00f3n municipal de San Felipe, porque contamos con programas de apoyo al aula muy importante, con profesionales capacitados, que est\u00e1n presentes en todas las escuelas y liceos, siendo una alternativa v\u00e1lida, para una educaci\u00f3n de calidad para sus hijos\u201d.<\/p>\n","protected":false},"excerpt":{"rendered":"<p>Todo un \u00e9xito fue la primera versi\u00f3n de la Feria Educativa Municipal 2014, organizada por la Daem de la comuna de San Felipe, realizada durante la ma\u00f1ana este mi\u00e9rcoles en la Plaza&#8230;<\/p>\n","protected":false},"author":482,"featured_media":52646,"comment_status":"open","ping_status":"closed","sticky":false,"template":"","format":"standard","meta":{"advanced_seo_description":"","jetpack_seo_html_title":"","jetpack_seo_noindex":false,"_jetpack_memberships_contains_paid_content":false,"footnotes":""},"categories":[15],"tags":[],"class_list":["post-52644","post","type-post","status-publish","format-standard","has-post-thumbnail","hentry","category-comunidad"],"jetpack_featured_media_url":"https:\/\/i0.wp.com\/eltrabajo.cl\/portal\/wp-content\/uploads\/2014\/10\/Humeres1.jpg?fit=528%2C401&ssl=1","jetpack_sharing_enabled":true,"jetpack_likes_enabled":true,"jetpack-related-posts":[],"_links":{"self":[{"href":"https:\/\/eltrabajo.cl\/portal\/wp-json\/wp\/v2\/posts\/52644","targetHints":{"allow":["GET"]}}],"collection":[{"href":"https:\/\/eltrabajo.cl\/portal\/wp-json\/wp\/v2\/posts"}],"about":[{"href":"https:\/\/eltrabajo.cl\/portal\/wp-json\/wp\/v2\/types\/post"}],"author":[{"embeddable":true,"href":"https:\/\/eltrabajo.cl\/portal\/wp-json\/wp\/v2\/users\/482"}],"replies":[{"embeddable":true,"href":"https:\/\/eltrabajo.cl\/portal\/wp-json\/wp\/v2\/comments?post=52644"}],"version-history":[{"count":0,"href":"https:\/\/eltrabajo.cl\/portal\/wp-json\/wp\/v2\/posts\/52644\/revisions"}],"wp:featuredmedia":[{"embeddable":true,"href":"https:\/\/eltrabajo.cl\/portal\/wp-json\/wp\/v2\/media\/52646"}],"wp:attachment":[{"href":"https:\/\/eltrabajo.cl\/portal\/wp-json\/wp\/v2\/media?parent=52644"}],"wp:term":[{"taxonomy":"category","embeddable":true,"href":"https:\/\/eltrabajo.cl\/portal\/wp-json\/wp\/v2\/categories?post=52644"},{"taxonomy":"post_tag","embeddable":true,"href":"https:\/\/eltrabajo.cl\/portal\/wp-json\/wp\/v2\/tags?post=52644"}],"curies":[{"name":"wp","href":"https:\/\/api.w.org\/{rel}","templated":true}]}}