{"id":52650,"date":"2014-10-24T09:20:43","date_gmt":"2014-10-24T12:20:43","guid":{"rendered":"http:\/\/www.eltrabajo.cl\/portal\/?p=52650"},"modified":"2014-10-24T09:20:43","modified_gmt":"2014-10-24T12:20:43","slug":"autorizan-finalmente-recorrido-putaendo-los-patos-a-david-vergara","status":"publish","type":"post","link":"https:\/\/eltrabajo.cl\/portal\/autorizan-finalmente-recorrido-putaendo-los-patos-a-david-vergara\/","title":{"rendered":"Autorizan finalmente recorrido Putaendo-Los Patos a David Vergara"},"content":{"rendered":"<figure id=\"attachment_52651\" aria-describedby=\"caption-attachment-52651\" style=\"width: 529px\" class=\"wp-caption alignnone\"><a href=\"https:\/\/i0.wp.com\/www.eltrabajo.cl\/portal\/wp-content\/uploads\/2014\/10\/Micro1.jpg\"><img data-recalc-dims=\"1\" loading=\"lazy\" decoding=\"async\" class=\"size-full wp-image-52651\" src=\"https:\/\/i0.wp.com\/www.eltrabajo.cl\/portal\/wp-content\/uploads\/2014\/10\/Micro1.jpg?resize=529%2C402\" alt=\"David \u2018Chico\u2019 Vergara, confirm\u00f3 a nuestro medio que la Seremi de Transporte de la V Regi\u00f3n autoriz\u00f3 en forma oficial el recorrido que por a\u00f1os ha realizado desde Putaendo a Los Patos.\" width=\"529\" height=\"402\" srcset=\"https:\/\/i0.wp.com\/eltrabajo.cl\/portal\/wp-content\/uploads\/2014\/10\/Micro1.jpg?w=529&amp;ssl=1 529w, https:\/\/i0.wp.com\/eltrabajo.cl\/portal\/wp-content\/uploads\/2014\/10\/Micro1.jpg?resize=197%2C150&amp;ssl=1 197w, https:\/\/i0.wp.com\/eltrabajo.cl\/portal\/wp-content\/uploads\/2014\/10\/Micro1.jpg?resize=300%2C227&amp;ssl=1 300w, https:\/\/i0.wp.com\/eltrabajo.cl\/portal\/wp-content\/uploads\/2014\/10\/Micro1.jpg?resize=150%2C113&amp;ssl=1 150w, https:\/\/i0.wp.com\/eltrabajo.cl\/portal\/wp-content\/uploads\/2014\/10\/Micro1.jpg?resize=400%2C303&amp;ssl=1 400w\" sizes=\"auto, (max-width: 529px) 100vw, 529px\" \/><\/a><figcaption id=\"caption-attachment-52651\" class=\"wp-caption-text\">David \u2018Chico\u2019 Vergara, confirm\u00f3 a nuestro medio que la Seremi de Transporte de la V Regi\u00f3n autoriz\u00f3 en forma oficial el recorrido que por a\u00f1os ha realizado desde Putaendo a Los Patos.<\/figcaption><\/figure>\n<p><strong>PUTAENDO<\/strong>.- David \u2018Chico\u2019 Vergara, confirm\u00f3 a nuestro medio que la Seremi de Transporte de la V Regi\u00f3n autoriz\u00f3 en forma oficial el recorrido que por a\u00f1os ha realizado desde Putaendo a Los Patos. Vergara indic\u00f3 que tal como lo anunci\u00f3 en su momento, la Seremi de Transporte entreg\u00f3 mucha informaci\u00f3n confusa y que lo hizo temer que su recorrido ser\u00eda licitado, lo que significar\u00eda no volver a realizar el servicio que por casi 30 a\u00f1os ha llevado adelante.<br \/>\nDavid Vergara recibi\u00f3 oficialmente el documento que se\u00f1ala que la Seremi de Transporte autoriza para que realice el recorrido desde Putaendo a Los Patos y viceversa con la m\u00e1quina Mercedes Benz a\u00f1o 1996 que tambi\u00e9n ten\u00eda inconvenientes para ser inscrita, ya que esa m\u00e1quina a\u00fan le quedan un par de a\u00f1os antes que deba ser retirada de servicios.<br \/>\nVergara pidi\u00f3 agradecer p\u00fablicamente el incondicional apoyo, preocupaci\u00f3n y gesti\u00f3n del director de tr\u00e1nsito del municipio de Putaendo, pues dijo, fue fundamental en la dura lucha burocr\u00e1tica que debi\u00f3 dar en la Seremi de Transporte.<br \/>\nFinalmente el conocido \u2018Chico\u2019, dijo que se encuentra que hoy puede ya sacar la revisi\u00f3n t\u00e9cnica a su m\u00e1quina con esta autorizaci\u00f3n y agradeci\u00f3 la preocupaci\u00f3n de sus clientes y de muchos vecinos que por a\u00f1os viajaron junto a \u00e9l, pues hoy, ya todo ha quedado en regla y se\u00f1al\u00f3 que el recorrido hacia Los Patos se mantendr\u00e1 por muchos a\u00f1os y espera el pr\u00f3ximo a\u00f1o tratar de incorporar una segunda m\u00e1quina exclusivamente para escolares.<br \/>\nPatricio Gallardo M.<\/p>\n","protected":false},"excerpt":{"rendered":"<p>PUTAENDO.- David \u2018Chico\u2019 Vergara, confirm\u00f3 a nuestro medio que la Seremi de Transporte de la V Regi\u00f3n autoriz\u00f3 en forma oficial el recorrido que por a\u00f1os ha realizado desde Putaendo a Los&#8230;<\/p>\n","protected":false},"author":482,"featured_media":52651,"comment_status":"open","ping_status":"closed","sticky":false,"template":"","format":"standard","meta":{"advanced_seo_description":"","jetpack_seo_html_title":"","jetpack_seo_noindex":false,"_jetpack_memberships_contains_paid_content":false,"footnotes":""},"categories":[15],"tags":[],"class_list":["post-52650","post","type-post","status-publish","format-standard","has-post-thumbnail","hentry","category-comunidad"],"jetpack_featured_media_url":"https:\/\/i0.wp.com\/eltrabajo.cl\/portal\/wp-content\/uploads\/2014\/10\/Micro1.jpg?fit=529%2C402&ssl=1","jetpack_sharing_enabled":true,"jetpack_likes_enabled":true,"jetpack-related-posts":[],"_links":{"self":[{"href":"https:\/\/eltrabajo.cl\/portal\/wp-json\/wp\/v2\/posts\/52650","targetHints":{"allow":["GET"]}}],"collection":[{"href":"https:\/\/eltrabajo.cl\/portal\/wp-json\/wp\/v2\/posts"}],"about":[{"href":"https:\/\/eltrabajo.cl\/portal\/wp-json\/wp\/v2\/types\/post"}],"author":[{"embeddable":true,"href":"https:\/\/eltrabajo.cl\/portal\/wp-json\/wp\/v2\/users\/482"}],"replies":[{"embeddable":true,"href":"https:\/\/eltrabajo.cl\/portal\/wp-json\/wp\/v2\/comments?post=52650"}],"version-history":[{"count":0,"href":"https:\/\/eltrabajo.cl\/portal\/wp-json\/wp\/v2\/posts\/52650\/revisions"}],"wp:featuredmedia":[{"embeddable":true,"href":"https:\/\/eltrabajo.cl\/portal\/wp-json\/wp\/v2\/media\/52651"}],"wp:attachment":[{"href":"https:\/\/eltrabajo.cl\/portal\/wp-json\/wp\/v2\/media?parent=52650"}],"wp:term":[{"taxonomy":"category","embeddable":true,"href":"https:\/\/eltrabajo.cl\/portal\/wp-json\/wp\/v2\/categories?post=52650"},{"taxonomy":"post_tag","embeddable":true,"href":"https:\/\/eltrabajo.cl\/portal\/wp-json\/wp\/v2\/tags?post=52650"}],"curies":[{"name":"wp","href":"https:\/\/api.w.org\/{rel}","templated":true}]}}