{"id":52656,"date":"2014-10-24T09:29:11","date_gmt":"2014-10-24T12:29:11","guid":{"rendered":"http:\/\/www.eltrabajo.cl\/portal\/?p=52656"},"modified":"2014-10-24T09:29:11","modified_gmt":"2014-10-24T12:29:11","slug":"alumnos-de-esc-san-rafael-realizaron-inolvidable-viaje-de-estudios-al-puerto","status":"publish","type":"post","link":"https:\/\/eltrabajo.cl\/portal\/alumnos-de-esc-san-rafael-realizaron-inolvidable-viaje-de-estudios-al-puerto\/","title":{"rendered":"Alumnos de Esc. San Rafael realizaron inolvidable viaje de estudios al Puerto"},"content":{"rendered":"<figure id=\"attachment_52657\" aria-describedby=\"caption-attachment-52657\" style=\"width: 529px\" class=\"wp-caption alignnone\"><a href=\"https:\/\/i0.wp.com\/www.eltrabajo.cl\/portal\/wp-content\/uploads\/2014\/10\/viaje-estudios-alumnos-esc.-san-rafael-en-museo-21-de-mayo.jpg\"><img data-recalc-dims=\"1\" loading=\"lazy\" decoding=\"async\" class=\"size-full wp-image-52657\" src=\"https:\/\/i0.wp.com\/www.eltrabajo.cl\/portal\/wp-content\/uploads\/2014\/10\/viaje-estudios-alumnos-esc.-san-rafael-en-museo-21-de-mayo.jpg?resize=529%2C401\" alt=\"Alumnos de la Escuela San Rafael quedaron encantados con las piezas del museo.\" width=\"529\" height=\"401\" srcset=\"https:\/\/i0.wp.com\/eltrabajo.cl\/portal\/wp-content\/uploads\/2014\/10\/viaje-estudios-alumnos-esc.-san-rafael-en-museo-21-de-mayo.jpg?w=529&amp;ssl=1 529w, https:\/\/i0.wp.com\/eltrabajo.cl\/portal\/wp-content\/uploads\/2014\/10\/viaje-estudios-alumnos-esc.-san-rafael-en-museo-21-de-mayo.jpg?resize=197%2C150&amp;ssl=1 197w, https:\/\/i0.wp.com\/eltrabajo.cl\/portal\/wp-content\/uploads\/2014\/10\/viaje-estudios-alumnos-esc.-san-rafael-en-museo-21-de-mayo.jpg?resize=300%2C227&amp;ssl=1 300w, https:\/\/i0.wp.com\/eltrabajo.cl\/portal\/wp-content\/uploads\/2014\/10\/viaje-estudios-alumnos-esc.-san-rafael-en-museo-21-de-mayo.jpg?resize=150%2C113&amp;ssl=1 150w, https:\/\/i0.wp.com\/eltrabajo.cl\/portal\/wp-content\/uploads\/2014\/10\/viaje-estudios-alumnos-esc.-san-rafael-en-museo-21-de-mayo.jpg?resize=400%2C303&amp;ssl=1 400w\" sizes=\"auto, (max-width: 529px) 100vw, 529px\" \/><\/a><figcaption id=\"caption-attachment-52657\" class=\"wp-caption-text\">Alumnos de la Escuela San Rafael quedaron encantados con las piezas del museo.<\/figcaption><\/figure>\n<p>Un total de 35 de los 42 alumnos que tiene matriculados la Escuela San Rafael de San Felipe, participaron de un viaje de estudios a Valpara\u00edso, oportunidad en que, entre otras cosas, pudieron conocer el Museo 21 de Mayo, al margen del tradicional e infaltable viaje en lancha por la bah\u00eda.<br \/>\nSe trata de la casi totalidad de los alumnos de 1\u00ba a 6\u00ba b\u00e1sico, es decir todo el colegio, a excepci\u00f3n de siete menores a quienes no les autorizaron el viaje por un tema de preocupaci\u00f3n de sus padres. Los alumnos fueron acompa\u00f1ados por todos los profesores (siete en total) adem\u00e1s de la inspectora Marisela Castro.<br \/>\nEl viaje fue financiado por el DAEM corri\u00f3 con los gastos del bus, mientras todo lo dem\u00e1s fue posible gracias a diferentes empresas como Soprole que dieron yogurth y jugos para los ni\u00f1os, y la empresa Distal a cargo de las colaciones escolares, quien entreg\u00f3 los almuerzos como si fuera un d\u00eda normal de clases.<br \/>\nEsta actividad se llev\u00f3 a efecto el pasado 16 de octubre, para el D\u00eda del Profesor, y se extendi\u00f3 durante toda la jornada. Su realizaci\u00f3n se inscribi\u00f3 en el marco del programa de Convivencia Escolar, unidad encargada de mejorar las relaciones entre alumnos y profesores, siendo la encargada y creadora del paseo, Lelia Olivares, profesora de b\u00e1sica.<br \/>\nCabe destacar que este fue el segundo paseo que realiza el colegio, ya que el primero fue al Winzoo, anunci\u00e1ndose que ya se proyecta un tercero.<br \/>\nFinalmente hay que se\u00f1alar que el paseo tuvo un valor de 2.500 pesos para cada alumno, ya que se deb\u00eda costear la entrada al museo y el paseo en lancha.<\/p>\n<div class=\"tiled-gallery type-rectangular tiled-gallery-unresized\" data-original-width=\"640\" data-carousel-extra='null' itemscope itemtype=\"http:\/\/schema.org\/ImageGallery\" > <div class=\"gallery-row\" style=\"width: 640px; height: 318px;\" data-original-width=\"640\" data-original-height=\"318\" > <div class=\"gallery-group images-1\" style=\"width: 418px; height: 318px;\" data-original-width=\"418\" data-original-height=\"318\" > <div class=\"tiled-gallery-item tiled-gallery-item-large\" itemprop=\"associatedMedia\" itemscope itemtype=\"http:\/\/schema.org\/ImageObject\"> <a href=\"https:\/\/eltrabajo.cl\/portal\/alumnos-de-esc-san-rafael-realizaron-inolvidable-viaje-de-estudios-al-puerto\/viaje-estudios-instrucciones-en-el-museo\/\" border=\"0\" itemprop=\"url\"> <meta itemprop=\"width\" content=\"414\"> <meta itemprop=\"height\" content=\"314\"> <img decoding=\"async\" class=\"\" data-attachment-id=\"52658\" data-orig-file=\"https:\/\/eltrabajo.cl\/portal\/wp-content\/uploads\/2014\/10\/viaje-estudios-instrucciones-en-el-museo.jpg\" data-orig-size=\"529,401\" data-comments-opened=\"1\" data-image-meta=\"{&quot;aperture&quot;:&quot;0&quot;,&quot;credit&quot;:&quot;&quot;,&quot;camera&quot;:&quot;&quot;,&quot;caption&quot;:&quot;&quot;,&quot;created_timestamp&quot;:&quot;0&quot;,&quot;copyright&quot;:&quot;&quot;,&quot;focal_length&quot;:&quot;0&quot;,&quot;iso&quot;:&quot;0&quot;,&quot;shutter_speed&quot;:&quot;0&quot;,&quot;title&quot;:&quot;&quot;,&quot;orientation&quot;:&quot;0&quot;}\" data-image-title=\"viaje estudios instrucciones en el museo\" data-image-description=\"&lt;p&gt;Al llegar al museo la delegaci\u00f3n recibe las instrucciones por parte de personal del lugar.&lt;\/p&gt; \" data-medium-file=\"https:\/\/i0.wp.com\/eltrabajo.cl\/portal\/wp-content\/uploads\/2014\/10\/viaje-estudios-instrucciones-en-el-museo.jpg?fit=300%2C227&#038;ssl=1\" data-large-file=\"https:\/\/i0.wp.com\/eltrabajo.cl\/portal\/wp-content\/uploads\/2014\/10\/viaje-estudios-instrucciones-en-el-museo.jpg?fit=529%2C401&#038;ssl=1\" src=\"https:\/\/i0.wp.com\/eltrabajo.cl\/portal\/wp-content\/uploads\/2014\/10\/viaje-estudios-instrucciones-en-el-museo.jpg?w=414&#038;h=314&#038;ssl=1\" srcset=\"https:\/\/i0.wp.com\/eltrabajo.cl\/portal\/wp-content\/uploads\/2014\/10\/viaje-estudios-instrucciones-en-el-museo.jpg?w=529&amp;ssl=1 529w, https:\/\/i0.wp.com\/eltrabajo.cl\/portal\/wp-content\/uploads\/2014\/10\/viaje-estudios-instrucciones-en-el-museo.jpg?resize=197%2C150&amp;ssl=1 197w, https:\/\/i0.wp.com\/eltrabajo.cl\/portal\/wp-content\/uploads\/2014\/10\/viaje-estudios-instrucciones-en-el-museo.jpg?resize=300%2C227&amp;ssl=1 300w, https:\/\/i0.wp.com\/eltrabajo.cl\/portal\/wp-content\/uploads\/2014\/10\/viaje-estudios-instrucciones-en-el-museo.jpg?resize=150%2C113&amp;ssl=1 150w, https:\/\/i0.wp.com\/eltrabajo.cl\/portal\/wp-content\/uploads\/2014\/10\/viaje-estudios-instrucciones-en-el-museo.jpg?resize=400%2C303&amp;ssl=1 400w\" width=\"414\" height=\"314\" loading=\"lazy\" data-original-width=\"414\" data-original-height=\"314\" itemprop=\"http:\/\/schema.org\/image\" title=\"viaje estudios instrucciones en el museo\" alt=\"Al llegar al museo la delegaci\u00f3n recibe las instrucciones por parte de personal del lugar.\" style=\"width: 414px; height: 314px;\" \/> <\/a> <div class=\"tiled-gallery-caption\" itemprop=\"caption description\"> Al llegar al museo la delegaci\u00f3n recibe las instrucciones por parte de personal del lugar. <\/div> <\/div> <\/div> <!-- close group --> <div class=\"gallery-group images-2\" style=\"width: 222px; height: 318px;\" data-original-width=\"222\" data-original-height=\"318\" > <div class=\"tiled-gallery-item tiled-gallery-item-small\" itemprop=\"associatedMedia\" itemscope itemtype=\"http:\/\/schema.org\/ImageObject\"> <a href=\"https:\/\/eltrabajo.cl\/portal\/alumnos-de-esc-san-rafael-realizaron-inolvidable-viaje-de-estudios-al-puerto\/viaje-estudios-paseo-21-de-mayo-con-profesor-nelson-leon\/\" border=\"0\" itemprop=\"url\"> <meta itemprop=\"width\" content=\"218\"> <meta itemprop=\"height\" content=\"165\"> <img decoding=\"async\" class=\"\" data-attachment-id=\"52659\" data-orig-file=\"https:\/\/eltrabajo.cl\/portal\/wp-content\/uploads\/2014\/10\/viaje-estudios-paseo-21-de-mayo-con-profesor-nelson-leon.jpg\" data-orig-size=\"529,401\" data-comments-opened=\"1\" data-image-meta=\"{&quot;aperture&quot;:&quot;0&quot;,&quot;credit&quot;:&quot;&quot;,&quot;camera&quot;:&quot;&quot;,&quot;caption&quot;:&quot;&quot;,&quot;created_timestamp&quot;:&quot;0&quot;,&quot;copyright&quot;:&quot;&quot;,&quot;focal_length&quot;:&quot;0&quot;,&quot;iso&quot;:&quot;0&quot;,&quot;shutter_speed&quot;:&quot;0&quot;,&quot;title&quot;:&quot;&quot;,&quot;orientation&quot;:&quot;0&quot;}\" data-image-title=\"viaje estudios paseo 21 de mayo con profesor nelson leon\" data-image-description=\"&lt;p&gt;Algunos de los alumnos posan junto al profesor Nelson Le\u00f3n para Diario El Trabajo.&lt;\/p&gt; \" data-medium-file=\"https:\/\/i0.wp.com\/eltrabajo.cl\/portal\/wp-content\/uploads\/2014\/10\/viaje-estudios-paseo-21-de-mayo-con-profesor-nelson-leon.jpg?fit=300%2C227&#038;ssl=1\" data-large-file=\"https:\/\/i0.wp.com\/eltrabajo.cl\/portal\/wp-content\/uploads\/2014\/10\/viaje-estudios-paseo-21-de-mayo-con-profesor-nelson-leon.jpg?fit=529%2C401&#038;ssl=1\" src=\"https:\/\/i0.wp.com\/eltrabajo.cl\/portal\/wp-content\/uploads\/2014\/10\/viaje-estudios-paseo-21-de-mayo-con-profesor-nelson-leon.jpg?w=218&#038;h=165&#038;ssl=1\" srcset=\"https:\/\/i0.wp.com\/eltrabajo.cl\/portal\/wp-content\/uploads\/2014\/10\/viaje-estudios-paseo-21-de-mayo-con-profesor-nelson-leon.jpg?w=529&amp;ssl=1 529w, https:\/\/i0.wp.com\/eltrabajo.cl\/portal\/wp-content\/uploads\/2014\/10\/viaje-estudios-paseo-21-de-mayo-con-profesor-nelson-leon.jpg?resize=197%2C150&amp;ssl=1 197w, https:\/\/i0.wp.com\/eltrabajo.cl\/portal\/wp-content\/uploads\/2014\/10\/viaje-estudios-paseo-21-de-mayo-con-profesor-nelson-leon.jpg?resize=300%2C227&amp;ssl=1 300w, https:\/\/i0.wp.com\/eltrabajo.cl\/portal\/wp-content\/uploads\/2014\/10\/viaje-estudios-paseo-21-de-mayo-con-profesor-nelson-leon.jpg?resize=150%2C113&amp;ssl=1 150w, https:\/\/i0.wp.com\/eltrabajo.cl\/portal\/wp-content\/uploads\/2014\/10\/viaje-estudios-paseo-21-de-mayo-con-profesor-nelson-leon.jpg?resize=400%2C303&amp;ssl=1 400w\" width=\"218\" height=\"165\" loading=\"lazy\" data-original-width=\"218\" data-original-height=\"165\" itemprop=\"http:\/\/schema.org\/image\" title=\"viaje estudios paseo 21 de mayo con profesor nelson leon\" alt=\"Algunos de los alumnos posan junto al profesor Nelson Le\u00f3n para Diario El Trabajo.\" style=\"width: 218px; height: 165px;\" \/> <\/a> <div class=\"tiled-gallery-caption\" itemprop=\"caption description\"> Algunos de los alumnos posan junto al profesor Nelson Le\u00f3n para Diario El Trabajo. <\/div> <\/div> <div class=\"tiled-gallery-item tiled-gallery-item-small\" itemprop=\"associatedMedia\" itemscope itemtype=\"http:\/\/schema.org\/ImageObject\"> <a href=\"https:\/\/eltrabajo.cl\/portal\/alumnos-de-esc-san-rafael-realizaron-inolvidable-viaje-de-estudios-al-puerto\/viaje-mirador\/\" border=\"0\" itemprop=\"url\"> <meta itemprop=\"width\" content=\"218\"> <meta itemprop=\"height\" content=\"145\"> <img decoding=\"async\" class=\"\" data-attachment-id=\"52660\" data-orig-file=\"https:\/\/eltrabajo.cl\/portal\/wp-content\/uploads\/2014\/10\/VIAJE-MIRADOR.jpg\" data-orig-size=\"529,353\" data-comments-opened=\"1\" data-image-meta=\"{&quot;aperture&quot;:&quot;0&quot;,&quot;credit&quot;:&quot;&quot;,&quot;camera&quot;:&quot;&quot;,&quot;caption&quot;:&quot;&quot;,&quot;created_timestamp&quot;:&quot;0&quot;,&quot;copyright&quot;:&quot;&quot;,&quot;focal_length&quot;:&quot;0&quot;,&quot;iso&quot;:&quot;0&quot;,&quot;shutter_speed&quot;:&quot;0&quot;,&quot;title&quot;:&quot;&quot;,&quot;orientation&quot;:&quot;0&quot;}\" data-image-title=\"VIAJE MIRADOR\" data-image-description=\"&lt;p&gt;Desde el Mirador 21 de Mayo, alumnos y profesores tuvieron una extraordinaria vista del muelle y la bah\u00eda.&lt;\/p&gt; \" data-medium-file=\"https:\/\/i0.wp.com\/eltrabajo.cl\/portal\/wp-content\/uploads\/2014\/10\/VIAJE-MIRADOR.jpg?fit=300%2C200&#038;ssl=1\" data-large-file=\"https:\/\/i0.wp.com\/eltrabajo.cl\/portal\/wp-content\/uploads\/2014\/10\/VIAJE-MIRADOR.jpg?fit=529%2C353&#038;ssl=1\" src=\"https:\/\/i0.wp.com\/eltrabajo.cl\/portal\/wp-content\/uploads\/2014\/10\/VIAJE-MIRADOR.jpg?w=218&#038;h=145&#038;ssl=1\" srcset=\"https:\/\/i0.wp.com\/eltrabajo.cl\/portal\/wp-content\/uploads\/2014\/10\/VIAJE-MIRADOR.jpg?w=529&amp;ssl=1 529w, https:\/\/i0.wp.com\/eltrabajo.cl\/portal\/wp-content\/uploads\/2014\/10\/VIAJE-MIRADOR.jpg?resize=200%2C133&amp;ssl=1 200w, https:\/\/i0.wp.com\/eltrabajo.cl\/portal\/wp-content\/uploads\/2014\/10\/VIAJE-MIRADOR.jpg?resize=300%2C200&amp;ssl=1 300w, https:\/\/i0.wp.com\/eltrabajo.cl\/portal\/wp-content\/uploads\/2014\/10\/VIAJE-MIRADOR.jpg?resize=150%2C100&amp;ssl=1 150w, https:\/\/i0.wp.com\/eltrabajo.cl\/portal\/wp-content\/uploads\/2014\/10\/VIAJE-MIRADOR.jpg?resize=400%2C266&amp;ssl=1 400w\" width=\"218\" height=\"145\" loading=\"lazy\" data-original-width=\"218\" data-original-height=\"145\" itemprop=\"http:\/\/schema.org\/image\" title=\"VIAJE MIRADOR\" alt=\"Desde el Mirador 21 de Mayo, alumnos y profesores tuvieron una extraordinaria vista del muelle y la bah\u00eda.\" style=\"width: 218px; height: 145px;\" \/> <\/a> <div class=\"tiled-gallery-caption\" itemprop=\"caption description\"> Desde el Mirador 21 de Mayo, alumnos y profesores tuvieron una extraordinaria vista del muelle y la bah\u00eda. <\/div> <\/div> <\/div> <!-- close group --> <\/div> <!-- close row --> <\/div>\n","protected":false},"excerpt":{"rendered":"<p>Un total de 35 de los 42 alumnos que tiene matriculados la Escuela San Rafael de San Felipe, participaron de un viaje de estudios a Valpara\u00edso, oportunidad en que, entre otras cosas,&#8230;<\/p>\n","protected":false},"author":482,"featured_media":52657,"comment_status":"open","ping_status":"closed","sticky":false,"template":"","format":"standard","meta":{"advanced_seo_description":"","jetpack_seo_html_title":"","jetpack_seo_noindex":false,"_jetpack_memberships_contains_paid_content":false,"footnotes":""},"categories":[15],"tags":[],"class_list":["post-52656","post","type-post","status-publish","format-standard","has-post-thumbnail","hentry","category-comunidad"],"jetpack_featured_media_url":"https:\/\/i0.wp.com\/eltrabajo.cl\/portal\/wp-content\/uploads\/2014\/10\/viaje-estudios-alumnos-esc.-san-rafael-en-museo-21-de-mayo.jpg?fit=529%2C401&ssl=1","jetpack_sharing_enabled":true,"jetpack_likes_enabled":true,"jetpack-related-posts":[],"_links":{"self":[{"href":"https:\/\/eltrabajo.cl\/portal\/wp-json\/wp\/v2\/posts\/52656","targetHints":{"allow":["GET"]}}],"collection":[{"href":"https:\/\/eltrabajo.cl\/portal\/wp-json\/wp\/v2\/posts"}],"about":[{"href":"https:\/\/eltrabajo.cl\/portal\/wp-json\/wp\/v2\/types\/post"}],"author":[{"embeddable":true,"href":"https:\/\/eltrabajo.cl\/portal\/wp-json\/wp\/v2\/users\/482"}],"replies":[{"embeddable":true,"href":"https:\/\/eltrabajo.cl\/portal\/wp-json\/wp\/v2\/comments?post=52656"}],"version-history":[{"count":0,"href":"https:\/\/eltrabajo.cl\/portal\/wp-json\/wp\/v2\/posts\/52656\/revisions"}],"wp:featuredmedia":[{"embeddable":true,"href":"https:\/\/eltrabajo.cl\/portal\/wp-json\/wp\/v2\/media\/52657"}],"wp:attachment":[{"href":"https:\/\/eltrabajo.cl\/portal\/wp-json\/wp\/v2\/media?parent=52656"}],"wp:term":[{"taxonomy":"category","embeddable":true,"href":"https:\/\/eltrabajo.cl\/portal\/wp-json\/wp\/v2\/categories?post=52656"},{"taxonomy":"post_tag","embeddable":true,"href":"https:\/\/eltrabajo.cl\/portal\/wp-json\/wp\/v2\/tags?post=52656"}],"curies":[{"name":"wp","href":"https:\/\/api.w.org\/{rel}","templated":true}]}}