{"id":52665,"date":"2014-10-24T09:34:32","date_gmt":"2014-10-24T12:34:32","guid":{"rendered":"http:\/\/www.eltrabajo.cl\/portal\/?p=52665"},"modified":"2014-10-24T09:34:32","modified_gmt":"2014-10-24T12:34:32","slug":"una-persona-lesionada-en-violenta-colision-de-jeep-y-automovil","status":"publish","type":"post","link":"https:\/\/eltrabajo.cl\/portal\/una-persona-lesionada-en-violenta-colision-de-jeep-y-automovil\/","title":{"rendered":"Una persona lesionada en violenta colisi\u00f3n de jeep y autom\u00f3vil"},"content":{"rendered":"<figure id=\"attachment_52666\" aria-describedby=\"caption-attachment-52666\" style=\"width: 529px\" class=\"wp-caption alignnone\"><a href=\"https:\/\/i0.wp.com\/www.eltrabajo.cl\/portal\/wp-content\/uploads\/2014\/10\/Choque11.jpg\"><img data-recalc-dims=\"1\" loading=\"lazy\" decoding=\"async\" class=\"size-full wp-image-52666\" src=\"https:\/\/i0.wp.com\/www.eltrabajo.cl\/portal\/wp-content\/uploads\/2014\/10\/Choque11.jpg?resize=529%2C358\" alt=\"Carabineros adopt\u00f3 el procedimiento de rigor para establecer la responsabilidad de las conductoras de ambos m\u00f3viles.\" width=\"529\" height=\"358\" srcset=\"https:\/\/i0.wp.com\/eltrabajo.cl\/portal\/wp-content\/uploads\/2014\/10\/Choque11.jpg?w=529&amp;ssl=1 529w, https:\/\/i0.wp.com\/eltrabajo.cl\/portal\/wp-content\/uploads\/2014\/10\/Choque11.jpg?resize=200%2C135&amp;ssl=1 200w, https:\/\/i0.wp.com\/eltrabajo.cl\/portal\/wp-content\/uploads\/2014\/10\/Choque11.jpg?resize=300%2C203&amp;ssl=1 300w, https:\/\/i0.wp.com\/eltrabajo.cl\/portal\/wp-content\/uploads\/2014\/10\/Choque11.jpg?resize=150%2C101&amp;ssl=1 150w, https:\/\/i0.wp.com\/eltrabajo.cl\/portal\/wp-content\/uploads\/2014\/10\/Choque11.jpg?resize=400%2C270&amp;ssl=1 400w\" sizes=\"auto, (max-width: 529px) 100vw, 529px\" \/><\/a><figcaption id=\"caption-attachment-52666\" class=\"wp-caption-text\">Carabineros adopt\u00f3 el procedimiento de rigor para establecer la responsabilidad de las conductoras de ambos m\u00f3viles.<\/figcaption><\/figure>\n<p><strong>LOS ANDES<\/strong>.- Una persona lesionada dej\u00f3 como saldo una violenta colisi\u00f3n entre un jeep y un autom\u00f3vil, ocurrida la tarde de este mi\u00e9rcoles en la intersecci\u00f3n de calles Rancagua con Esmeralda, en pleno centro de Los Andes. El accidente se produjo poco despu\u00e9s de las 19:00 horas, cuando un Jeep Dahiatsu Terios, matr\u00edcula BP TC 47, se desplazaba por Calle Esmeralda en direcci\u00f3n al poniente y al llegar a la esquina de Rancagua, su conductora no respet\u00f3 el disco Pare, siendo colisionada por el autom\u00f3vil Peugeot 307, patente UW 58 96, que iba por esta \u00faltima arteria en direcci\u00f3n al sur.<\/p>\n<figure id=\"attachment_52667\" aria-describedby=\"caption-attachment-52667\" style=\"width: 400px\" class=\"wp-caption alignright\"><a href=\"https:\/\/i0.wp.com\/www.eltrabajo.cl\/portal\/wp-content\/uploads\/2014\/10\/Choque2.jpg\"><img data-recalc-dims=\"1\" loading=\"lazy\" decoding=\"async\" class=\"wp-image-52667\" src=\"https:\/\/i0.wp.com\/www.eltrabajo.cl\/portal\/wp-content\/uploads\/2014\/10\/Choque2.jpg?resize=400%2C296\" alt=\"Una persona lesionada dej\u00f3 como saldo una violenta colisi\u00f3n entre un jeep y un autom\u00f3vil, ocurrida la tarde de este mi\u00e9rcoles en la intersecci\u00f3n de calles Rancagua con Esmeralda, en pleno centro de Los Andes.\" width=\"400\" height=\"296\" srcset=\"https:\/\/i0.wp.com\/eltrabajo.cl\/portal\/wp-content\/uploads\/2014\/10\/Choque2.jpg?w=529&amp;ssl=1 529w, https:\/\/i0.wp.com\/eltrabajo.cl\/portal\/wp-content\/uploads\/2014\/10\/Choque2.jpg?resize=200%2C148&amp;ssl=1 200w, https:\/\/i0.wp.com\/eltrabajo.cl\/portal\/wp-content\/uploads\/2014\/10\/Choque2.jpg?resize=300%2C222&amp;ssl=1 300w, https:\/\/i0.wp.com\/eltrabajo.cl\/portal\/wp-content\/uploads\/2014\/10\/Choque2.jpg?resize=150%2C111&amp;ssl=1 150w, https:\/\/i0.wp.com\/eltrabajo.cl\/portal\/wp-content\/uploads\/2014\/10\/Choque2.jpg?resize=400%2C296&amp;ssl=1 400w\" sizes=\"auto, (max-width: 400px) 100vw, 400px\" \/><\/a><figcaption id=\"caption-attachment-52667\" class=\"wp-caption-text\">Una persona lesionada dej\u00f3 como saldo una violenta colisi\u00f3n entre un jeep y un autom\u00f3vil, ocurrida la tarde de este mi\u00e9rcoles en la intersecci\u00f3n de calles Rancagua con Esmeralda, en pleno centro de Los Andes.<\/figcaption><\/figure>\n<p>A consecuencia del violento impacto, el Jeep dio un trompo y qued\u00f3 con parte de su carrocer\u00eda sobre la vereda, frente al Cuerpo de Bomberos de Los Andes.<br \/>\nJustamente personal bomberil que estaba de guardia acudi\u00f3 en ayuda de una mujer que qued\u00f3 atrapada en el asiento del copiloto del Jeep, la que luego de ser sacada fue entregada al Samu para su traslado hasta el Servicio de Urgencias del Hospital San Juan de Dios.<br \/>\nEn tanto, Carabineros adopt\u00f3 el procedimiento de rigor para establecer la responsabilidad de las conductoras de ambos m\u00f3viles. A causa de este accidente, el tr\u00e1nsito por Calle Esmeralda, entre Rancagua y Membrillar, se mantuvo interrumpido por espacio de media hora.<\/p>\n","protected":false},"excerpt":{"rendered":"<p>LOS ANDES.- Una persona lesionada dej\u00f3 como saldo una violenta colisi\u00f3n entre un jeep y un autom\u00f3vil, ocurrida la tarde de este mi\u00e9rcoles en la intersecci\u00f3n de calles Rancagua con Esmeralda, en&#8230;<\/p>\n","protected":false},"author":482,"featured_media":52666,"comment_status":"open","ping_status":"closed","sticky":false,"template":"","format":"standard","meta":{"advanced_seo_description":"","jetpack_seo_html_title":"","jetpack_seo_noindex":false,"_jetpack_memberships_contains_paid_content":false,"footnotes":""},"categories":[21],"tags":[],"class_list":["post-52665","post","type-post","status-publish","format-standard","has-post-thumbnail","hentry","category-policial"],"jetpack_featured_media_url":"https:\/\/i0.wp.com\/eltrabajo.cl\/portal\/wp-content\/uploads\/2014\/10\/Choque11.jpg?fit=529%2C358&ssl=1","jetpack_sharing_enabled":true,"jetpack_likes_enabled":true,"jetpack-related-posts":[],"_links":{"self":[{"href":"https:\/\/eltrabajo.cl\/portal\/wp-json\/wp\/v2\/posts\/52665","targetHints":{"allow":["GET"]}}],"collection":[{"href":"https:\/\/eltrabajo.cl\/portal\/wp-json\/wp\/v2\/posts"}],"about":[{"href":"https:\/\/eltrabajo.cl\/portal\/wp-json\/wp\/v2\/types\/post"}],"author":[{"embeddable":true,"href":"https:\/\/eltrabajo.cl\/portal\/wp-json\/wp\/v2\/users\/482"}],"replies":[{"embeddable":true,"href":"https:\/\/eltrabajo.cl\/portal\/wp-json\/wp\/v2\/comments?post=52665"}],"version-history":[{"count":0,"href":"https:\/\/eltrabajo.cl\/portal\/wp-json\/wp\/v2\/posts\/52665\/revisions"}],"wp:featuredmedia":[{"embeddable":true,"href":"https:\/\/eltrabajo.cl\/portal\/wp-json\/wp\/v2\/media\/52666"}],"wp:attachment":[{"href":"https:\/\/eltrabajo.cl\/portal\/wp-json\/wp\/v2\/media?parent=52665"}],"wp:term":[{"taxonomy":"category","embeddable":true,"href":"https:\/\/eltrabajo.cl\/portal\/wp-json\/wp\/v2\/categories?post=52665"},{"taxonomy":"post_tag","embeddable":true,"href":"https:\/\/eltrabajo.cl\/portal\/wp-json\/wp\/v2\/tags?post=52665"}],"curies":[{"name":"wp","href":"https:\/\/api.w.org\/{rel}","templated":true}]}}