{"id":52669,"date":"2014-10-24T09:36:15","date_gmt":"2014-10-24T12:36:15","guid":{"rendered":"http:\/\/www.eltrabajo.cl\/portal\/?p=52669"},"modified":"2014-10-24T09:36:15","modified_gmt":"2014-10-24T12:36:15","slug":"criminales-dispararon-a-quemarropa-a-trabajador-con-su-hijo-en-brazos","status":"publish","type":"post","link":"https:\/\/eltrabajo.cl\/portal\/criminales-dispararon-a-quemarropa-a-trabajador-con-su-hijo-en-brazos\/","title":{"rendered":"Criminales dispararon a quemarropa a trabajador con su hijo en brazos"},"content":{"rendered":"<figure id=\"attachment_52670\" aria-describedby=\"caption-attachment-52670\" style=\"width: 529px\" class=\"wp-caption alignnone\"><a href=\"https:\/\/i0.wp.com\/www.eltrabajo.cl\/portal\/wp-content\/uploads\/2014\/10\/Homicidio1.jpg\"><img data-recalc-dims=\"1\" loading=\"lazy\" decoding=\"async\" class=\"size-full wp-image-52670\" src=\"https:\/\/i0.wp.com\/www.eltrabajo.cl\/portal\/wp-content\/uploads\/2014\/10\/Homicidio1.jpg?resize=529%2C358\" alt=\"En Prisi\u00f3n Preventiva los adultos e Internaci\u00f3n Provisoria el menor de edad, quedaron los cinco antisociales que la tarde del mi\u00e9rcoles asaltaron un almac\u00e9n en Villa El Mirador y dieron muerte al trabajador de Codelco Andina, Enzo Ram\u00edrez Tapia.\" width=\"529\" height=\"358\" srcset=\"https:\/\/i0.wp.com\/eltrabajo.cl\/portal\/wp-content\/uploads\/2014\/10\/Homicidio1.jpg?w=529&amp;ssl=1 529w, https:\/\/i0.wp.com\/eltrabajo.cl\/portal\/wp-content\/uploads\/2014\/10\/Homicidio1.jpg?resize=200%2C135&amp;ssl=1 200w, https:\/\/i0.wp.com\/eltrabajo.cl\/portal\/wp-content\/uploads\/2014\/10\/Homicidio1.jpg?resize=300%2C203&amp;ssl=1 300w, https:\/\/i0.wp.com\/eltrabajo.cl\/portal\/wp-content\/uploads\/2014\/10\/Homicidio1.jpg?resize=150%2C101&amp;ssl=1 150w, https:\/\/i0.wp.com\/eltrabajo.cl\/portal\/wp-content\/uploads\/2014\/10\/Homicidio1.jpg?resize=400%2C270&amp;ssl=1 400w\" sizes=\"auto, (max-width: 529px) 100vw, 529px\" \/><\/a><figcaption id=\"caption-attachment-52670\" class=\"wp-caption-text\">En Prisi\u00f3n Preventiva los adultos e Internaci\u00f3n Provisoria el menor de edad, quedaron los cinco antisociales que la tarde del mi\u00e9rcoles asaltaron un almac\u00e9n en Villa El Mirador y dieron muerte al trabajador de Codelco Andina, Enzo Ram\u00edrez Tapia.<\/figcaption><\/figure>\n<p><strong>LOS ANDES<\/strong>.- En Prisi\u00f3n Preventiva los adultos e Internaci\u00f3n Provisoria el menor de edad, quedaron los cinco antisociales que la tarde del mi\u00e9rcoles asaltaron un almac\u00e9n en Villa El Mirador y dieron muerte al trabajador de Codelco Andina, Enzo Ram\u00edrez Tapia. Los imputados son Marcelo Ignacio Delgado Olgu\u00edn (18), alias \u2018Caretuto\u2019, Luis Francisco Hern\u00e1ndez Ot\u00e1rola (18), Sebasti\u00e1n Andr\u00e9s Santander Rojas (18), Francis Bryan Arredondo Torrej\u00f3n (20) y el menor J.L.R. (16), fueron formalizados en el Tribunal de Garant\u00eda de Los Andes por los delitos de Robo con homicidio y Porte ilegal de armas de fuego.<br \/>\nEl Fiscal Jefe del Ministerio P\u00fablico, Ricardo Reinoso, detall\u00f3 que tres sujetos ingresaron al almac\u00e9n y otros dos se quedaron fuera prestando cobertura, \u201cy los que entran de una manera bastante violenta, ya que hab\u00edan menores de edad, incluso la v\u00edctima ten\u00eda un menor en sus brazos cuando uno de ellos le dispara en el pecho y la v\u00edctima fallece una hora despu\u00e9s en el hospital de Los Andes\u201d.<br \/>\nEl persecutor se\u00f1al\u00f3 que conforme a las primeras diligencias efectuadas por la Labocar, el autor del disparo que mat\u00f3 al trabajador es Marcelo Delgado Olgu\u00edn, quien al momento de ser detenido llevaba consigo una pistola Beretta de calibre 6,5, \u201csin perjuicio de lo cual, encontr\u00e1ndose todos los sujetos presentes se les formaliza a todos por la figura jur\u00eddica de Robo con homicidio\u201d.<br \/>\nAgreg\u00f3 que al autor del disparo registra un nutrido prontuario delictual desde que era menor de edad, causas que incluyen Robo con violencia; Robo por sorpresa, Hurto, Robo en lugar habitado; Robo en lugar no habitado; Porte de arma blanca y de fuego, todos perpetrados en la comuna de San Felipe.<br \/>\nPrecis\u00f3 que los antisociales tras huir del local efectuaron al menos tres disparos al aire y luego abordaron el autom\u00f3vil Mazda para escapar a gran velocidad por Autopista CH 60 hacia la ciudad de San Felipe, siendo seguidos en todo momento por Carabineros hasta chocar contra la reja de un antejard\u00edn de una casa.<br \/>\nEl fiscal se\u00f1al\u00f3 que tras el choque, tres de los delincuentes fueron detenidos en el mismo lugar, incluso \u2018Caretuto\u2019 fue hallado con pistola en mano, oculto bajo un auto y los otros dos un par de minutos despu\u00e9s. Reinoso plante\u00f3 que si bien los sujetos no alcanzaron a perpetrar el robo, de todas formas hubo intimidaci\u00f3n hacia las v\u00edctimas con la finalidad de apropiarse de especies.<br \/>\nTambi\u00e9n ratific\u00f3 que en el interior del autom\u00f3vil de los antisociales se encontr\u00f3 cerca de $70.000 en efectivo, \u201cpero todav\u00eda no tenemos claras las cosas , sobre que haya una sustracci\u00f3n y es probable que ese dinero provenga de otro il\u00edcito, no obstante que esa es una de las hip\u00f3tesis que queremos corroborar\u201d.<br \/>\nEl fiscal precis\u00f3 que el autom\u00f3vil en que escaparon es propiedad del delincuente menor de edad.<br \/>\nFinalmente el fiscal dijo que si son encontrados culpables de estos il\u00edcitos, los delincuentes podr\u00edan recibir una penda de presidio perpetuo calificado, es decir deber\u00e1n pasar 40 a\u00f1os en la c\u00e1rcel antes de optar a beneficios. En tanto, la Defensora P\u00fablica, Blanca Poblete, se\u00f1al\u00f3 escuetamente que en estos momentos el Ministerio P\u00fablico no tiene claro el grado de participaci\u00f3n de cada uno de los imputados en el hecho, \u201cya que si bien se trata de Robo con homicidio hay que ver quien realmente dispar\u00f3\u201d.<br \/>\nEl Tribunal de Garant\u00eda fijo un plazo de investigaci\u00f3n de cuatro meses, per\u00edodo en el cual se deber\u00e1n realizar los peritajes a las armas y establecer el grado de participaci\u00f3n de cada uno de los imputados.<\/p>\n","protected":false},"excerpt":{"rendered":"<p>LOS ANDES.- En Prisi\u00f3n Preventiva los adultos e Internaci\u00f3n Provisoria el menor de edad, quedaron los cinco antisociales que la tarde del mi\u00e9rcoles asaltaron un almac\u00e9n en Villa El Mirador y dieron&#8230;<\/p>\n","protected":false},"author":482,"featured_media":52670,"comment_status":"open","ping_status":"closed","sticky":false,"template":"","format":"standard","meta":{"advanced_seo_description":"","jetpack_seo_html_title":"","jetpack_seo_noindex":false,"_jetpack_memberships_contains_paid_content":false,"footnotes":""},"categories":[21],"tags":[],"class_list":["post-52669","post","type-post","status-publish","format-standard","has-post-thumbnail","hentry","category-policial"],"jetpack_featured_media_url":"https:\/\/i0.wp.com\/eltrabajo.cl\/portal\/wp-content\/uploads\/2014\/10\/Homicidio1.jpg?fit=529%2C358&ssl=1","jetpack_sharing_enabled":true,"jetpack_likes_enabled":true,"jetpack-related-posts":[],"_links":{"self":[{"href":"https:\/\/eltrabajo.cl\/portal\/wp-json\/wp\/v2\/posts\/52669","targetHints":{"allow":["GET"]}}],"collection":[{"href":"https:\/\/eltrabajo.cl\/portal\/wp-json\/wp\/v2\/posts"}],"about":[{"href":"https:\/\/eltrabajo.cl\/portal\/wp-json\/wp\/v2\/types\/post"}],"author":[{"embeddable":true,"href":"https:\/\/eltrabajo.cl\/portal\/wp-json\/wp\/v2\/users\/482"}],"replies":[{"embeddable":true,"href":"https:\/\/eltrabajo.cl\/portal\/wp-json\/wp\/v2\/comments?post=52669"}],"version-history":[{"count":0,"href":"https:\/\/eltrabajo.cl\/portal\/wp-json\/wp\/v2\/posts\/52669\/revisions"}],"wp:featuredmedia":[{"embeddable":true,"href":"https:\/\/eltrabajo.cl\/portal\/wp-json\/wp\/v2\/media\/52670"}],"wp:attachment":[{"href":"https:\/\/eltrabajo.cl\/portal\/wp-json\/wp\/v2\/media?parent=52669"}],"wp:term":[{"taxonomy":"category","embeddable":true,"href":"https:\/\/eltrabajo.cl\/portal\/wp-json\/wp\/v2\/categories?post=52669"},{"taxonomy":"post_tag","embeddable":true,"href":"https:\/\/eltrabajo.cl\/portal\/wp-json\/wp\/v2\/tags?post=52669"}],"curies":[{"name":"wp","href":"https:\/\/api.w.org\/{rel}","templated":true}]}}