{"id":52672,"date":"2014-10-24T09:40:36","date_gmt":"2014-10-24T12:40:36","guid":{"rendered":"http:\/\/www.eltrabajo.cl\/portal\/?p=52672"},"modified":"2014-10-24T09:43:02","modified_gmt":"2014-10-24T12:43:02","slug":"jueces-liberaron-al-caretuto-y-a-los-seis-dias-asesino-a-un-inocente","status":"publish","type":"post","link":"https:\/\/eltrabajo.cl\/portal\/jueces-liberaron-al-caretuto-y-a-los-seis-dias-asesino-a-un-inocente\/","title":{"rendered":"Jueces liberaron al \u00abCaretuto\u00bb y a los seis d\u00edas asesin\u00f3 a un inocente"},"content":{"rendered":"<figure id=\"attachment_52673\" aria-describedby=\"caption-attachment-52673\" style=\"width: 529px\" class=\"wp-caption alignnone\"><a href=\"https:\/\/i0.wp.com\/www.eltrabajo.cl\/portal\/wp-content\/uploads\/2014\/10\/care-tuto.jpg\"><img data-recalc-dims=\"1\" loading=\"lazy\" decoding=\"async\" class=\"size-full wp-image-52673\" src=\"https:\/\/i0.wp.com\/www.eltrabajo.cl\/portal\/wp-content\/uploads\/2014\/10\/care-tuto.jpg?resize=529%2C414\" alt=\"Marcelo Delgado Olgu\u00edn alias el \u2018Caretuto\u2019, fue capturado al interior de una vivienda de Villa El Se\u00f1orial, tras cometer un crimen en Los Andes. Hace unos d\u00edas recuper\u00f3 su libertad por decisi\u00f3n del Tribunal Oral de San Felipe. (Foto Pedro Mu\u00f1oz) \" width=\"529\" height=\"414\" srcset=\"https:\/\/i0.wp.com\/eltrabajo.cl\/portal\/wp-content\/uploads\/2014\/10\/care-tuto.jpg?w=529&amp;ssl=1 529w, https:\/\/i0.wp.com\/eltrabajo.cl\/portal\/wp-content\/uploads\/2014\/10\/care-tuto.jpg?resize=191%2C150&amp;ssl=1 191w, https:\/\/i0.wp.com\/eltrabajo.cl\/portal\/wp-content\/uploads\/2014\/10\/care-tuto.jpg?resize=300%2C234&amp;ssl=1 300w, https:\/\/i0.wp.com\/eltrabajo.cl\/portal\/wp-content\/uploads\/2014\/10\/care-tuto.jpg?resize=150%2C117&amp;ssl=1 150w, https:\/\/i0.wp.com\/eltrabajo.cl\/portal\/wp-content\/uploads\/2014\/10\/care-tuto.jpg?resize=400%2C313&amp;ssl=1 400w\" sizes=\"auto, (max-width: 529px) 100vw, 529px\" \/><\/a><figcaption id=\"caption-attachment-52673\" class=\"wp-caption-text\">Marcelo Delgado Olgu\u00edn alias el \u2018Caretuto\u2019, fue capturado al interior de una vivienda de Villa El Se\u00f1orial, tras cometer un crimen en Los Andes. Hace unos d\u00edas recuper\u00f3 su libertad por decisi\u00f3n del Tribunal Oral de San Felipe. (Foto Pedro Mu\u00f1oz)<\/figcaption><\/figure>\n<p>El pasado d\u00eda viernes, el Tribunal Oral en Lo Penal de San Felipe absolvi\u00f3 de cargos por el delito de Robo con violencia a Marcelo Delgado Olgu\u00edn, alias \u2018Caretuto\u2019, quien permanec\u00eda recluido en un centro cerrado para adolescentes, recuperando de esta forma su libertad. Pero apenas seis d\u00edas despu\u00e9s, este nefasto personaje ahora es acusado del homicidio de Enzo Ram\u00edrez Tapia, fallecido de un certero disparo en el t\u00f3rax durante un asalto en la comuna de Los Andes.<\/p>\n<figure id=\"attachment_52676\" aria-describedby=\"caption-attachment-52676\" style=\"width: 300px\" class=\"wp-caption alignright\"><a href=\"https:\/\/i0.wp.com\/www.eltrabajo.cl\/portal\/wp-content\/uploads\/2014\/10\/Enzo-Muerto.jpg\"><img data-recalc-dims=\"1\" loading=\"lazy\" decoding=\"async\" class=\"wp-image-52676 size-medium\" src=\"https:\/\/i0.wp.com\/www.eltrabajo.cl\/portal\/wp-content\/uploads\/2014\/10\/Enzo-Muerto-300x286.jpg?resize=300%2C286\" alt=\"Enzo Ram\u00edrez Tapia falleci\u00f3 v\u00edctima de un certero disparo en el coraz\u00f3n de manos del \u2018Caretuto\u2019, quien confes\u00f3 su crimen ante la Polic\u00eda.\" width=\"300\" height=\"286\" srcset=\"https:\/\/i0.wp.com\/eltrabajo.cl\/portal\/wp-content\/uploads\/2014\/10\/Enzo-Muerto.jpg?resize=300%2C286&amp;ssl=1 300w, https:\/\/i0.wp.com\/eltrabajo.cl\/portal\/wp-content\/uploads\/2014\/10\/Enzo-Muerto.jpg?resize=157%2C150&amp;ssl=1 157w, https:\/\/i0.wp.com\/eltrabajo.cl\/portal\/wp-content\/uploads\/2014\/10\/Enzo-Muerto.jpg?resize=150%2C143&amp;ssl=1 150w, https:\/\/i0.wp.com\/eltrabajo.cl\/portal\/wp-content\/uploads\/2014\/10\/Enzo-Muerto.jpg?resize=400%2C381&amp;ssl=1 400w, https:\/\/i0.wp.com\/eltrabajo.cl\/portal\/wp-content\/uploads\/2014\/10\/Enzo-Muerto.jpg?w=529&amp;ssl=1 529w\" sizes=\"auto, (max-width: 300px) 100vw, 300px\" \/><\/a><figcaption id=\"caption-attachment-52676\" class=\"wp-caption-text\">Enzo Ram\u00edrez Tapia falleci\u00f3 v\u00edctima de un certero disparo en el coraz\u00f3n de manos del \u2018Caretuto\u2019, quien confes\u00f3 su crimen ante la Polic\u00eda.<\/figcaption><\/figure>\n<p><strong>ESTABAN LIBRES<\/strong><br \/>\nPese a que la Fiscal\u00eda de San Felipe persegu\u00eda una condena de diez a\u00f1os en contra de este sujeto y su c\u00f3mplice \u2018El Ch\u00f3mpiras\u2019, por un delito de Robo con Violencia cometido en el mes de enero de este a\u00f1o a un chofer de colectivos, dicho tribunal decidi\u00f3 absolverlo de los cargos debido a que el criterio de los jueces consider\u00f3 que existieron algunas contradicciones en la declaraci\u00f3n de la v\u00edctima, determinando que los acusados fueran dejados en la m\u00e1s completa libertad para continuar con sus fechor\u00edas.<br \/>\nEl Fiscal Andr\u00e9s Gallardo indic\u00f3 que dentro de la causa que \u00e9l persegu\u00eda, la v\u00edctima reconoci\u00f3 a los imputados, pero lamentablemente existi\u00f3 una confusi\u00f3n del color y formas de las vestimentas que utilizaron los imputados: \u00abYo estaba pidiendo diez a\u00f1os de r\u00e9gimen cerrado, porque al momento de los hechos \u00e9l era menor de edad. La v\u00edctima reconoci\u00f3 a \u2018Caretuto\u2019 en el tribunal y lo absuelven por otras consideraciones, entonces no est\u00e1 bien, entonces \u00bfqueda libre y mata a una persona?, es insostenible\u00bb, replic\u00f3 el Fiscal Gallardo.<\/p>\n<p><strong>VILLA EL SE\u00d1ORIAL<\/strong><br \/>\nEn tanto, una justificada preocupaci\u00f3n e indignaci\u00f3n se gener\u00f3 entre los vecinos de Villa El Se\u00f1orial de San Felipe, quienes fueron testigos y a la vez afectados tras la cinematogr\u00e1fica persecuci\u00f3n policial para capturar a cinco sujetos que escaparon despu\u00e9s de haber dado muerte de un disparo a Enzo Ram\u00edrez Tapia, de 34 a\u00f1os, quien se encontraba al interior del Minimarket El Mirador en Los Andes, junto a su esposa e hijos acompa\u00f1ando a su madre, propietaria del local.<\/p>\n<figure id=\"attachment_52674\" aria-describedby=\"caption-attachment-52674\" style=\"width: 226px\" class=\"wp-caption alignleft\"><a href=\"https:\/\/i0.wp.com\/www.eltrabajo.cl\/portal\/wp-content\/uploads\/2014\/10\/Dario-Vecino.jpg\"><img data-recalc-dims=\"1\" loading=\"lazy\" decoding=\"async\" class=\"wp-image-52674 size-medium\" src=\"https:\/\/i0.wp.com\/www.eltrabajo.cl\/portal\/wp-content\/uploads\/2014\/10\/Dario-Vecino-226x300.jpg?resize=226%2C300\" alt=\"Dar\u00edo Leiva vecino de Villa El Se\u00f1orial, redujo golpes al delincuente que ingres\u00f3 a su vivienda.\" width=\"226\" height=\"300\" srcset=\"https:\/\/i0.wp.com\/eltrabajo.cl\/portal\/wp-content\/uploads\/2014\/10\/Dario-Vecino.jpg?resize=226%2C300&amp;ssl=1 226w, https:\/\/i0.wp.com\/eltrabajo.cl\/portal\/wp-content\/uploads\/2014\/10\/Dario-Vecino.jpg?resize=113%2C150&amp;ssl=1 113w, https:\/\/i0.wp.com\/eltrabajo.cl\/portal\/wp-content\/uploads\/2014\/10\/Dario-Vecino.jpg?resize=400%2C530&amp;ssl=1 400w, https:\/\/i0.wp.com\/eltrabajo.cl\/portal\/wp-content\/uploads\/2014\/10\/Dario-Vecino.jpg?w=529&amp;ssl=1 529w\" sizes=\"auto, (max-width: 226px) 100vw, 226px\" \/><\/a><figcaption id=\"caption-attachment-52674\" class=\"wp-caption-text\">Dar\u00edo Leiva vecino de Villa El Se\u00f1orial, redujo golpes al delincuente que ingres\u00f3 a su vivienda.<\/figcaption><\/figure>\n<p><strong>FUE IMPACTANTE<\/strong><br \/>\nEl homicidio caus\u00f3 bastante conmoci\u00f3n entre las dos comunas dado el intenso cerco policial que despleg\u00f3 Carabineros para capturar a estos sujetos pasadas las 20:00 horas, cuando muchos ciudadanos retornaban a sus hogares, existiendo muchos testigos de las maniobras de los delincuentes que escaparon desde Avenida Hermanos Clarke en Los Andes en direcci\u00f3n a Avenida Tocornal, cuya autopista se transform\u00f3 en el \u00abescenario\u00bb real de una pel\u00edcula de acci\u00f3n.<br \/>\nLa Fiscal\u00eda de Los Andes mantiene en su poder un video registrado por las c\u00e1maras de seguridad de Supermercado L\u00edder Express de San Felipe, donde plasma el momento exacto cuando los delincuentes pretend\u00edan escapar hacia calle Orompello Serrano, impactando violentamente la casa fiscal del ex Comisario y actual Subprefecto Administrativo de Carabineros, Mayor Marcelo Arancibia, provocando la destrucci\u00f3n de la reja de cierre perimetral.<br \/>\nEl autom\u00f3vil Mazda de color blanco completamente incrustado en la vivienda y con sus airbag activados, oblig\u00f3 a que los cinco sujetos descendieran para escapar por las calles de Villa El Se\u00f1orial, donde los mismos vecinos se encargaron de reducir a golpes a dos de estos delincuentes, quienes invadieron de manera clandestina sus viviendas.<br \/>\nEste es hecho no es menor, considerando los \u00edndices de delitos de robos que se han ido produciendo tanto en San Felipe como en Los Andes. Los residentes al momento de esta persecuci\u00f3n, consternados y a la vez curiosos de la situaci\u00f3n, salieron desde sus viviendas para reprochar a los delincuentes, quienes afortunadamente para ellos fueron capturados por Carabineros.<br \/>\nCabe mencionar que espec\u00edficamente los residentes de Villa El Se\u00f1orial en reiteradas ocasiones han requerido ante las autoridades pertinentes una mayor fiscalizaci\u00f3n policial, tras ser v\u00edctimas de constantes robos en sus viviendas. Incluso se han organizado como comunidad en hacer vigilancias particulares para el resguardo de las propiedades del resto de los mismos vecinos.<\/p>\n<figure id=\"attachment_52675\" aria-describedby=\"caption-attachment-52675\" style=\"width: 226px\" class=\"wp-caption alignright\"><a href=\"https:\/\/i0.wp.com\/www.eltrabajo.cl\/portal\/wp-content\/uploads\/2014\/10\/Reinaldo-Vecino.jpg\"><img data-recalc-dims=\"1\" loading=\"lazy\" decoding=\"async\" class=\"wp-image-52675 size-medium\" src=\"https:\/\/i0.wp.com\/www.eltrabajo.cl\/portal\/wp-content\/uploads\/2014\/10\/Reinaldo-Vecino-226x300.jpg?resize=226%2C300\" alt=\"Reinaldo observ\u00f3 al antisocial oculto en su vivienda para entregarlo a los carabineros, mientras realizaban la captura de los cinco involucrados.\" width=\"226\" height=\"300\" srcset=\"https:\/\/i0.wp.com\/eltrabajo.cl\/portal\/wp-content\/uploads\/2014\/10\/Reinaldo-Vecino.jpg?resize=226%2C300&amp;ssl=1 226w, https:\/\/i0.wp.com\/eltrabajo.cl\/portal\/wp-content\/uploads\/2014\/10\/Reinaldo-Vecino.jpg?resize=113%2C150&amp;ssl=1 113w, https:\/\/i0.wp.com\/eltrabajo.cl\/portal\/wp-content\/uploads\/2014\/10\/Reinaldo-Vecino.jpg?resize=400%2C530&amp;ssl=1 400w, https:\/\/i0.wp.com\/eltrabajo.cl\/portal\/wp-content\/uploads\/2014\/10\/Reinaldo-Vecino.jpg?w=529&amp;ssl=1 529w\" sizes=\"auto, (max-width: 226px) 100vw, 226px\" \/><\/a><figcaption id=\"caption-attachment-52675\" class=\"wp-caption-text\">Reinaldo observ\u00f3 al antisocial oculto en su vivienda para entregarlo a los carabineros, mientras realizaban la captura de los cinco involucrados.<\/figcaption><\/figure>\n<p><strong>VECINOS INDIGNADOS<\/strong><br \/>\nFrente a este suceso en particular que conmovi\u00f3 a estos ciudadanos tras enterarse de la muerte de Enzo Ram\u00edrez Tapia, Diario El Trabajo se entrevist\u00f3 con dos vecinos que redujeron a \u2018Caretuto\u2019, quien el pasado viernes fue absuelto de cargos por Robo con violencia por el Tribunal Oral en Lo Penal de San Felipe.<br \/>\nReinaldo Leiva, residente de Villa El Se\u00f1orial, explic\u00f3 a Diario El Trabajo los momentos en que este sujeto invadi\u00f3 su propiedad, refugi\u00e1ndose entre medio de unos arbustos para no ser capturado por la Polic\u00eda.<br \/>\n\u00abYo pill\u00e9 a uno de los delincuentes entre medio de unos arbustos, porque los carabineros lo andaban buscando. Primero pillaron a dos y ahora pillaron a los cinco, uno es \u2018Caretuto\u2019 de la 250, me dijeron los carabineros. Antes ya me hab\u00edan robado en los veh\u00edculos, me tienen para la chacota y una vez me escap\u00e9 que me robaran $6 millones del pago de los trabajadores. \u00c9l no fue violento conmigo cuando lo enfrent\u00e9, yo s\u00ed con \u00e9l, porque me tienen cabreado, porque ac\u00e1 en Chile se le ha dado mucha libertad a la delincuencia como quieren, si a estos tipos hay que pegarles duro para que se cabreen\u00bb, indic\u00f3 el vecino afectado.<br \/>\nAl mismo tiempo, mientras Carabineros lograba la captura de los delincuentes que iban ingresando al interior de los carros apostados en calle Orompello Serrano, los residentes a\u00fan nerviosos y exaltados daban a entender la cr\u00edtica situaci\u00f3n delictual que se ha instaurado en la comuna.<br \/>\nDar\u00edo Leiva a\u00fan afligido y molesto por la situaci\u00f3n, se\u00f1ala haber golpeado a este antisocial, \u2018Caretuto\u2019, quien se encontraba armado, debiendo reducirlo entre varios familiares. \u00abCuando entr\u00e9 a mi casa estaba mi hermana con mi pap\u00e1 y mi cu\u00f1ado, \u00e9l estaba oculto entre la oscuridad, le pegu\u00e9 unos buenos combos, me dieron ganas de hacer justicia, porque los carabineros hacen su pega y despu\u00e9s un juez los saca y salen como si nada. Este es uno de los \u2018Caretuto\u2019 \u00bfcu\u00e1ntas veces lo han metido preso?. Entran y salen. En mi casa varias veces se han metido a robar\u00bb, se\u00f1ala este vecino residente de Pasaje Julio Montero.<\/p>\n<p><strong>MUERTE ABSURDA<\/strong><br \/>\nDurante el despliegue policial se confirm\u00f3 la muerte de Enzo Ram\u00edrez Tapia, quien no resisti\u00f3 el impacto de bala alojado a la altura del coraz\u00f3n, cuyos primeros informes de la fiscal\u00eda sindican a Marcelo Delgado Olgu\u00edn como el posible autor del fatal homicidio que enluta a familiares y amigos.<br \/>\nEn el plano extraoficial, se pudo conocer adem\u00e1s que la muerte de Ram\u00edrez se habr\u00eda producido en circunstancias bastante absurdas, cuando incluso se encontraba con su peque\u00f1o hijo en brazos.<br \/>\nTodo habr\u00eda sucedido cuando los delincuentes ingresan al local y exigen a la due\u00f1a que les entregue el dinero. El hijo de la mujer, Enzo Ram\u00edrez, se encontraba en el mismo local junto a sus dos hijos y su esposa, dando la espalda a la puerta. En esas circunstancias, su c\u00f3nyuge se habr\u00eda dado cuenta del asalto, dici\u00e9ndolo a su marido quien al darse vuelta con el peque\u00f1o en brazos, habr\u00eda asustado a los delincuentes, quienes reci\u00e9n ah\u00ed se percatan que hay otros dos adultos en el local, disparando al pecho de Ram\u00edrez que pese a estar casi frente al hospital, no pudo ser salvado y falleci\u00f3 una hora despu\u00e9s. Los delincuentes en tanto huyen y efect\u00faan m\u00e1s disparos a la salida del local para amedrentar a posibles curiosos y emprenden la fuga hacia la carretera en direcci\u00f3n a Salinas con las consecuencias ya conocidas.<br \/>\nPablo Salinas Sald\u00edas<\/p>\n<p>&nbsp;<\/p>\n","protected":false},"excerpt":{"rendered":"<p>El pasado d\u00eda viernes, el Tribunal Oral en Lo Penal de San Felipe absolvi\u00f3 de cargos por el delito de Robo con violencia a Marcelo Delgado Olgu\u00edn, alias \u2018Caretuto\u2019, quien permanec\u00eda recluido&#8230;<\/p>\n","protected":false},"author":482,"featured_media":52673,"comment_status":"open","ping_status":"closed","sticky":false,"template":"","format":"standard","meta":{"advanced_seo_description":"","jetpack_seo_html_title":"","jetpack_seo_noindex":false,"_jetpack_memberships_contains_paid_content":false,"footnotes":""},"categories":[21],"tags":[],"class_list":["post-52672","post","type-post","status-publish","format-standard","has-post-thumbnail","hentry","category-policial"],"jetpack_featured_media_url":"https:\/\/i0.wp.com\/eltrabajo.cl\/portal\/wp-content\/uploads\/2014\/10\/care-tuto.jpg?fit=529%2C414&ssl=1","jetpack_sharing_enabled":true,"jetpack_likes_enabled":true,"jetpack-related-posts":[],"_links":{"self":[{"href":"https:\/\/eltrabajo.cl\/portal\/wp-json\/wp\/v2\/posts\/52672","targetHints":{"allow":["GET"]}}],"collection":[{"href":"https:\/\/eltrabajo.cl\/portal\/wp-json\/wp\/v2\/posts"}],"about":[{"href":"https:\/\/eltrabajo.cl\/portal\/wp-json\/wp\/v2\/types\/post"}],"author":[{"embeddable":true,"href":"https:\/\/eltrabajo.cl\/portal\/wp-json\/wp\/v2\/users\/482"}],"replies":[{"embeddable":true,"href":"https:\/\/eltrabajo.cl\/portal\/wp-json\/wp\/v2\/comments?post=52672"}],"version-history":[{"count":0,"href":"https:\/\/eltrabajo.cl\/portal\/wp-json\/wp\/v2\/posts\/52672\/revisions"}],"wp:featuredmedia":[{"embeddable":true,"href":"https:\/\/eltrabajo.cl\/portal\/wp-json\/wp\/v2\/media\/52673"}],"wp:attachment":[{"href":"https:\/\/eltrabajo.cl\/portal\/wp-json\/wp\/v2\/media?parent=52672"}],"wp:term":[{"taxonomy":"category","embeddable":true,"href":"https:\/\/eltrabajo.cl\/portal\/wp-json\/wp\/v2\/categories?post=52672"},{"taxonomy":"post_tag","embeddable":true,"href":"https:\/\/eltrabajo.cl\/portal\/wp-json\/wp\/v2\/tags?post=52672"}],"curies":[{"name":"wp","href":"https:\/\/api.w.org\/{rel}","templated":true}]}}