{"id":52717,"date":"2014-10-27T09:47:45","date_gmt":"2014-10-27T12:47:45","guid":{"rendered":"http:\/\/www.eltrabajo.cl\/portal\/?p=52717"},"modified":"2014-10-27T09:52:06","modified_gmt":"2014-10-27T12:52:06","slug":"trabajador-de-parquimetros-sufre-feroz-agresion-a-manos-de-conductor","status":"publish","type":"post","link":"https:\/\/eltrabajo.cl\/portal\/trabajador-de-parquimetros-sufre-feroz-agresion-a-manos-de-conductor\/","title":{"rendered":"Trabajador de parqu\u00edmetros sufre feroz agresi\u00f3n a manos de conductor"},"content":{"rendered":"<figure id=\"attachment_52720\" aria-describedby=\"caption-attachment-52720\" style=\"width: 244px\" class=\"wp-caption alignleft\"><a href=\"https:\/\/i0.wp.com\/www.eltrabajo.cl\/portal\/wp-content\/uploads\/2014\/10\/Sangre2.jpg\"><img data-recalc-dims=\"1\" loading=\"lazy\" decoding=\"async\" class=\"wp-image-52720 size-medium\" src=\"https:\/\/i0.wp.com\/www.eltrabajo.cl\/portal\/wp-content\/uploads\/2014\/10\/Sangre2-244x300.jpg?resize=244%2C300\" alt=\"Claudio Rodr\u00edguez recibi\u00f3 un portazo met\u00e1lico por parte de un conductor en plena v\u00eda p\u00fablica.\" width=\"244\" height=\"300\" srcset=\"https:\/\/i0.wp.com\/eltrabajo.cl\/portal\/wp-content\/uploads\/2014\/10\/Sangre2.jpg?resize=244%2C300&amp;ssl=1 244w, https:\/\/i0.wp.com\/eltrabajo.cl\/portal\/wp-content\/uploads\/2014\/10\/Sangre2.jpg?resize=122%2C150&amp;ssl=1 122w, https:\/\/i0.wp.com\/eltrabajo.cl\/portal\/wp-content\/uploads\/2014\/10\/Sangre2.jpg?resize=400%2C491&amp;ssl=1 400w, https:\/\/i0.wp.com\/eltrabajo.cl\/portal\/wp-content\/uploads\/2014\/10\/Sangre2.jpg?w=529&amp;ssl=1 529w\" sizes=\"auto, (max-width: 244px) 100vw, 244px\" \/><\/a><figcaption id=\"caption-attachment-52720\" class=\"wp-caption-text\">Claudio Rodr\u00edguez recibi\u00f3 un portazo met\u00e1lico por parte de un conductor en plena v\u00eda p\u00fablica.<\/figcaption><\/figure>\n<p><strong>LOS ANDES<\/strong>.- Una feroz agresi\u00f3n sufri\u00f3 un trabajador de la empresa de parqu\u00edmetros de Los Andes, tras efectuarle el cobro al conductor de un cami\u00f3n que hab\u00eda estacionado en Calle Maip\u00fa, frente a la Tienda Jhonsons. El hecho se suscit\u00f3 el pasado jueves en la tarde cuando el trabajador Claudio Rodr\u00edguez, quien adem\u00e1s es voluntario de la Segunda Compa\u00f1\u00eda de Bomberos de Los Andes, se acerc\u00f3 hasta el conductor de un cami\u00f3n fletero que hab\u00eda estacionado en el lugar para cobrarle.<\/p>\n<figure id=\"attachment_52721\" aria-describedby=\"caption-attachment-52721\" style=\"width: 400px\" class=\"wp-caption alignright\"><a href=\"https:\/\/i0.wp.com\/www.eltrabajo.cl\/portal\/wp-content\/uploads\/2014\/10\/Esposado1.jpg\"><img data-recalc-dims=\"1\" loading=\"lazy\" decoding=\"async\" class=\"wp-image-52721\" src=\"https:\/\/i0.wp.com\/www.eltrabajo.cl\/portal\/wp-content\/uploads\/2014\/10\/Esposado1-300x224.jpg?resize=400%2C299\" alt=\"El chofer agresor dijo tras su detenci\u00f3n, que todo hab\u00eda sido un juego y que se le hab\u00eda pasado la mano.\" width=\"400\" height=\"299\" srcset=\"https:\/\/i0.wp.com\/eltrabajo.cl\/portal\/wp-content\/uploads\/2014\/10\/Esposado1.jpg?resize=300%2C224&amp;ssl=1 300w, https:\/\/i0.wp.com\/eltrabajo.cl\/portal\/wp-content\/uploads\/2014\/10\/Esposado1.jpg?resize=200%2C150&amp;ssl=1 200w, https:\/\/i0.wp.com\/eltrabajo.cl\/portal\/wp-content\/uploads\/2014\/10\/Esposado1.jpg?resize=150%2C112&amp;ssl=1 150w, https:\/\/i0.wp.com\/eltrabajo.cl\/portal\/wp-content\/uploads\/2014\/10\/Esposado1.jpg?resize=400%2C299&amp;ssl=1 400w, https:\/\/i0.wp.com\/eltrabajo.cl\/portal\/wp-content\/uploads\/2014\/10\/Esposado1.jpg?w=529&amp;ssl=1 529w\" sizes=\"auto, (max-width: 400px) 100vw, 400px\" \/><\/a><figcaption id=\"caption-attachment-52721\" class=\"wp-caption-text\">El chofer agresor dijo tras su detenci\u00f3n, que todo hab\u00eda sido un juego y que se le hab\u00eda pasado la mano.<\/figcaption><\/figure>\n<p><strong>CON LA PUERTA<\/strong><br \/>\nSeg\u00fan el afectado, el conductor del cami\u00f3n habr\u00eda encontrado muy alta la tarifa y ante la insistencia para que cancelara, \u00e9ste le dio con la puerta del veh\u00edculo en el rostro. El violento golpe le caus\u00f3 cortes en la boca y algunas piezas dentales sueltas, siendo auxiliado en primeras instancia por peatones y luego por sus propios compa\u00f1eros de labores, quienes llamaron a Carabineros.<br \/>\nEl cobrador de parqu\u00edmetros fue trasladado hasta el Sapu del Cesfam Centenario, mientras que el conductor del cami\u00f3n fue detenido por personal policial.<br \/>\nNo obstante, el chofer dijo que todo hab\u00eda sido \u201cun juego y que se le hab\u00eda pasado la mano\u201d, declaraci\u00f3n que contrasta con lo observado por testigos, quienes afirmaron que se trat\u00f3 derechamente de una agresi\u00f3n. Ante tal ataque, los trabajadores de la empresa de parqu\u00edmetros se quejaron que en forma constante son v\u00edctimas de agresiones verbales y f\u00edsicas por parte de los usuarios, generalmente motivadas por el valor de la tarifa, algo sobre la cual ellos no tienen incidencia. Por ello pidieron mayor comprensi\u00f3n respecto de lo que es su trabajo, pues ellos no pueden verse expuestos a agresiones alevosas por usuarios que no les gustan los cobros.<\/p>\n","protected":false},"excerpt":{"rendered":"<p>LOS ANDES.- Una feroz agresi\u00f3n sufri\u00f3 un trabajador de la empresa de parqu\u00edmetros de Los Andes, tras efectuarle el cobro al conductor de un cami\u00f3n que hab\u00eda estacionado en Calle Maip\u00fa, frente&#8230;<\/p>\n","protected":false},"author":482,"featured_media":52720,"comment_status":"open","ping_status":"closed","sticky":false,"template":"","format":"standard","meta":{"advanced_seo_description":"","jetpack_seo_html_title":"","jetpack_seo_noindex":false,"_jetpack_memberships_contains_paid_content":false,"footnotes":""},"categories":[21],"tags":[],"class_list":["post-52717","post","type-post","status-publish","format-standard","has-post-thumbnail","hentry","category-policial"],"jetpack_featured_media_url":"https:\/\/i0.wp.com\/eltrabajo.cl\/portal\/wp-content\/uploads\/2014\/10\/Sangre2.jpg?fit=529%2C650&ssl=1","jetpack_sharing_enabled":true,"jetpack_likes_enabled":true,"jetpack-related-posts":[],"_links":{"self":[{"href":"https:\/\/eltrabajo.cl\/portal\/wp-json\/wp\/v2\/posts\/52717","targetHints":{"allow":["GET"]}}],"collection":[{"href":"https:\/\/eltrabajo.cl\/portal\/wp-json\/wp\/v2\/posts"}],"about":[{"href":"https:\/\/eltrabajo.cl\/portal\/wp-json\/wp\/v2\/types\/post"}],"author":[{"embeddable":true,"href":"https:\/\/eltrabajo.cl\/portal\/wp-json\/wp\/v2\/users\/482"}],"replies":[{"embeddable":true,"href":"https:\/\/eltrabajo.cl\/portal\/wp-json\/wp\/v2\/comments?post=52717"}],"version-history":[{"count":0,"href":"https:\/\/eltrabajo.cl\/portal\/wp-json\/wp\/v2\/posts\/52717\/revisions"}],"wp:featuredmedia":[{"embeddable":true,"href":"https:\/\/eltrabajo.cl\/portal\/wp-json\/wp\/v2\/media\/52720"}],"wp:attachment":[{"href":"https:\/\/eltrabajo.cl\/portal\/wp-json\/wp\/v2\/media?parent=52717"}],"wp:term":[{"taxonomy":"category","embeddable":true,"href":"https:\/\/eltrabajo.cl\/portal\/wp-json\/wp\/v2\/categories?post=52717"},{"taxonomy":"post_tag","embeddable":true,"href":"https:\/\/eltrabajo.cl\/portal\/wp-json\/wp\/v2\/tags?post=52717"}],"curies":[{"name":"wp","href":"https:\/\/api.w.org\/{rel}","templated":true}]}}