{"id":52724,"date":"2014-10-27T09:50:08","date_gmt":"2014-10-27T12:50:08","guid":{"rendered":"http:\/\/www.eltrabajo.cl\/portal\/?p=52724"},"modified":"2014-10-27T09:50:44","modified_gmt":"2014-10-27T12:50:44","slug":"utilizando-un-arma-de-fogueo-delincuente-asalto-a-cuatro-mujeres","status":"publish","type":"post","link":"https:\/\/eltrabajo.cl\/portal\/utilizando-un-arma-de-fogueo-delincuente-asalto-a-cuatro-mujeres\/","title":{"rendered":"Utilizando un arma de fogueo delincuente asalt\u00f3 a cuatro mujeres"},"content":{"rendered":"<figure id=\"attachment_52725\" aria-describedby=\"caption-attachment-52725\" style=\"width: 300px\" class=\"wp-caption alignleft\"><a href=\"https:\/\/i0.wp.com\/www.eltrabajo.cl\/portal\/wp-content\/uploads\/2014\/10\/Fogueo1.jpg\"><img data-recalc-dims=\"1\" loading=\"lazy\" decoding=\"async\" class=\"wp-image-52725 size-medium\" src=\"https:\/\/i0.wp.com\/www.eltrabajo.cl\/portal\/wp-content\/uploads\/2014\/10\/Fogueo1-300x214.jpg?resize=300%2C214\" alt=\"El imputado fue detenido por Carabineros tras ser sindicado por cuatro v\u00edctimas como el autor del robo en horas de la madrugada de ayer domingo en pleno centro de San Felipe (Foto Archivo).\" width=\"300\" height=\"214\" srcset=\"https:\/\/i0.wp.com\/eltrabajo.cl\/portal\/wp-content\/uploads\/2014\/10\/Fogueo1.jpg?resize=300%2C214&amp;ssl=1 300w, https:\/\/i0.wp.com\/eltrabajo.cl\/portal\/wp-content\/uploads\/2014\/10\/Fogueo1.jpg?resize=200%2C143&amp;ssl=1 200w, https:\/\/i0.wp.com\/eltrabajo.cl\/portal\/wp-content\/uploads\/2014\/10\/Fogueo1.jpg?resize=150%2C107&amp;ssl=1 150w, https:\/\/i0.wp.com\/eltrabajo.cl\/portal\/wp-content\/uploads\/2014\/10\/Fogueo1.jpg?resize=400%2C286&amp;ssl=1 400w, https:\/\/i0.wp.com\/eltrabajo.cl\/portal\/wp-content\/uploads\/2014\/10\/Fogueo1.jpg?w=528&amp;ssl=1 528w\" sizes=\"auto, (max-width: 300px) 100vw, 300px\" \/><\/a><figcaption id=\"caption-attachment-52725\" class=\"wp-caption-text\">El imputado fue detenido por Carabineros tras ser sindicado por cuatro v\u00edctimas como el autor del robo en horas de la madrugada de ayer domingo en pleno centro de San Felipe (Foto Archivo).<\/figcaption><\/figure>\n<p>En cuesti\u00f3n de minutos, un sujeto cometi\u00f3 dos asaltos utilizando un arma a fogueo para intimidar a un total de cuatro mujeres, oblig\u00e1ndolas a hacer entrega de sus tel\u00e9fonos celulares en los momentos que fueron interceptadas en el per\u00edmetro central de la comuna de San Felipe.<br \/>\nLos hechos ocurrieron pasadas las 02:00 horas de ayer domingo, cuando Carabineros fue alertado por dos v\u00edctimas, quienes denunciaron haber sido enca\u00f1onadas por un desconocido que previamente las abord\u00f3 para consultarles la hora, para posteriormente sacar entre sus vestimentas el armamento, apuntando directamente sobre ellas, oblig\u00e1ndolas a entregar sus tel\u00e9fonos celulares.<br \/>\nLas mujeres consternadas por la situaci\u00f3n hicieron caso, concediendo lo requerido por el antisocial, quien escap\u00f3 en direcci\u00f3n desconocida por el centro de la comuna de San Felipe. Inmediatamente las afectadas pidieron auxilio a Carabineros, quienes se trasladaron al lugar para realizar patrullajes por distintas arterias en b\u00fasqueda del sospechoso, acompa\u00f1ados por las denunciantes.<br \/>\nMientras se realizaban estas diligencias, en la Central de Comunicaciones de Carabineros al Nivel 133 se recibi\u00f3 un segundo llamado telef\u00f3nico denunciando que un desconocido intentaba abrir unos veh\u00edculos estacionados en calle Carlos Condell. Los polic\u00edas se dirigieron hasta esa arteria, observando a un sujeto con las mismas caracter\u00edsticas reportadas por las v\u00edctimas de robo.<br \/>\nSin embargo, en dicho lugar mientras se realizaba el reconocimiento de este individuo, concurrieron hasta el lugar otras dos v\u00edctimas, quienes momentos antes hab\u00edan sido de la misma forma enca\u00f1onadas por el delincuente, quien manten\u00eda en su poder los cuatros tel\u00e9fonos celulares de las denunciantes, m\u00e1s el arma a fogueo utilizada para cometer los atracos, por lo cual fue detenido.<br \/>\nEl imputado, de 46 a\u00f1os de edad, fue sometido a control de detenci\u00f3n pasado el mediod\u00eda de ayer por el delito de Robo con intimidaci\u00f3n por la Fiscal Daniela Quevedo, en el Juzgado de Garant\u00eda de San Felipe, requiriendo ante el tribunal la m\u00e1xima cautelar de Prisi\u00f3n Preventiva, por representar un serio peligro para las v\u00edctimas y el resto de la sociedad.<br \/>\nEl tribunal estim\u00f3 necesaria la medida cautelar a petici\u00f3n del Ministerio P\u00fablico, ordenando al imputado ingresar a cumplir la Prisi\u00f3n Preventiva por un plazo de 70 d\u00edas, fijados para la investigaci\u00f3n del caso. \u00abEn poder del imputado se encuentran los cuatro celulares y arma a fogueo que habr\u00eda utilizado, qued\u00f3 en Prisi\u00f3n Preventiva por un plazo de 70 d\u00edas para investigar. Este sujeto ten\u00eda una condena por Robo con intimidaci\u00f3n que se encontraba prescrita\u00bb, precis\u00f3 a Diario El Trabajo la Fiscal Daniela Quevedo Henr\u00edquez.<br \/>\nPablo Salinas Sald\u00edas<\/p>\n","protected":false},"excerpt":{"rendered":"<p>En cuesti\u00f3n de minutos, un sujeto cometi\u00f3 dos asaltos utilizando un arma a fogueo para intimidar a un total de cuatro mujeres, oblig\u00e1ndolas a hacer entrega de sus tel\u00e9fonos celulares en los&#8230;<\/p>\n","protected":false},"author":482,"featured_media":52725,"comment_status":"open","ping_status":"closed","sticky":false,"template":"","format":"standard","meta":{"advanced_seo_description":"","jetpack_seo_html_title":"","jetpack_seo_noindex":false,"_jetpack_memberships_contains_paid_content":false,"footnotes":""},"categories":[21],"tags":[],"class_list":["post-52724","post","type-post","status-publish","format-standard","has-post-thumbnail","hentry","category-policial"],"jetpack_featured_media_url":"https:\/\/i0.wp.com\/eltrabajo.cl\/portal\/wp-content\/uploads\/2014\/10\/Fogueo1.jpg?fit=528%2C378&ssl=1","jetpack_sharing_enabled":true,"jetpack_likes_enabled":true,"jetpack-related-posts":[],"_links":{"self":[{"href":"https:\/\/eltrabajo.cl\/portal\/wp-json\/wp\/v2\/posts\/52724","targetHints":{"allow":["GET"]}}],"collection":[{"href":"https:\/\/eltrabajo.cl\/portal\/wp-json\/wp\/v2\/posts"}],"about":[{"href":"https:\/\/eltrabajo.cl\/portal\/wp-json\/wp\/v2\/types\/post"}],"author":[{"embeddable":true,"href":"https:\/\/eltrabajo.cl\/portal\/wp-json\/wp\/v2\/users\/482"}],"replies":[{"embeddable":true,"href":"https:\/\/eltrabajo.cl\/portal\/wp-json\/wp\/v2\/comments?post=52724"}],"version-history":[{"count":0,"href":"https:\/\/eltrabajo.cl\/portal\/wp-json\/wp\/v2\/posts\/52724\/revisions"}],"wp:featuredmedia":[{"embeddable":true,"href":"https:\/\/eltrabajo.cl\/portal\/wp-json\/wp\/v2\/media\/52725"}],"wp:attachment":[{"href":"https:\/\/eltrabajo.cl\/portal\/wp-json\/wp\/v2\/media?parent=52724"}],"wp:term":[{"taxonomy":"category","embeddable":true,"href":"https:\/\/eltrabajo.cl\/portal\/wp-json\/wp\/v2\/categories?post=52724"},{"taxonomy":"post_tag","embeddable":true,"href":"https:\/\/eltrabajo.cl\/portal\/wp-json\/wp\/v2\/tags?post=52724"}],"curies":[{"name":"wp","href":"https:\/\/api.w.org\/{rel}","templated":true}]}}