{"id":52738,"date":"2014-10-28T08:40:26","date_gmt":"2014-10-28T11:40:26","guid":{"rendered":"http:\/\/www.eltrabajo.cl\/portal\/?p=52738"},"modified":"2014-10-28T09:01:02","modified_gmt":"2014-10-28T12:01:02","slug":"este-viernes-estrenan-documental-de-los-4-grandes","status":"publish","type":"post","link":"https:\/\/eltrabajo.cl\/portal\/este-viernes-estrenan-documental-de-los-4-grandes\/","title":{"rendered":"Este viernes estrenan documental de \u2018Los 4 Grandes\u2019"},"content":{"rendered":"<figure id=\"attachment_52739\" aria-describedby=\"caption-attachment-52739\" style=\"width: 420px\" class=\"wp-caption alignleft\"><a href=\"https:\/\/i0.wp.com\/www.eltrabajo.cl\/portal\/wp-content\/uploads\/2014\/10\/Paula-y-Pedro.jpg\"><img data-recalc-dims=\"1\" loading=\"lazy\" decoding=\"async\" class=\"wp-image-52739\" src=\"https:\/\/i0.wp.com\/www.eltrabajo.cl\/portal\/wp-content\/uploads\/2014\/10\/Paula-y-Pedro-300x201.jpg?resize=420%2C282\" alt=\"Pedro Estay Tapia (Choro Estay) y Sara Olgu\u00edn Montenegro (Paula Godoy).\" width=\"420\" height=\"282\" srcset=\"https:\/\/i0.wp.com\/eltrabajo.cl\/portal\/wp-content\/uploads\/2014\/10\/Paula-y-Pedro.jpg?resize=300%2C201&amp;ssl=1 300w, https:\/\/i0.wp.com\/eltrabajo.cl\/portal\/wp-content\/uploads\/2014\/10\/Paula-y-Pedro.jpg?resize=200%2C134&amp;ssl=1 200w, https:\/\/i0.wp.com\/eltrabajo.cl\/portal\/wp-content\/uploads\/2014\/10\/Paula-y-Pedro.jpg?resize=150%2C100&amp;ssl=1 150w, https:\/\/i0.wp.com\/eltrabajo.cl\/portal\/wp-content\/uploads\/2014\/10\/Paula-y-Pedro.jpg?resize=400%2C268&amp;ssl=1 400w, https:\/\/i0.wp.com\/eltrabajo.cl\/portal\/wp-content\/uploads\/2014\/10\/Paula-y-Pedro.jpg?w=529&amp;ssl=1 529w\" sizes=\"auto, (max-width: 420px) 100vw, 420px\" \/><\/a><figcaption id=\"caption-attachment-52739\" class=\"wp-caption-text\">Pedro Estay Tapia (Choro Estay) y Sara Olgu\u00edn Montenegro (Paula Godoy).<\/figcaption><\/figure>\n<p><strong>PUTAENDO<\/strong>.- En el Centro de Desarrollo y Expresi\u00f3n Cultural de Rinconada de Silva, se estar\u00e1 realizando el Estreno de la serie documental Poetas y cantores del Valle de Putaendo, proyecto adjudicado por el Centro de Desarrollo y Expresi\u00f3n Cultural y financiado por Fondart Regional, Convocatoria 2014, en la l\u00ednea de Conservaci\u00f3n y Difusi\u00f3n del Patrimonio, Modalidad Patrimonio Cultural Inmaterial. Los protagonistas de este documental son los destacados poetas y cantores de la comuna de Putaendo:<br \/>\nPedro Estay Tapia (Choro Estay)<br \/>\nSara Olgu\u00edn Montenegro (Paula Godoy)<br \/>\nFernando Montenegro Montenegro (Caballito Blanco)<br \/>\nLuis Sep\u00falveda Huerta (Don Lucho)<\/p>\n<figure id=\"attachment_52740\" aria-describedby=\"caption-attachment-52740\" style=\"width: 420px\" class=\"wp-caption alignright\"><a href=\"https:\/\/i0.wp.com\/www.eltrabajo.cl\/portal\/wp-content\/uploads\/2014\/10\/Caballito-y-Lucho.jpg\"><img data-recalc-dims=\"1\" loading=\"lazy\" decoding=\"async\" class=\"wp-image-52740\" src=\"https:\/\/i0.wp.com\/www.eltrabajo.cl\/portal\/wp-content\/uploads\/2014\/10\/Caballito-y-Lucho-300x189.jpg?resize=420%2C266\" alt=\"Fernando Montenegro Montenegro (Caballito Blanco) y Luis Sep\u00falveda Huerta (Don Lucho).\" width=\"420\" height=\"266\" srcset=\"https:\/\/i0.wp.com\/eltrabajo.cl\/portal\/wp-content\/uploads\/2014\/10\/Caballito-y-Lucho.jpg?resize=300%2C189&amp;ssl=1 300w, https:\/\/i0.wp.com\/eltrabajo.cl\/portal\/wp-content\/uploads\/2014\/10\/Caballito-y-Lucho.jpg?resize=200%2C126&amp;ssl=1 200w, https:\/\/i0.wp.com\/eltrabajo.cl\/portal\/wp-content\/uploads\/2014\/10\/Caballito-y-Lucho.jpg?resize=150%2C94&amp;ssl=1 150w, https:\/\/i0.wp.com\/eltrabajo.cl\/portal\/wp-content\/uploads\/2014\/10\/Caballito-y-Lucho.jpg?resize=400%2C253&amp;ssl=1 400w, https:\/\/i0.wp.com\/eltrabajo.cl\/portal\/wp-content\/uploads\/2014\/10\/Caballito-y-Lucho.jpg?w=528&amp;ssl=1 528w\" sizes=\"auto, (max-width: 420px) 100vw, 420px\" \/><\/a><figcaption id=\"caption-attachment-52740\" class=\"wp-caption-text\">Fernando Montenegro Montenegro (Caballito Blanco) y Luis Sep\u00falveda Huerta (Don Lucho).<\/figcaption><\/figure>\n<p>A cargo de la Direcci\u00f3n del documental est\u00e1 el comunicador audiovisual Carlos L\u00e9rtora S\u00e1ez, a cargo de la realizaci\u00f3n audiovisual est\u00e1 de la empresa Audiovisual Chile. Cuyos integrantes son Nicol\u00e1s Fuentes Reyes, director ejecutivo, Claudia Bernet Valle, asistente de direcci\u00f3n, Rodrigo Fuentes, sonidista. A cargo de la investigaci\u00f3n antropol\u00f3gica para el libro que acompa\u00f1a este documental, est\u00e1 la se\u00f1orita Grissel Llanos Lepe, a cargo de la m\u00fasica original del documental est\u00e1 \u00c1lvaro Zambrano y a cargo del dise\u00f1o gr\u00e1fico para el libro que acompa\u00f1a este documental, est\u00e1 Nicol\u00e1s Jim\u00e9nez.<br \/>\nEl Estreno de la serie documental se realizar\u00e1 el viernes 31 de octubre 2014 a las 16:00 horas en el Colegio Marie Poussepin, ubicado en Calle Comercio #100, Putaendo.<\/p>\n","protected":false},"excerpt":{"rendered":"<p>PUTAENDO.- En el Centro de Desarrollo y Expresi\u00f3n Cultural de Rinconada de Silva, se estar\u00e1 realizando el Estreno de la serie documental Poetas y cantores del Valle de Putaendo, proyecto adjudicado por&#8230;<\/p>\n","protected":false},"author":482,"featured_media":52739,"comment_status":"open","ping_status":"closed","sticky":false,"template":"","format":"standard","meta":{"advanced_seo_description":"","jetpack_seo_html_title":"","jetpack_seo_noindex":false,"_jetpack_memberships_contains_paid_content":false,"footnotes":""},"categories":[15],"tags":[],"class_list":["post-52738","post","type-post","status-publish","format-standard","has-post-thumbnail","hentry","category-comunidad"],"jetpack_featured_media_url":"https:\/\/i0.wp.com\/eltrabajo.cl\/portal\/wp-content\/uploads\/2014\/10\/Paula-y-Pedro.jpg?fit=529%2C355&ssl=1","jetpack_sharing_enabled":true,"jetpack_likes_enabled":true,"jetpack-related-posts":[],"_links":{"self":[{"href":"https:\/\/eltrabajo.cl\/portal\/wp-json\/wp\/v2\/posts\/52738","targetHints":{"allow":["GET"]}}],"collection":[{"href":"https:\/\/eltrabajo.cl\/portal\/wp-json\/wp\/v2\/posts"}],"about":[{"href":"https:\/\/eltrabajo.cl\/portal\/wp-json\/wp\/v2\/types\/post"}],"author":[{"embeddable":true,"href":"https:\/\/eltrabajo.cl\/portal\/wp-json\/wp\/v2\/users\/482"}],"replies":[{"embeddable":true,"href":"https:\/\/eltrabajo.cl\/portal\/wp-json\/wp\/v2\/comments?post=52738"}],"version-history":[{"count":0,"href":"https:\/\/eltrabajo.cl\/portal\/wp-json\/wp\/v2\/posts\/52738\/revisions"}],"wp:featuredmedia":[{"embeddable":true,"href":"https:\/\/eltrabajo.cl\/portal\/wp-json\/wp\/v2\/media\/52739"}],"wp:attachment":[{"href":"https:\/\/eltrabajo.cl\/portal\/wp-json\/wp\/v2\/media?parent=52738"}],"wp:term":[{"taxonomy":"category","embeddable":true,"href":"https:\/\/eltrabajo.cl\/portal\/wp-json\/wp\/v2\/categories?post=52738"},{"taxonomy":"post_tag","embeddable":true,"href":"https:\/\/eltrabajo.cl\/portal\/wp-json\/wp\/v2\/tags?post=52738"}],"curies":[{"name":"wp","href":"https:\/\/api.w.org\/{rel}","templated":true}]}}