{"id":52743,"date":"2014-10-28T08:41:45","date_gmt":"2014-10-28T11:41:45","guid":{"rendered":"http:\/\/www.eltrabajo.cl\/portal\/?p=52743"},"modified":"2014-10-28T08:41:45","modified_gmt":"2014-10-28T11:41:45","slug":"estudiantes-reciben-apoyo-de-cooperativa-de-agua-santa-filomena","status":"publish","type":"post","link":"https:\/\/eltrabajo.cl\/portal\/estudiantes-reciben-apoyo-de-cooperativa-de-agua-santa-filomena\/","title":{"rendered":"Estudiantes reciben apoyo de Cooperativa de agua Santa Filomena"},"content":{"rendered":"<figure id=\"attachment_52744\" aria-describedby=\"caption-attachment-52744\" style=\"width: 529px\" class=\"wp-caption alignnone\"><a href=\"https:\/\/i0.wp.com\/www.eltrabajo.cl\/portal\/wp-content\/uploads\/2014\/10\/Grupal11.jpg\"><img data-recalc-dims=\"1\" loading=\"lazy\" decoding=\"async\" class=\"size-full wp-image-52744\" src=\"https:\/\/i0.wp.com\/www.eltrabajo.cl\/portal\/wp-content\/uploads\/2014\/10\/Grupal11.jpg?resize=529%2C315\" alt=\"Marcelo Herrera, estudiante, Daniela Gonzales Herrera y Ta\u00edsa C\u00e9spedes Mu\u00f1oz, se sienten satisfechos y contentos del reconocimiento recibido por parte de la cooperativa.\" width=\"529\" height=\"315\" srcset=\"https:\/\/i0.wp.com\/eltrabajo.cl\/portal\/wp-content\/uploads\/2014\/10\/Grupal11.jpg?w=529&amp;ssl=1 529w, https:\/\/i0.wp.com\/eltrabajo.cl\/portal\/wp-content\/uploads\/2014\/10\/Grupal11.jpg?resize=200%2C119&amp;ssl=1 200w, https:\/\/i0.wp.com\/eltrabajo.cl\/portal\/wp-content\/uploads\/2014\/10\/Grupal11.jpg?resize=300%2C178&amp;ssl=1 300w, https:\/\/i0.wp.com\/eltrabajo.cl\/portal\/wp-content\/uploads\/2014\/10\/Grupal11.jpg?resize=150%2C89&amp;ssl=1 150w, https:\/\/i0.wp.com\/eltrabajo.cl\/portal\/wp-content\/uploads\/2014\/10\/Grupal11.jpg?resize=400%2C238&amp;ssl=1 400w\" sizes=\"auto, (max-width: 529px) 100vw, 529px\" \/><\/a><figcaption id=\"caption-attachment-52744\" class=\"wp-caption-text\">Marcelo Herrera, estudiante, Daniela Gonzales Herrera y Ta\u00edsa C\u00e9spedes Mu\u00f1oz, se sienten satisfechos y contentos del reconocimiento recibido por parte de la cooperativa.<\/figcaption><\/figure>\n<p><strong>SANTA MAR\u00cdA<\/strong>.- La directiva de la Cooperativa de Agua Potable de Santa Filomena en Jahuel, se ha organizado a tal modo que los excedentes econ\u00f3micos puedan beneficiar a sus socios. De este modo existen varias instancias de aportes y financiamientos econ\u00f3micos, que han sido normandos. Entre ellos est\u00e1 el aporte para los hijos de socios que obtengan la Beca Presidente de la Rep\u00fablica, con un incentivo econ\u00f3mico que se considere un premio a su esfuerzo, este a\u00f1o han sido tres estudiantes beneficiados con la suma de $30.000.- tras obtener la beca.<br \/>\nMarcelo Herrera, estudiante de 4\u00ba medio del Colegio Santa Mar\u00eda de Aconcagua, Daniela Gonzales Herrera y Ta\u00edsa C\u00e9spedes Mu\u00f1oz, ambas del 1\u00ba medio del Colegio Santa Mar\u00eda de Aconcagua, se sienten satisfechos y contentos del reconocimiento, \u201cme siento orgulloso porque la cooperativa nos est\u00e1 ayudando y nos incentiva con los logros acad\u00e9micos personales\u201d, expres\u00f3 Marcelo Herrera. Por su parte Manuel Reyes, presidente de la cooperativa, dijo estar muy contento de poder ayudar y quiere que la cooperativa crezca para que se pueda ayudar con mayores montos.<br \/>\n\u201cAs\u00ed hemos cumplido, queremos incentivar el desempe\u00f1o acad\u00e9mico de nuestros j\u00f3venes, nosotros sacamos una cantidad de dineros de nuestros fondos para ayuda social y de estos fondos les damos este premio. Y ojala que esta cooperativa siga creciendo para ayudar en la educaci\u00f3n de nuestros ni\u00f1os, que para m\u00ed son lo m\u00e1s importante, no tan s\u00f3lo para los ni\u00f1os de aqu\u00ed, sino que de todo Chile, en eso est\u00e1 el pa\u00eds y en eso estamos nosotros\u201d.<br \/>\nCabe destacar que la Cooperativa de Agua Potable de Santa Filomena ha obtenido un crecimiento considerable desde la incorporaci\u00f3n de un profesional gerente, nacido y criado en Santa Filomena, Ariel Gonz\u00e1lez Herrera; quien ha conseguido cohesionar un equipo de trabajo e instar a un involucramiento de la directiva, a tal modo de hoy en d\u00eda ser una cooperativa solvente econ\u00f3micamente, \u00e1gil en sus decisiones, logros y que ya cuenta con un patrimonio considerable en propiedades e infraestructura, adem\u00e1s de tener el abastecimiento de agua garantizada a futuro con inversiones en prospecci\u00f3n y habilitaci\u00f3n de pozos y adem\u00e1s, con una tarifa muy barata que en realidad muestra su diferencia con respecto a la gran compa\u00f1\u00eda que abastece la mayor parte de la regi\u00f3n.<br \/>\nRoberto Mercado Aced<\/p>\n","protected":false},"excerpt":{"rendered":"<p>SANTA MAR\u00cdA.- La directiva de la Cooperativa de Agua Potable de Santa Filomena en Jahuel, se ha organizado a tal modo que los excedentes econ\u00f3micos puedan beneficiar a sus socios. De este&#8230;<\/p>\n","protected":false},"author":482,"featured_media":52744,"comment_status":"open","ping_status":"closed","sticky":false,"template":"","format":"standard","meta":{"advanced_seo_description":"","jetpack_seo_html_title":"","jetpack_seo_noindex":false,"_jetpack_memberships_contains_paid_content":false,"footnotes":""},"categories":[15],"tags":[],"class_list":["post-52743","post","type-post","status-publish","format-standard","has-post-thumbnail","hentry","category-comunidad"],"jetpack_featured_media_url":"https:\/\/i0.wp.com\/eltrabajo.cl\/portal\/wp-content\/uploads\/2014\/10\/Grupal11.jpg?fit=529%2C315&ssl=1","jetpack_sharing_enabled":true,"jetpack_likes_enabled":true,"jetpack-related-posts":[],"_links":{"self":[{"href":"https:\/\/eltrabajo.cl\/portal\/wp-json\/wp\/v2\/posts\/52743","targetHints":{"allow":["GET"]}}],"collection":[{"href":"https:\/\/eltrabajo.cl\/portal\/wp-json\/wp\/v2\/posts"}],"about":[{"href":"https:\/\/eltrabajo.cl\/portal\/wp-json\/wp\/v2\/types\/post"}],"author":[{"embeddable":true,"href":"https:\/\/eltrabajo.cl\/portal\/wp-json\/wp\/v2\/users\/482"}],"replies":[{"embeddable":true,"href":"https:\/\/eltrabajo.cl\/portal\/wp-json\/wp\/v2\/comments?post=52743"}],"version-history":[{"count":0,"href":"https:\/\/eltrabajo.cl\/portal\/wp-json\/wp\/v2\/posts\/52743\/revisions"}],"wp:featuredmedia":[{"embeddable":true,"href":"https:\/\/eltrabajo.cl\/portal\/wp-json\/wp\/v2\/media\/52744"}],"wp:attachment":[{"href":"https:\/\/eltrabajo.cl\/portal\/wp-json\/wp\/v2\/media?parent=52743"}],"wp:term":[{"taxonomy":"category","embeddable":true,"href":"https:\/\/eltrabajo.cl\/portal\/wp-json\/wp\/v2\/categories?post=52743"},{"taxonomy":"post_tag","embeddable":true,"href":"https:\/\/eltrabajo.cl\/portal\/wp-json\/wp\/v2\/tags?post=52743"}],"curies":[{"name":"wp","href":"https:\/\/api.w.org\/{rel}","templated":true}]}}