{"id":52746,"date":"2014-10-28T08:44:05","date_gmt":"2014-10-28T11:44:05","guid":{"rendered":"http:\/\/www.eltrabajo.cl\/portal\/?p=52746"},"modified":"2014-10-28T08:50:50","modified_gmt":"2014-10-28T11:50:50","slug":"conciencia-animal-y-fundacion-ceba-esterilizan-a-30-animales","status":"publish","type":"post","link":"https:\/\/eltrabajo.cl\/portal\/conciencia-animal-y-fundacion-ceba-esterilizan-a-30-animales\/","title":{"rendered":"Conciencia Animal y Fundaci\u00f3n Ceba esterilizan a 30 animales"},"content":{"rendered":"<figure id=\"attachment_52747\" aria-describedby=\"caption-attachment-52747\" style=\"width: 400px\" class=\"wp-caption alignleft\"><a href=\"https:\/\/i0.wp.com\/www.eltrabajo.cl\/portal\/wp-content\/uploads\/2014\/10\/HERIDO.jpg\"><img data-recalc-dims=\"1\" loading=\"lazy\" decoding=\"async\" class=\"wp-image-52747\" src=\"https:\/\/i0.wp.com\/www.eltrabajo.cl\/portal\/wp-content\/uploads\/2014\/10\/HERIDO.jpg?resize=400%2C271\" alt=\"Al tratar de impedir una pelea entre los perritos, Memo Z\u00fa\u00f1iga intervino y al tratar de evitar la situaci\u00f3n, result\u00f3 con graves lesiones en su brazo izquierdo.\" width=\"400\" height=\"271\" srcset=\"https:\/\/i0.wp.com\/eltrabajo.cl\/portal\/wp-content\/uploads\/2014\/10\/HERIDO.jpg?w=529&amp;ssl=1 529w, https:\/\/i0.wp.com\/eltrabajo.cl\/portal\/wp-content\/uploads\/2014\/10\/HERIDO.jpg?resize=200%2C135&amp;ssl=1 200w, https:\/\/i0.wp.com\/eltrabajo.cl\/portal\/wp-content\/uploads\/2014\/10\/HERIDO.jpg?resize=300%2C203&amp;ssl=1 300w, https:\/\/i0.wp.com\/eltrabajo.cl\/portal\/wp-content\/uploads\/2014\/10\/HERIDO.jpg?resize=150%2C101&amp;ssl=1 150w, https:\/\/i0.wp.com\/eltrabajo.cl\/portal\/wp-content\/uploads\/2014\/10\/HERIDO.jpg?resize=400%2C270&amp;ssl=1 400w\" sizes=\"auto, (max-width: 400px) 100vw, 400px\" \/><\/a><figcaption id=\"caption-attachment-52747\" class=\"wp-caption-text\">Al tratar de impedir una pelea entre los perritos, Memo Z\u00fa\u00f1iga intervino y al tratar de evitar la situaci\u00f3n, result\u00f3 con graves lesiones en su brazo izquierdo.<\/figcaption><\/figure>\n<p><strong>PUTAENDO.<\/strong>&#8211; Un nuevo y exitoso operativo de esterilizaci\u00f3n, organizado por la Agrupaci\u00f3n Conciencia Animal y Fundaci\u00f3n Ceba, permiti\u00f3 la atenci\u00f3n de 30 animales. La actividad se desarroll\u00f3 en el centro comunitario y cont\u00f3 con el apoyo de la Municipalidad de Putaendo, ya que gracias al convenio existente entre Conciencia Animal y el municipio, se pudo esterilizar a diez animales en condici\u00f3n de calle.<br \/>\nIsabel Se\u00f1orett, m\u00e9dico veterinario cirujano de Fundaci\u00f3n Ceba, se\u00f1al\u00f3 que el operativo fue todo un \u00e9xito y destac\u00f3 el trabajo de la Agrupaci\u00f3n Conciencia Animal y el importante apoyo municipal, adem\u00e1s sostuvo que este tipo de operativos son muy importantes pues permiten llegar a personas que tienen el compromiso de esterilizar y castrar a sus mascotas y tambi\u00e9n permite, que en este caso a trav\u00e9s del apoyo de la Municipalidad de Putaendo, se pueda esterilizar animales que est\u00e1n en la calle y que seguir\u00e1n teniendo cr\u00edas que compartir\u00e1n la misma situaci\u00f3n.<br \/>\nEn tanto Mariana Bravo, Presidenta de la Agrupaci\u00f3n Conciencia Animal, agradeci\u00f3 el trabajo realizado por los colaboradores de la agrupaci\u00f3n e indic\u00f3 que ya se est\u00e1 trabajando en lo que ser\u00e1 el pr\u00f3ximo operativo que se llevar\u00e1 a cabo en el mes de enero. La dirigente tambi\u00e9n asegur\u00f3 que, durante los pr\u00f3ximos meses se realizar\u00e1 una pe\u00f1a, que tiene por finalidad reunir recursos para la compra de medicamentos para atender los envenenamientos de animales.<br \/>\nPor su parte la t\u00e9cnico veterinario y secretaria de la Agrupaci\u00f3n Conciencia Animal, Eliana Lobos, aprovech\u00f3 la oportunidad para pedir a los vecinos de Putaendo que se preocupen de sus animales, sobre todo de los perros, ya que en el \u00faltimo tiempo se ha detectado un brote de distemper, por lo que teniendo las vacunas al d\u00eda, m\u00e1s a\u00fan la antirr\u00e1bica y contra el distemper, se evita que los perros puedan sufrir los efectos de esta enfermedad, que afecta el \u00e1rea respiratoria, luego la zona digestiva, y lo m\u00e1s grave, el sistema neurol\u00f3gico.<br \/>\nCuando el operativo veterinario finaliz\u00f3, tres perritas en condici\u00f3n de calle fueron trasladadas hasta un galp\u00f3n que una colaboradora facilit\u00f3 para que pudieran pasar a noche en ese lugar, y cuando el voluntario de la Agrupaci\u00f3n Conciencia Animal, Memo\u2019 Z\u00fa\u00f1iga, dejaba la \u00faltima perra en el lugar, el perro que se encontraba en ese galp\u00f3n, por un instinto territorial atac\u00f3 a una de las perras, ante lo cual Memo Z\u00fa\u00f1iga intervino y al tratar de evitar la situaci\u00f3n result\u00f3 con graves lesiones en su brazo izquierdo, por lo que fue trasladado al Hospital San Antonio de Putaendo donde termin\u00f3 con catorce puntos producto de las lesiones dejadas por el animal.<br \/>\n\u2018Memo\u2019 Z\u00fa\u00f1iga asegur\u00f3 que se trat\u00f3 de un accidente, ya que el animal actu\u00f3 defendiendo su territorio y que lo m\u00e1s importante fue el resultado del operativo, por lo que espera recuperarse de sus lesiones y retomar el apoyo constate hacia la Agrupaci\u00f3n Conciencia Animal.<br \/>\nPatricio Gallardo M.<\/p>\n<div class=\"tiled-gallery type-rectangular tiled-gallery-unresized\" data-original-width=\"640\" data-carousel-extra='null' itemscope itemtype=\"http:\/\/schema.org\/ImageGallery\" > <div class=\"gallery-row\" style=\"width: 640px; height: 243px;\" data-original-width=\"640\" data-original-height=\"243\" > <div class=\"gallery-group images-1\" style=\"width: 357px; height: 243px;\" data-original-width=\"357\" data-original-height=\"243\" > <div class=\"tiled-gallery-item tiled-gallery-item-large\" itemprop=\"associatedMedia\" itemscope itemtype=\"http:\/\/schema.org\/ImageObject\"> <a href=\"https:\/\/eltrabajo.cl\/portal\/conciencia-animal-y-fundacion-ceba-esterilizan-a-30-animales\/gato1\/\" border=\"0\" itemprop=\"url\"> <meta itemprop=\"width\" content=\"353\"> <meta itemprop=\"height\" content=\"239\"> <img decoding=\"async\" class=\"\" data-attachment-id=\"52749\" data-orig-file=\"https:\/\/eltrabajo.cl\/portal\/wp-content\/uploads\/2014\/10\/Gato1.jpg\" data-orig-size=\"529,358\" data-comments-opened=\"1\" data-image-meta=\"{&quot;aperture&quot;:&quot;0&quot;,&quot;credit&quot;:&quot;&quot;,&quot;camera&quot;:&quot;&quot;,&quot;caption&quot;:&quot;&quot;,&quot;created_timestamp&quot;:&quot;0&quot;,&quot;copyright&quot;:&quot;[wopmind]&quot;,&quot;focal_length&quot;:&quot;0&quot;,&quot;iso&quot;:&quot;0&quot;,&quot;shutter_speed&quot;:&quot;0&quot;,&quot;title&quot;:&quot;&quot;,&quot;orientation&quot;:&quot;0&quot;}\" data-image-title=\"Gato1\" data-image-description=\"&lt;p&gt;Un nuevo y exitoso operativo de esterilizaci\u00f3n, organizado por la Agrupaci\u00f3n Conciencia Animal y Fundaci\u00f3n Ceba, permiti\u00f3 la atenci\u00f3n de 30 animales.&lt;\/p&gt; \" data-medium-file=\"https:\/\/i0.wp.com\/eltrabajo.cl\/portal\/wp-content\/uploads\/2014\/10\/Gato1.jpg?fit=300%2C203&#038;ssl=1\" data-large-file=\"https:\/\/i0.wp.com\/eltrabajo.cl\/portal\/wp-content\/uploads\/2014\/10\/Gato1.jpg?fit=529%2C358&#038;ssl=1\" src=\"https:\/\/i0.wp.com\/eltrabajo.cl\/portal\/wp-content\/uploads\/2014\/10\/Gato1.jpg?w=353&#038;h=239&#038;ssl=1\" srcset=\"https:\/\/i0.wp.com\/eltrabajo.cl\/portal\/wp-content\/uploads\/2014\/10\/Gato1.jpg?w=529&amp;ssl=1 529w, https:\/\/i0.wp.com\/eltrabajo.cl\/portal\/wp-content\/uploads\/2014\/10\/Gato1.jpg?resize=200%2C135&amp;ssl=1 200w, https:\/\/i0.wp.com\/eltrabajo.cl\/portal\/wp-content\/uploads\/2014\/10\/Gato1.jpg?resize=300%2C203&amp;ssl=1 300w, https:\/\/i0.wp.com\/eltrabajo.cl\/portal\/wp-content\/uploads\/2014\/10\/Gato1.jpg?resize=150%2C101&amp;ssl=1 150w, https:\/\/i0.wp.com\/eltrabajo.cl\/portal\/wp-content\/uploads\/2014\/10\/Gato1.jpg?resize=400%2C270&amp;ssl=1 400w\" width=\"353\" height=\"239\" loading=\"lazy\" data-original-width=\"353\" data-original-height=\"239\" itemprop=\"http:\/\/schema.org\/image\" title=\"Gato1\" alt=\"Un nuevo y exitoso operativo de esterilizaci\u00f3n, organizado por la Agrupaci\u00f3n Conciencia Animal y Fundaci\u00f3n Ceba, permiti\u00f3 la atenci\u00f3n de 30 animales.\" style=\"width: 353px; height: 239px;\" \/> <\/a> <div class=\"tiled-gallery-caption\" itemprop=\"caption description\"> Un nuevo y exitoso operativo de esterilizaci\u00f3n, organizado por la Agrupaci\u00f3n Conciencia Animal y Fundaci\u00f3n Ceba, permiti\u00f3 la atenci\u00f3n de 30 animales. <\/div> <\/div> <\/div> <!-- close group --> <div class=\"gallery-group images-1\" style=\"width: 283px; height: 243px;\" data-original-width=\"283\" data-original-height=\"243\" > <div class=\"tiled-gallery-item tiled-gallery-item-large\" itemprop=\"associatedMedia\" itemscope itemtype=\"http:\/\/schema.org\/ImageObject\"> <a href=\"https:\/\/eltrabajo.cl\/portal\/conciencia-animal-y-fundacion-ceba-esterilizan-a-30-animales\/perrito1-6\/\" border=\"0\" itemprop=\"url\"> <meta itemprop=\"width\" content=\"279\"> <meta itemprop=\"height\" content=\"239\"> <img decoding=\"async\" class=\"\" data-attachment-id=\"52750\" data-orig-file=\"https:\/\/eltrabajo.cl\/portal\/wp-content\/uploads\/2014\/10\/Perrito1.jpg\" data-orig-size=\"529,454\" data-comments-opened=\"1\" data-image-meta=\"{&quot;aperture&quot;:&quot;0&quot;,&quot;credit&quot;:&quot;&quot;,&quot;camera&quot;:&quot;&quot;,&quot;caption&quot;:&quot;&quot;,&quot;created_timestamp&quot;:&quot;0&quot;,&quot;copyright&quot;:&quot;[wopmind]&quot;,&quot;focal_length&quot;:&quot;0&quot;,&quot;iso&quot;:&quot;0&quot;,&quot;shutter_speed&quot;:&quot;0&quot;,&quot;title&quot;:&quot;&quot;,&quot;orientation&quot;:&quot;0&quot;}\" data-image-title=\"Perrito1\" data-image-description=\"&lt;p&gt;La actividad se desarroll\u00f3 en el centro comunitario y cont\u00f3 con el apoyo de la Municipalidad de Putaendo.&lt;\/p&gt; \" data-medium-file=\"https:\/\/i0.wp.com\/eltrabajo.cl\/portal\/wp-content\/uploads\/2014\/10\/Perrito1.jpg?fit=300%2C257&#038;ssl=1\" data-large-file=\"https:\/\/i0.wp.com\/eltrabajo.cl\/portal\/wp-content\/uploads\/2014\/10\/Perrito1.jpg?fit=529%2C454&#038;ssl=1\" src=\"https:\/\/i0.wp.com\/eltrabajo.cl\/portal\/wp-content\/uploads\/2014\/10\/Perrito1.jpg?w=279&#038;h=239&#038;ssl=1\" srcset=\"https:\/\/i0.wp.com\/eltrabajo.cl\/portal\/wp-content\/uploads\/2014\/10\/Perrito1.jpg?w=529&amp;ssl=1 529w, https:\/\/i0.wp.com\/eltrabajo.cl\/portal\/wp-content\/uploads\/2014\/10\/Perrito1.jpg?resize=174%2C150&amp;ssl=1 174w, https:\/\/i0.wp.com\/eltrabajo.cl\/portal\/wp-content\/uploads\/2014\/10\/Perrito1.jpg?resize=300%2C257&amp;ssl=1 300w, https:\/\/i0.wp.com\/eltrabajo.cl\/portal\/wp-content\/uploads\/2014\/10\/Perrito1.jpg?resize=150%2C128&amp;ssl=1 150w, https:\/\/i0.wp.com\/eltrabajo.cl\/portal\/wp-content\/uploads\/2014\/10\/Perrito1.jpg?resize=400%2C343&amp;ssl=1 400w\" width=\"279\" height=\"239\" loading=\"lazy\" data-original-width=\"279\" data-original-height=\"239\" itemprop=\"http:\/\/schema.org\/image\" title=\"Perrito1\" alt=\"La actividad se desarroll\u00f3 en el centro comunitario y cont\u00f3 con el apoyo de la Municipalidad de Putaendo.\" style=\"width: 279px; height: 239px;\" \/> <\/a> <div class=\"tiled-gallery-caption\" itemprop=\"caption description\"> La actividad se desarroll\u00f3 en el centro comunitario y cont\u00f3 con el apoyo de la Municipalidad de Putaendo. <\/div> <\/div> <\/div> <!-- close group --> <\/div> <!-- close row --> <\/div>\n","protected":false},"excerpt":{"rendered":"<p>PUTAENDO.&#8211; Un nuevo y exitoso operativo de esterilizaci\u00f3n, organizado por la Agrupaci\u00f3n Conciencia Animal y Fundaci\u00f3n Ceba, permiti\u00f3 la atenci\u00f3n de 30 animales. La actividad se desarroll\u00f3 en el centro comunitario y&#8230;<\/p>\n","protected":false},"author":482,"featured_media":52747,"comment_status":"open","ping_status":"closed","sticky":false,"template":"","format":"standard","meta":{"advanced_seo_description":"","jetpack_seo_html_title":"","jetpack_seo_noindex":false,"_jetpack_memberships_contains_paid_content":false,"footnotes":""},"categories":[15],"tags":[],"class_list":["post-52746","post","type-post","status-publish","format-standard","has-post-thumbnail","hentry","category-comunidad"],"jetpack_featured_media_url":"https:\/\/i0.wp.com\/eltrabajo.cl\/portal\/wp-content\/uploads\/2014\/10\/HERIDO.jpg?fit=529%2C358&ssl=1","jetpack_sharing_enabled":true,"jetpack_likes_enabled":true,"jetpack-related-posts":[],"_links":{"self":[{"href":"https:\/\/eltrabajo.cl\/portal\/wp-json\/wp\/v2\/posts\/52746","targetHints":{"allow":["GET"]}}],"collection":[{"href":"https:\/\/eltrabajo.cl\/portal\/wp-json\/wp\/v2\/posts"}],"about":[{"href":"https:\/\/eltrabajo.cl\/portal\/wp-json\/wp\/v2\/types\/post"}],"author":[{"embeddable":true,"href":"https:\/\/eltrabajo.cl\/portal\/wp-json\/wp\/v2\/users\/482"}],"replies":[{"embeddable":true,"href":"https:\/\/eltrabajo.cl\/portal\/wp-json\/wp\/v2\/comments?post=52746"}],"version-history":[{"count":0,"href":"https:\/\/eltrabajo.cl\/portal\/wp-json\/wp\/v2\/posts\/52746\/revisions"}],"wp:featuredmedia":[{"embeddable":true,"href":"https:\/\/eltrabajo.cl\/portal\/wp-json\/wp\/v2\/media\/52747"}],"wp:attachment":[{"href":"https:\/\/eltrabajo.cl\/portal\/wp-json\/wp\/v2\/media?parent=52746"}],"wp:term":[{"taxonomy":"category","embeddable":true,"href":"https:\/\/eltrabajo.cl\/portal\/wp-json\/wp\/v2\/categories?post=52746"},{"taxonomy":"post_tag","embeddable":true,"href":"https:\/\/eltrabajo.cl\/portal\/wp-json\/wp\/v2\/tags?post=52746"}],"curies":[{"name":"wp","href":"https:\/\/api.w.org\/{rel}","templated":true}]}}