{"id":52752,"date":"2014-10-28T08:44:49","date_gmt":"2014-10-28T11:44:49","guid":{"rendered":"http:\/\/www.eltrabajo.cl\/portal\/?p=52752"},"modified":"2014-10-28T08:44:49","modified_gmt":"2014-10-28T11:44:49","slug":"liceo-bicentenario-cordillera-listo-para-celebrar-nuevo-aniversario","status":"publish","type":"post","link":"https:\/\/eltrabajo.cl\/portal\/liceo-bicentenario-cordillera-listo-para-celebrar-nuevo-aniversario\/","title":{"rendered":"Liceo Bicentenario Cordillera listo para celebrar nuevo aniversario"},"content":{"rendered":"<figure id=\"attachment_52753\" aria-describedby=\"caption-attachment-52753\" style=\"width: 529px\" class=\"wp-caption alignnone\"><a href=\"https:\/\/i0.wp.com\/www.eltrabajo.cl\/portal\/wp-content\/uploads\/2014\/10\/Bailes11.jpg\"><img data-recalc-dims=\"1\" loading=\"lazy\" decoding=\"async\" class=\"size-full wp-image-52753\" src=\"https:\/\/i0.wp.com\/www.eltrabajo.cl\/portal\/wp-content\/uploads\/2014\/10\/Bailes11.jpg?resize=529%2C311\" alt=\"Las actividades comenzaron el lunes reci\u00e9n pasado, y estas buscan generar un ambiente de compa\u00f1erismo y participaci\u00f3n.\" width=\"529\" height=\"311\" srcset=\"https:\/\/i0.wp.com\/eltrabajo.cl\/portal\/wp-content\/uploads\/2014\/10\/Bailes11.jpg?w=529&amp;ssl=1 529w, https:\/\/i0.wp.com\/eltrabajo.cl\/portal\/wp-content\/uploads\/2014\/10\/Bailes11.jpg?resize=200%2C117&amp;ssl=1 200w, https:\/\/i0.wp.com\/eltrabajo.cl\/portal\/wp-content\/uploads\/2014\/10\/Bailes11.jpg?resize=300%2C176&amp;ssl=1 300w, https:\/\/i0.wp.com\/eltrabajo.cl\/portal\/wp-content\/uploads\/2014\/10\/Bailes11.jpg?resize=150%2C88&amp;ssl=1 150w, https:\/\/i0.wp.com\/eltrabajo.cl\/portal\/wp-content\/uploads\/2014\/10\/Bailes11.jpg?resize=400%2C235&amp;ssl=1 400w\" sizes=\"auto, (max-width: 529px) 100vw, 529px\" \/><\/a><figcaption id=\"caption-attachment-52753\" class=\"wp-caption-text\">Las actividades comenzaron el lunes reci\u00e9n pasado, y estas buscan generar un ambiente de compa\u00f1erismo y participaci\u00f3n.<\/figcaption><\/figure>\n<p>Con una gran cantidad de actividades, las que se estar\u00e1n desarrollando durante toda la semana, la comunidad educativa del Liceo Bicentenario Cordillera, se prepara para la celebraci\u00f3n de su und\u00e9cimo aniversario. Las actividades comenzaron el lunes reci\u00e9n pasado, y estas buscan generar un ambiente de compa\u00f1erismo y participaci\u00f3n, en cada una de las competencias que est\u00e1n siendo desarrolladas a trav\u00e9s de las tradicionales \u201calianzas\u201d, las que se dividen entre los s\u00faper h\u00e9roes y villanos, las que consisten en concursos acad\u00e9micos de lenguaje y matem\u00e1ticas, presentaci\u00f3n de variados n\u00fameros art\u00edsticos por alianza, bailet\u00f3n y actividades recreativas, acci\u00f3n solidaria, competencias deportivas, zumba, tocatas, competencias de barras, ornamentaci\u00f3n de salas desfile de modas entre otras.<br \/>\nJorge Sep\u00falveda, director del establecimiento, se\u00f1al\u00f3 que \u201cson m\u00e1s de 950 alumnos los que diariamente participan de nuestras actividades, y todos se han sumado, lo que ha generado una buena coordinaci\u00f3n con ellos, hecho que nos tiene muy contentos, y esperamos que para el d\u00eda jueves, cuando finalizamos las actividades con un acto, toda la comunidad sea parte de esta fiesta\u201d.<br \/>\nEl aniversario se celebra oficialmente el 16 de octubre, pero el d\u00eda 27 del mismo mes se realizar\u00e1 el acto oficial, el cual comenzar\u00e1 a las diez de la ma\u00f1ana, estando coordinadas conjuntamente con la direcci\u00f3n, el departamento de Deportes y el centro de alumnos del establecimiento.<br \/>\nEste emblem\u00e1tico establecimiento educacional comenz\u00f3 a funcionar el cinco de marzo del 2003, bajo la direcci\u00f3n de la docente Tatiana Vargas, y con el paso de los a\u00f1os se ha ido posicionando como uno de los m\u00e1s destacados de los establecimientos municipalizados de nuestra comuna.<\/p>\n","protected":false},"excerpt":{"rendered":"<p>Con una gran cantidad de actividades, las que se estar\u00e1n desarrollando durante toda la semana, la comunidad educativa del Liceo Bicentenario Cordillera, se prepara para la celebraci\u00f3n de su und\u00e9cimo aniversario. Las&#8230;<\/p>\n","protected":false},"author":482,"featured_media":52753,"comment_status":"open","ping_status":"closed","sticky":false,"template":"","format":"standard","meta":{"advanced_seo_description":"","jetpack_seo_html_title":"","jetpack_seo_noindex":false,"_jetpack_memberships_contains_paid_content":false,"footnotes":""},"categories":[15],"tags":[],"class_list":["post-52752","post","type-post","status-publish","format-standard","has-post-thumbnail","hentry","category-comunidad"],"jetpack_featured_media_url":"https:\/\/i0.wp.com\/eltrabajo.cl\/portal\/wp-content\/uploads\/2014\/10\/Bailes11.jpg?fit=529%2C311&ssl=1","jetpack_sharing_enabled":true,"jetpack_likes_enabled":true,"jetpack-related-posts":[],"_links":{"self":[{"href":"https:\/\/eltrabajo.cl\/portal\/wp-json\/wp\/v2\/posts\/52752","targetHints":{"allow":["GET"]}}],"collection":[{"href":"https:\/\/eltrabajo.cl\/portal\/wp-json\/wp\/v2\/posts"}],"about":[{"href":"https:\/\/eltrabajo.cl\/portal\/wp-json\/wp\/v2\/types\/post"}],"author":[{"embeddable":true,"href":"https:\/\/eltrabajo.cl\/portal\/wp-json\/wp\/v2\/users\/482"}],"replies":[{"embeddable":true,"href":"https:\/\/eltrabajo.cl\/portal\/wp-json\/wp\/v2\/comments?post=52752"}],"version-history":[{"count":0,"href":"https:\/\/eltrabajo.cl\/portal\/wp-json\/wp\/v2\/posts\/52752\/revisions"}],"wp:featuredmedia":[{"embeddable":true,"href":"https:\/\/eltrabajo.cl\/portal\/wp-json\/wp\/v2\/media\/52753"}],"wp:attachment":[{"href":"https:\/\/eltrabajo.cl\/portal\/wp-json\/wp\/v2\/media?parent=52752"}],"wp:term":[{"taxonomy":"category","embeddable":true,"href":"https:\/\/eltrabajo.cl\/portal\/wp-json\/wp\/v2\/categories?post=52752"},{"taxonomy":"post_tag","embeddable":true,"href":"https:\/\/eltrabajo.cl\/portal\/wp-json\/wp\/v2\/tags?post=52752"}],"curies":[{"name":"wp","href":"https:\/\/api.w.org\/{rel}","templated":true}]}}