{"id":52773,"date":"2014-10-28T08:54:55","date_gmt":"2014-10-28T11:54:55","guid":{"rendered":"http:\/\/www.eltrabajo.cl\/portal\/?p=52773"},"modified":"2014-10-28T08:54:55","modified_gmt":"2014-10-28T11:54:55","slug":"centrica-libreria-es-la-nueva-victima-de-ola-de-robos-por-techumbre","status":"publish","type":"post","link":"https:\/\/eltrabajo.cl\/portal\/centrica-libreria-es-la-nueva-victima-de-ola-de-robos-por-techumbre\/","title":{"rendered":"C\u00e9ntrica librer\u00eda es la nueva v\u00edctima de ola de robos por techumbre"},"content":{"rendered":"<figure id=\"attachment_52774\" aria-describedby=\"caption-attachment-52774\" style=\"width: 528px\" class=\"wp-caption alignnone\"><a href=\"https:\/\/i0.wp.com\/www.eltrabajo.cl\/portal\/wp-content\/uploads\/2014\/10\/libreria-comercial.jpg\"><img data-recalc-dims=\"1\" loading=\"lazy\" decoding=\"async\" class=\"size-full wp-image-52774\" src=\"https:\/\/i0.wp.com\/www.eltrabajo.cl\/portal\/wp-content\/uploads\/2014\/10\/libreria-comercial.jpg?resize=528%2C369\" alt=\"La Librer\u00eda Comercial ubicada en calle Salinas en San Felipe, fue la nueva v\u00edctima de la delincuencia tras sufrir un robo a trav\u00e9s de un forado por la techumbre del establecimiento.\" width=\"528\" height=\"369\" srcset=\"https:\/\/i0.wp.com\/eltrabajo.cl\/portal\/wp-content\/uploads\/2014\/10\/libreria-comercial.jpg?w=528&amp;ssl=1 528w, https:\/\/i0.wp.com\/eltrabajo.cl\/portal\/wp-content\/uploads\/2014\/10\/libreria-comercial.jpg?resize=200%2C139&amp;ssl=1 200w, https:\/\/i0.wp.com\/eltrabajo.cl\/portal\/wp-content\/uploads\/2014\/10\/libreria-comercial.jpg?resize=300%2C209&amp;ssl=1 300w, https:\/\/i0.wp.com\/eltrabajo.cl\/portal\/wp-content\/uploads\/2014\/10\/libreria-comercial.jpg?resize=150%2C104&amp;ssl=1 150w, https:\/\/i0.wp.com\/eltrabajo.cl\/portal\/wp-content\/uploads\/2014\/10\/libreria-comercial.jpg?resize=400%2C279&amp;ssl=1 400w\" sizes=\"auto, (max-width: 528px) 100vw, 528px\" \/><\/a><figcaption id=\"caption-attachment-52774\" class=\"wp-caption-text\">La Librer\u00eda Comercial ubicada en calle Salinas en San Felipe, fue la nueva v\u00edctima de la delincuencia tras sufrir un robo a trav\u00e9s de un forado por la techumbre del establecimiento.<\/figcaption><\/figure>\n<p>A primeras horas de ayer lunes qued\u00f3 al descubierto un nuevo robo que afect\u00f3 esta vez a la c\u00e9ntrica Librer\u00eda Comercial ubicada en calle Salinas, casi al llegar a Santo Domingo de San Felipe, situaci\u00f3n en la que utilizando el ya conocido m\u00e9todo del forado por la techumbre, desconocidos ingresaron para sustraer dinero y especies desde el interior, sin que pudieran ser capturados.<br \/>\nSeg\u00fan el propietario de este local comercial, el robo se habr\u00eda cometido entre la madrugada del pasado domingo al pasado lunes, cuando el establecimiento se encontraba cerrado durante el fin de semana, quedando al descubierto el d\u00eda de ayer cuando al abrir las cortinas met\u00e1licas del acceso principal, observaron las vitrinas destruidas, des\u00f3rdenes y un forado en el techo.<br \/>\nTras realizar un inventario al local se pudo establecer en primera instancia una aval\u00fao de p\u00e9rdidas entre dinero en efectivo y da\u00f1os a la propiedad que alcanza los $250.000. El establecimiento no contaba en esos momentos con sistema de seguridad activo, por lo que los antisociales pudieron realizar sin problemas su cometido.<br \/>\nEl jefe de la sucursal de Librer\u00eda Comercial, Julio Araya, indic\u00f3 que la ola de robos que afecta a distintos comerciantes se origina por el ingreso de desconocidos por unos estacionamientos ubicados en calle Santo Domingo, que no cuenta con los resguardos pertinentes durante la noche, lo que permitir\u00eda el f\u00e1cil acceso de los malhechores a poder escalar hacia las techumbres para cometer los delitos sin ser descubiertos por Carabineros.<br \/>\n\u00abMe encuentro con vitrinas destruidas, entre lo sustra\u00eddo m\u00e1s los da\u00f1os asciende a unos 250 mil pesos. Por lo que estamos analizando, fue el mismo modus operandi que viene ocurriendo desde hace alg\u00fan tiempo, de ingresar por el techo. Vuelvo a insistir, el estacionamiento que est\u00e1 atr\u00e1s en Santo Domingo, tiene mucho acceso a los locales y parece que las autoridades no han visto ese tema, las murallas son muy bajas. Nosotros vamos a tomar las medidas pertinentes a nuestro caso\u00bb, indic\u00f3 Julio Araya.<br \/>\nPablo Salinas Sald\u00edas<\/p>\n","protected":false},"excerpt":{"rendered":"<p>A primeras horas de ayer lunes qued\u00f3 al descubierto un nuevo robo que afect\u00f3 esta vez a la c\u00e9ntrica Librer\u00eda Comercial ubicada en calle Salinas, casi al llegar a Santo Domingo de&#8230;<\/p>\n","protected":false},"author":482,"featured_media":52774,"comment_status":"open","ping_status":"closed","sticky":false,"template":"","format":"standard","meta":{"advanced_seo_description":"","jetpack_seo_html_title":"","jetpack_seo_noindex":false,"_jetpack_memberships_contains_paid_content":false,"footnotes":""},"categories":[21],"tags":[],"class_list":["post-52773","post","type-post","status-publish","format-standard","has-post-thumbnail","hentry","category-policial"],"jetpack_featured_media_url":"https:\/\/i0.wp.com\/eltrabajo.cl\/portal\/wp-content\/uploads\/2014\/10\/libreria-comercial.jpg?fit=528%2C369&ssl=1","jetpack_sharing_enabled":true,"jetpack_likes_enabled":true,"jetpack-related-posts":[],"_links":{"self":[{"href":"https:\/\/eltrabajo.cl\/portal\/wp-json\/wp\/v2\/posts\/52773","targetHints":{"allow":["GET"]}}],"collection":[{"href":"https:\/\/eltrabajo.cl\/portal\/wp-json\/wp\/v2\/posts"}],"about":[{"href":"https:\/\/eltrabajo.cl\/portal\/wp-json\/wp\/v2\/types\/post"}],"author":[{"embeddable":true,"href":"https:\/\/eltrabajo.cl\/portal\/wp-json\/wp\/v2\/users\/482"}],"replies":[{"embeddable":true,"href":"https:\/\/eltrabajo.cl\/portal\/wp-json\/wp\/v2\/comments?post=52773"}],"version-history":[{"count":0,"href":"https:\/\/eltrabajo.cl\/portal\/wp-json\/wp\/v2\/posts\/52773\/revisions"}],"wp:featuredmedia":[{"embeddable":true,"href":"https:\/\/eltrabajo.cl\/portal\/wp-json\/wp\/v2\/media\/52774"}],"wp:attachment":[{"href":"https:\/\/eltrabajo.cl\/portal\/wp-json\/wp\/v2\/media?parent=52773"}],"wp:term":[{"taxonomy":"category","embeddable":true,"href":"https:\/\/eltrabajo.cl\/portal\/wp-json\/wp\/v2\/categories?post=52773"},{"taxonomy":"post_tag","embeddable":true,"href":"https:\/\/eltrabajo.cl\/portal\/wp-json\/wp\/v2\/tags?post=52773"}],"curies":[{"name":"wp","href":"https:\/\/api.w.org\/{rel}","templated":true}]}}