{"id":52786,"date":"2014-10-29T09:14:56","date_gmt":"2014-10-29T12:14:56","guid":{"rendered":"http:\/\/www.eltrabajo.cl\/portal\/?p=52786"},"modified":"2014-10-29T09:14:56","modified_gmt":"2014-10-29T12:14:56","slug":"cientos-visitaron-la-iv-exposicion-de-autos-clasicos-y-de-coleccion","status":"publish","type":"post","link":"https:\/\/eltrabajo.cl\/portal\/cientos-visitaron-la-iv-exposicion-de-autos-clasicos-y-de-coleccion\/","title":{"rendered":"Cientos visitaron la IV Exposici\u00f3n de Autos Cl\u00e1sicos y de Colecci\u00f3n"},"content":{"rendered":"<figure id=\"attachment_52787\" aria-describedby=\"caption-attachment-52787\" style=\"width: 529px\" class=\"wp-caption alignnone\"><a href=\"https:\/\/i0.wp.com\/www.eltrabajo.cl\/portal\/wp-content\/uploads\/2014\/10\/Autos11.jpg\"><img data-recalc-dims=\"1\" loading=\"lazy\" decoding=\"async\" class=\"size-full wp-image-52787\" src=\"https:\/\/i0.wp.com\/www.eltrabajo.cl\/portal\/wp-content\/uploads\/2014\/10\/Autos11.jpg?resize=529%2C384\" alt=\"Se espera el pr\u00f3ximo a\u00f1o continuar con esta iniciativa que ha llamado la atenci\u00f3n de grandes y chicos. \" width=\"529\" height=\"384\" srcset=\"https:\/\/i0.wp.com\/eltrabajo.cl\/portal\/wp-content\/uploads\/2014\/10\/Autos11.jpg?w=529&amp;ssl=1 529w, https:\/\/i0.wp.com\/eltrabajo.cl\/portal\/wp-content\/uploads\/2014\/10\/Autos11.jpg?resize=200%2C145&amp;ssl=1 200w, https:\/\/i0.wp.com\/eltrabajo.cl\/portal\/wp-content\/uploads\/2014\/10\/Autos11.jpg?resize=300%2C217&amp;ssl=1 300w, https:\/\/i0.wp.com\/eltrabajo.cl\/portal\/wp-content\/uploads\/2014\/10\/Autos11.jpg?resize=150%2C108&amp;ssl=1 150w, https:\/\/i0.wp.com\/eltrabajo.cl\/portal\/wp-content\/uploads\/2014\/10\/Autos11.jpg?resize=400%2C290&amp;ssl=1 400w\" sizes=\"auto, (max-width: 529px) 100vw, 529px\" \/><\/a><figcaption id=\"caption-attachment-52787\" class=\"wp-caption-text\">Se espera el pr\u00f3ximo a\u00f1o continuar con esta iniciativa que ha llamado la atenci\u00f3n de grandes y chicos.<\/figcaption><\/figure>\n<p><strong>RINCONADA<\/strong>.- Gran afluencia de p\u00fablico de todo el Valle del Aconcagua tuvo la IV Exposici\u00f3n de Autos Cl\u00e1sicos y de Colecci\u00f3n en Rinconada, esta actividad se realiz\u00f3 este domingo 26 de octubre al costado de la Piscina Municipal y cont\u00f3 con una muestra variada de 180 veh\u00edculos contando con autom\u00f3viles y motocicletas.<br \/>\nTodos los veh\u00edculos que participaron se encontraban en perfectas condiciones de mantenimiento y estaban en exposici\u00f3n en su mayor\u00eda acompa\u00f1ados por sus due\u00f1os quienes los luc\u00edan orgullosamente para el p\u00fablico en general.<br \/>\nLa entrada para este evento que se extendi\u00f3 de 10:00 a las 14:00 horas fue gratuita y fue organizado por la Municipalidad de Rinconada, m\u00e1s la ayuda de algunos participantes de la muestra.<br \/>\nLa Gobernadora Mar\u00eda Victoria Rodr\u00edguez, quien comparti\u00f3 junto con otras autoridades y el p\u00fablico asistente se mostr\u00f3 contenta por la realizaci\u00f3n de este tipo de iniciativas en Rinconada y asever\u00f3 que \u201cme parece una magnifica actividad que convoca a la familia y que el Alcalde Pedro Caballer\u00eda ha tenido la capacidad de convocar a todos los amantes de los autos, veh\u00edculos y motos antiguas y se ha realizado un evento en donde participa la familia, los ni\u00f1os y los j\u00f3venes, tambi\u00e9n es bonito ver este recorrido por la historia, yo felicito al Alcalde y a las agrupaciones de autos antiguos por el magn\u00edfico espect\u00e1culo que pudo disfrutar la comunidad de Rinconada\u201d.<br \/>\nSergio Soto uno de los expositores de esta muestra que vino de la comuna de San Bernardo desde Santiago a presentarse con su veh\u00edculo Ford Falcon Sprint 1965 se refiri\u00f3 a esta actividad y expres\u00f3 que \u201ccreo que es la \u00fanica municipalidad que lo est\u00e1 haciendo y nos ayuda a nosotros a seguir manteniendo los autos como nos gustan, yo he venido todos los a\u00f1os desde la primera vez, no me lo he perdido nunca, incentivan mucho estos eventos, es la \u00fanica manera en que uno puede mostrar su joyita\u201d.<br \/>\nFrancisco Fuentealba, un rinconadino que particip\u00f3 de esta muestra exponiendo un Volkswagen Kombi y un Austin Mini coment\u00f3 su experiencia en esta actividad y afirm\u00f3 que \u201cesto es espectacular, sin lugar a dudas super\u00f3 las expectativas y yo creo que hay el doble de autos que el a\u00f1o pasado, esto es genial porque uno ac\u00e1 viene a mostrar casi a su hijo, cuando la gente se acerca a los autos dicen que est\u00e1n bonitos y uno se siente orgulloso del trabajo, ac\u00e1 en la zona hay mucha gente que es apasionada por los autos\u201d.<br \/>\nCecilia P\u00e9rez una de las visitantes de la exposici\u00f3n afirm\u00f3 que \u00abme parece maravilloso, es impresionante juntar una cantidad enorme de veh\u00edculos antiguos que uno generalmente no tiene la posibilidad de verlos en la calle rodando por la ciudad, ser\u00eda muy bueno que esto se pudiese repetir\u00bb.<br \/>\nPara finalizar la jornada se realiz\u00f3 una premiaci\u00f3n a modo de reconocimiento por parte del municipio a cada uno de los due\u00f1os de los veh\u00edculos participantes en la IV Exposici\u00f3n de Autos Cl\u00e1sicos y de Colecci\u00f3n, llev\u00e1ndose as\u00ed una medalla conmemorativa.<\/p>\n","protected":false},"excerpt":{"rendered":"<p>RINCONADA.- Gran afluencia de p\u00fablico de todo el Valle del Aconcagua tuvo la IV Exposici\u00f3n de Autos Cl\u00e1sicos y de Colecci\u00f3n en Rinconada, esta actividad se realiz\u00f3 este domingo 26 de octubre&#8230;<\/p>\n","protected":false},"author":482,"featured_media":52787,"comment_status":"open","ping_status":"closed","sticky":false,"template":"","format":"standard","meta":{"advanced_seo_description":"","jetpack_seo_html_title":"","jetpack_seo_noindex":false,"_jetpack_memberships_contains_paid_content":false,"footnotes":""},"categories":[15],"tags":[],"class_list":["post-52786","post","type-post","status-publish","format-standard","has-post-thumbnail","hentry","category-comunidad"],"jetpack_featured_media_url":"https:\/\/i0.wp.com\/eltrabajo.cl\/portal\/wp-content\/uploads\/2014\/10\/Autos11.jpg?fit=529%2C384&ssl=1","jetpack_sharing_enabled":true,"jetpack_likes_enabled":true,"jetpack-related-posts":[],"_links":{"self":[{"href":"https:\/\/eltrabajo.cl\/portal\/wp-json\/wp\/v2\/posts\/52786","targetHints":{"allow":["GET"]}}],"collection":[{"href":"https:\/\/eltrabajo.cl\/portal\/wp-json\/wp\/v2\/posts"}],"about":[{"href":"https:\/\/eltrabajo.cl\/portal\/wp-json\/wp\/v2\/types\/post"}],"author":[{"embeddable":true,"href":"https:\/\/eltrabajo.cl\/portal\/wp-json\/wp\/v2\/users\/482"}],"replies":[{"embeddable":true,"href":"https:\/\/eltrabajo.cl\/portal\/wp-json\/wp\/v2\/comments?post=52786"}],"version-history":[{"count":0,"href":"https:\/\/eltrabajo.cl\/portal\/wp-json\/wp\/v2\/posts\/52786\/revisions"}],"wp:featuredmedia":[{"embeddable":true,"href":"https:\/\/eltrabajo.cl\/portal\/wp-json\/wp\/v2\/media\/52787"}],"wp:attachment":[{"href":"https:\/\/eltrabajo.cl\/portal\/wp-json\/wp\/v2\/media?parent=52786"}],"wp:term":[{"taxonomy":"category","embeddable":true,"href":"https:\/\/eltrabajo.cl\/portal\/wp-json\/wp\/v2\/categories?post=52786"},{"taxonomy":"post_tag","embeddable":true,"href":"https:\/\/eltrabajo.cl\/portal\/wp-json\/wp\/v2\/tags?post=52786"}],"curies":[{"name":"wp","href":"https:\/\/api.w.org\/{rel}","templated":true}]}}