{"id":52792,"date":"2014-10-29T09:23:52","date_gmt":"2014-10-29T12:23:52","guid":{"rendered":"http:\/\/www.eltrabajo.cl\/portal\/?p=52792"},"modified":"2014-10-29T09:23:52","modified_gmt":"2014-10-29T12:23:52","slug":"certifican-a-adultos-mayores-del-programa-vinculos","status":"publish","type":"post","link":"https:\/\/eltrabajo.cl\/portal\/certifican-a-adultos-mayores-del-programa-vinculos\/","title":{"rendered":"Certifican a adultos mayores del Programa V\u00ednculos"},"content":{"rendered":"<figure id=\"attachment_52794\" aria-describedby=\"caption-attachment-52794\" style=\"width: 529px\" class=\"wp-caption alignnone\"><a href=\"https:\/\/i0.wp.com\/www.eltrabajo.cl\/portal\/wp-content\/uploads\/2014\/10\/Vinculos1.jpg\"><img data-recalc-dims=\"1\" loading=\"lazy\" decoding=\"async\" class=\"size-full wp-image-52794\" src=\"https:\/\/i0.wp.com\/www.eltrabajo.cl\/portal\/wp-content\/uploads\/2014\/10\/Vinculos1.jpg?resize=529%2C358\" alt=\"Aproximadamente 36 adultos mayores de Putaendo recibieron la certificaci\u00f3n por haber participado en el Programa V\u00ednculos.\" width=\"529\" height=\"358\" srcset=\"https:\/\/i0.wp.com\/eltrabajo.cl\/portal\/wp-content\/uploads\/2014\/10\/Vinculos1.jpg?w=529&amp;ssl=1 529w, https:\/\/i0.wp.com\/eltrabajo.cl\/portal\/wp-content\/uploads\/2014\/10\/Vinculos1.jpg?resize=200%2C135&amp;ssl=1 200w, https:\/\/i0.wp.com\/eltrabajo.cl\/portal\/wp-content\/uploads\/2014\/10\/Vinculos1.jpg?resize=300%2C203&amp;ssl=1 300w, https:\/\/i0.wp.com\/eltrabajo.cl\/portal\/wp-content\/uploads\/2014\/10\/Vinculos1.jpg?resize=150%2C101&amp;ssl=1 150w, https:\/\/i0.wp.com\/eltrabajo.cl\/portal\/wp-content\/uploads\/2014\/10\/Vinculos1.jpg?resize=400%2C270&amp;ssl=1 400w\" sizes=\"auto, (max-width: 529px) 100vw, 529px\" \/><\/a><figcaption id=\"caption-attachment-52794\" class=\"wp-caption-text\">Aproximadamente 36 adultos mayores de Putaendo recibieron la certificaci\u00f3n por haber participado en el Programa V\u00ednculos.<\/figcaption><\/figure>\n<p><strong>PUTAENDO.<\/strong>&#8211; En una emotiva ceremonia encabezada por el Gobernador Eduardo Le\u00f3n, el Alcalde Guillermo Reyes, concejales de la comuna e invitados especiales, aproximadamente 36 adultos mayores de Putaendo, recibieron la certificaci\u00f3n por haber participado en el Programa V\u00ednculos.<br \/>\nLa ceremonia se realiz\u00f3 en dependencias de la Corporaci\u00f3n Cultural de Putaendo y consist\u00eda en la culminaci\u00f3n del Programa V\u00ednculos, en su per\u00edodo 2013-2014, el que se destaca por dar una \u00f3ptima respuesta a las necesidades de los adultos mayores en condici\u00f3n de pobreza, y a su vez garantizar el acceso a redes de apoyo.<br \/>\nEn la ocasi\u00f3n el Gobernador Eduardo Le\u00f3n hizo hincapi\u00e9 en resaltar el compromiso que mantienen los adultos mayores de Putaendo, lo que se vio reflejado en la activa participaci\u00f3n de este programa, lo que a juicio de la autoridad provincial es un factor fundamental para quienes necesitan acceder a las redes de apoyo y a diferentes orientaciones.<br \/>\nPatricio Gallardo M.<\/p>\n","protected":false},"excerpt":{"rendered":"<p>PUTAENDO.&#8211; En una emotiva ceremonia encabezada por el Gobernador Eduardo Le\u00f3n, el Alcalde Guillermo Reyes, concejales de la comuna e invitados especiales, aproximadamente 36 adultos mayores de Putaendo, recibieron la certificaci\u00f3n por&#8230;<\/p>\n","protected":false},"author":482,"featured_media":52794,"comment_status":"open","ping_status":"closed","sticky":false,"template":"","format":"standard","meta":{"advanced_seo_description":"","jetpack_seo_html_title":"","jetpack_seo_noindex":false,"_jetpack_memberships_contains_paid_content":false,"footnotes":""},"categories":[15],"tags":[],"class_list":["post-52792","post","type-post","status-publish","format-standard","has-post-thumbnail","hentry","category-comunidad"],"jetpack_featured_media_url":"https:\/\/i0.wp.com\/eltrabajo.cl\/portal\/wp-content\/uploads\/2014\/10\/Vinculos1.jpg?fit=529%2C358&ssl=1","jetpack_sharing_enabled":true,"jetpack_likes_enabled":true,"jetpack-related-posts":[],"_links":{"self":[{"href":"https:\/\/eltrabajo.cl\/portal\/wp-json\/wp\/v2\/posts\/52792","targetHints":{"allow":["GET"]}}],"collection":[{"href":"https:\/\/eltrabajo.cl\/portal\/wp-json\/wp\/v2\/posts"}],"about":[{"href":"https:\/\/eltrabajo.cl\/portal\/wp-json\/wp\/v2\/types\/post"}],"author":[{"embeddable":true,"href":"https:\/\/eltrabajo.cl\/portal\/wp-json\/wp\/v2\/users\/482"}],"replies":[{"embeddable":true,"href":"https:\/\/eltrabajo.cl\/portal\/wp-json\/wp\/v2\/comments?post=52792"}],"version-history":[{"count":0,"href":"https:\/\/eltrabajo.cl\/portal\/wp-json\/wp\/v2\/posts\/52792\/revisions"}],"wp:featuredmedia":[{"embeddable":true,"href":"https:\/\/eltrabajo.cl\/portal\/wp-json\/wp\/v2\/media\/52794"}],"wp:attachment":[{"href":"https:\/\/eltrabajo.cl\/portal\/wp-json\/wp\/v2\/media?parent=52792"}],"wp:term":[{"taxonomy":"category","embeddable":true,"href":"https:\/\/eltrabajo.cl\/portal\/wp-json\/wp\/v2\/categories?post=52792"},{"taxonomy":"post_tag","embeddable":true,"href":"https:\/\/eltrabajo.cl\/portal\/wp-json\/wp\/v2\/tags?post=52792"}],"curies":[{"name":"wp","href":"https:\/\/api.w.org\/{rel}","templated":true}]}}