{"id":52796,"date":"2014-10-29T09:25:05","date_gmt":"2014-10-29T12:25:05","guid":{"rendered":"http:\/\/www.eltrabajo.cl\/portal\/?p=52796"},"modified":"2014-10-29T09:25:05","modified_gmt":"2014-10-29T12:25:05","slug":"alumnos-de-la-escuela-industrial-destacan-en-olimpiadas-mecatronica","status":"publish","type":"post","link":"https:\/\/eltrabajo.cl\/portal\/alumnos-de-la-escuela-industrial-destacan-en-olimpiadas-mecatronica\/","title":{"rendered":"Alumnos de la Escuela Industrial destacan en olimpiadas Mecatr\u00f3nica"},"content":{"rendered":"<figure id=\"attachment_52797\" aria-describedby=\"caption-attachment-52797\" style=\"width: 529px\" class=\"wp-caption alignnone\"><a href=\"https:\/\/i0.wp.com\/www.eltrabajo.cl\/portal\/wp-content\/uploads\/2014\/10\/descarga.jpg\"><img data-recalc-dims=\"1\" loading=\"lazy\" decoding=\"async\" class=\"size-full wp-image-52797\" src=\"https:\/\/i0.wp.com\/www.eltrabajo.cl\/portal\/wp-content\/uploads\/2014\/10\/descarga.jpg?resize=529%2C336\" alt=\"La dupla de Jeison Dur\u00e1n y Camilo Herrera alcanzaron el tercer lugar, mientras que Mauricio Bahamondes y Fernando Vera, el quinto. \" width=\"529\" height=\"336\" srcset=\"https:\/\/i0.wp.com\/eltrabajo.cl\/portal\/wp-content\/uploads\/2014\/10\/descarga.jpg?w=529&amp;ssl=1 529w, https:\/\/i0.wp.com\/eltrabajo.cl\/portal\/wp-content\/uploads\/2014\/10\/descarga.jpg?resize=200%2C127&amp;ssl=1 200w, https:\/\/i0.wp.com\/eltrabajo.cl\/portal\/wp-content\/uploads\/2014\/10\/descarga.jpg?resize=300%2C190&amp;ssl=1 300w, https:\/\/i0.wp.com\/eltrabajo.cl\/portal\/wp-content\/uploads\/2014\/10\/descarga.jpg?resize=150%2C95&amp;ssl=1 150w, https:\/\/i0.wp.com\/eltrabajo.cl\/portal\/wp-content\/uploads\/2014\/10\/descarga.jpg?resize=400%2C254&amp;ssl=1 400w\" sizes=\"auto, (max-width: 529px) 100vw, 529px\" \/><\/a><figcaption id=\"caption-attachment-52797\" class=\"wp-caption-text\">La dupla de Jeison Dur\u00e1n y Camilo Herrera alcanzaron el tercer lugar, mientras que Mauricio Bahamondes y Fernando Vera, el quinto.<\/figcaption><\/figure>\n<p>Como ya es tradici\u00f3n, este a\u00f1o se realiz\u00f3 la V Olimpiada Acad\u00e9mica de Mecatr\u00f3nica organizada por Festo, las clasificatorias se desarrollaron en Antofagasta, Concepci\u00f3n y Santiago, y la Final se hizo en nuestra ciudad capital, en la sede principal de Festo, empresa multinacional especialista en automatizaci\u00f3n industrial, en la que participaron alumnos del Liceo Guillermo Richard Cuevas de San Felipe, Industrial de la Uni\u00f3n y del Industrial de Temuco, obteniendo grandes resultados.<br \/>\nDos duplas fueron las que representaron al Liceo Guillermo Richard Cuevas de San Felipe, perteneciente a la red educacional SNA Educa, en la competencia. Los estudiantes fueron Jeison Dur\u00e1n y Camilo Herrera, quienes alcanzaron el tercer lugar; mientras que Mauricio Bahamondes y Fernando Vera, el quinto. La medalla de plata se qued\u00f3 en la corporaci\u00f3n, a cargo de dos estudiantes del Liceo Industrial de Temuco.<br \/>\nArsenio Fern\u00e1ndez, Gerente de SNA Educa, se destac\u00f3 los logros obtenidos. \u00abEste es un fruct\u00edfero resultado que tiene un intenso entrenamiento detr\u00e1s, puesto que el grupo de estudiantes recibi\u00f3 una importante capacitaci\u00f3n. Todas, las 5 duplas de la Red SNA Educa, independiente de su puntaje, fueron excelentemente preparados y estamos muy felices porque la experiencia y el crecimiento logrado es inmenso\u00bb, se\u00f1al\u00f3.<br \/>\nEn la versi\u00f3n 2014 fueron m\u00e1s de 50 equipos que se presentaron de distintos colegios, institutos y universidades de todo el pa\u00eds, donde solo ocho lograron llegar a la final. En la \u00faltima etapa, los estudiantes debieron realizar tres pruebas, una en neum\u00e1tica, otra de electro-neum\u00e1tica y PLC en estaciones industriales.<\/p>\n","protected":false},"excerpt":{"rendered":"<p>Como ya es tradici\u00f3n, este a\u00f1o se realiz\u00f3 la V Olimpiada Acad\u00e9mica de Mecatr\u00f3nica organizada por Festo, las clasificatorias se desarrollaron en Antofagasta, Concepci\u00f3n y Santiago, y la Final se hizo en&#8230;<\/p>\n","protected":false},"author":482,"featured_media":52797,"comment_status":"open","ping_status":"closed","sticky":false,"template":"","format":"standard","meta":{"advanced_seo_description":"","jetpack_seo_html_title":"","jetpack_seo_noindex":false,"_jetpack_memberships_contains_paid_content":false,"footnotes":""},"categories":[15],"tags":[],"class_list":["post-52796","post","type-post","status-publish","format-standard","has-post-thumbnail","hentry","category-comunidad"],"jetpack_featured_media_url":"https:\/\/i0.wp.com\/eltrabajo.cl\/portal\/wp-content\/uploads\/2014\/10\/descarga.jpg?fit=529%2C336&ssl=1","jetpack_sharing_enabled":true,"jetpack_likes_enabled":true,"jetpack-related-posts":[],"_links":{"self":[{"href":"https:\/\/eltrabajo.cl\/portal\/wp-json\/wp\/v2\/posts\/52796","targetHints":{"allow":["GET"]}}],"collection":[{"href":"https:\/\/eltrabajo.cl\/portal\/wp-json\/wp\/v2\/posts"}],"about":[{"href":"https:\/\/eltrabajo.cl\/portal\/wp-json\/wp\/v2\/types\/post"}],"author":[{"embeddable":true,"href":"https:\/\/eltrabajo.cl\/portal\/wp-json\/wp\/v2\/users\/482"}],"replies":[{"embeddable":true,"href":"https:\/\/eltrabajo.cl\/portal\/wp-json\/wp\/v2\/comments?post=52796"}],"version-history":[{"count":0,"href":"https:\/\/eltrabajo.cl\/portal\/wp-json\/wp\/v2\/posts\/52796\/revisions"}],"wp:featuredmedia":[{"embeddable":true,"href":"https:\/\/eltrabajo.cl\/portal\/wp-json\/wp\/v2\/media\/52797"}],"wp:attachment":[{"href":"https:\/\/eltrabajo.cl\/portal\/wp-json\/wp\/v2\/media?parent=52796"}],"wp:term":[{"taxonomy":"category","embeddable":true,"href":"https:\/\/eltrabajo.cl\/portal\/wp-json\/wp\/v2\/categories?post=52796"},{"taxonomy":"post_tag","embeddable":true,"href":"https:\/\/eltrabajo.cl\/portal\/wp-json\/wp\/v2\/tags?post=52796"}],"curies":[{"name":"wp","href":"https:\/\/api.w.org\/{rel}","templated":true}]}}