{"id":52809,"date":"2014-10-29T09:33:28","date_gmt":"2014-10-29T12:33:28","guid":{"rendered":"http:\/\/www.eltrabajo.cl\/portal\/?p=52809"},"modified":"2014-10-29T09:33:28","modified_gmt":"2014-10-29T12:33:28","slug":"valeria-compite-hasta-con-su-tia-para-ser-reina-de-la-primavera-2014","status":"publish","type":"post","link":"https:\/\/eltrabajo.cl\/portal\/valeria-compite-hasta-con-su-tia-para-ser-reina-de-la-primavera-2014\/","title":{"rendered":"Valeria compite hasta con su t\u00eda para ser Reina de la Primavera 2014"},"content":{"rendered":"<figure id=\"attachment_52810\" aria-describedby=\"caption-attachment-52810\" style=\"width: 226px\" class=\"wp-caption alignleft\"><a href=\"https:\/\/i0.wp.com\/www.eltrabajo.cl\/portal\/wp-content\/uploads\/2014\/10\/Valeria.jpg\"><img data-recalc-dims=\"1\" loading=\"lazy\" decoding=\"async\" class=\"wp-image-52810 size-medium\" src=\"https:\/\/i0.wp.com\/www.eltrabajo.cl\/portal\/wp-content\/uploads\/2014\/10\/Valeria-226x300.jpg?resize=226%2C300\" alt=\"Valeria Ortega tiene 17 a\u00f1os de edad y representa al sector Punta del Olivo.\" width=\"226\" height=\"300\" srcset=\"https:\/\/i0.wp.com\/eltrabajo.cl\/portal\/wp-content\/uploads\/2014\/10\/Valeria.jpg?resize=226%2C300&amp;ssl=1 226w, https:\/\/i0.wp.com\/eltrabajo.cl\/portal\/wp-content\/uploads\/2014\/10\/Valeria.jpg?resize=113%2C150&amp;ssl=1 113w, https:\/\/i0.wp.com\/eltrabajo.cl\/portal\/wp-content\/uploads\/2014\/10\/Valeria.jpg?resize=400%2C530&amp;ssl=1 400w, https:\/\/i0.wp.com\/eltrabajo.cl\/portal\/wp-content\/uploads\/2014\/10\/Valeria.jpg?w=529&amp;ssl=1 529w\" sizes=\"auto, (max-width: 226px) 100vw, 226px\" \/><\/a><figcaption id=\"caption-attachment-52810\" class=\"wp-caption-text\">Valeria Ortega tiene 17 a\u00f1os de edad y representa al sector Punta del Olivo.<\/figcaption><\/figure>\n<p>Ya sea que por sus venas corre sangre real o no, lo cierto es que Valeria Ortega Tapia tiene una figura fenomenal con solo 17 a\u00f1os de edad, algo que sin duda va en los genes porque su t\u00eda Elizabeth Apablaza tambi\u00e9n est\u00e1 compitiendo por el cetro de Reina de la Primavera, a quien ya presentamos en ediciones pasadas y quien tambi\u00e9n posee los atributos f\u00edsicos necesarios para ser Reina.<br \/>\nValeria cursa su ense\u00f1ansa media y este viernes ser\u00e1 la protagonista de un show bailable que estar\u00e1 presentando a partir de las 16,30 horas en la terraza de la Plaza de Armas de San Felipe, por lo que invit\u00f3 a todos los sanfelipe\u00f1os a acompa\u00f1arla este viernes y disfrutar de su performance.<br \/>\nCabe destacar que Valeria ayer visit\u00f3 los estudios de radio10.cl, poquito despu\u00e9s de una actividad social que realiz\u00f3 en la Escuela 21 de Mayo, donde llevaron algunos obsequios, globos, caramelos e hicieron pinta caritas adem\u00e1s de jugar con los ni\u00f1os. Una soberana que se las trae.<\/p>\n","protected":false},"excerpt":{"rendered":"<p>Ya sea que por sus venas corre sangre real o no, lo cierto es que Valeria Ortega Tapia tiene una figura fenomenal con solo 17 a\u00f1os de edad, algo que sin duda&#8230;<\/p>\n","protected":false},"author":482,"featured_media":52810,"comment_status":"open","ping_status":"closed","sticky":false,"template":"","format":"standard","meta":{"advanced_seo_description":"","jetpack_seo_html_title":"","jetpack_seo_noindex":false,"_jetpack_memberships_contains_paid_content":false,"footnotes":""},"categories":[15],"tags":[],"class_list":["post-52809","post","type-post","status-publish","format-standard","has-post-thumbnail","hentry","category-comunidad"],"jetpack_featured_media_url":"https:\/\/i0.wp.com\/eltrabajo.cl\/portal\/wp-content\/uploads\/2014\/10\/Valeria.jpg?fit=529%2C701&ssl=1","jetpack_sharing_enabled":true,"jetpack_likes_enabled":true,"jetpack-related-posts":[],"_links":{"self":[{"href":"https:\/\/eltrabajo.cl\/portal\/wp-json\/wp\/v2\/posts\/52809","targetHints":{"allow":["GET"]}}],"collection":[{"href":"https:\/\/eltrabajo.cl\/portal\/wp-json\/wp\/v2\/posts"}],"about":[{"href":"https:\/\/eltrabajo.cl\/portal\/wp-json\/wp\/v2\/types\/post"}],"author":[{"embeddable":true,"href":"https:\/\/eltrabajo.cl\/portal\/wp-json\/wp\/v2\/users\/482"}],"replies":[{"embeddable":true,"href":"https:\/\/eltrabajo.cl\/portal\/wp-json\/wp\/v2\/comments?post=52809"}],"version-history":[{"count":0,"href":"https:\/\/eltrabajo.cl\/portal\/wp-json\/wp\/v2\/posts\/52809\/revisions"}],"wp:featuredmedia":[{"embeddable":true,"href":"https:\/\/eltrabajo.cl\/portal\/wp-json\/wp\/v2\/media\/52810"}],"wp:attachment":[{"href":"https:\/\/eltrabajo.cl\/portal\/wp-json\/wp\/v2\/media?parent=52809"}],"wp:term":[{"taxonomy":"category","embeddable":true,"href":"https:\/\/eltrabajo.cl\/portal\/wp-json\/wp\/v2\/categories?post=52809"},{"taxonomy":"post_tag","embeddable":true,"href":"https:\/\/eltrabajo.cl\/portal\/wp-json\/wp\/v2\/tags?post=52809"}],"curies":[{"name":"wp","href":"https:\/\/api.w.org\/{rel}","templated":true}]}}