{"id":52812,"date":"2014-10-29T09:37:39","date_gmt":"2014-10-29T12:37:39","guid":{"rendered":"http:\/\/www.eltrabajo.cl\/portal\/?p=52812"},"modified":"2014-10-29T09:37:39","modified_gmt":"2014-10-29T12:37:39","slug":"intensas-fiscalizaciones-realizara-carabineros-durante-el-largo-fin-de-semana","status":"publish","type":"post","link":"https:\/\/eltrabajo.cl\/portal\/intensas-fiscalizaciones-realizara-carabineros-durante-el-largo-fin-de-semana\/","title":{"rendered":"Intensas fiscalizaciones realizar\u00e1 Carabineros durante el largo fin de semana"},"content":{"rendered":"<figure id=\"attachment_52813\" aria-describedby=\"caption-attachment-52813\" style=\"width: 400px\" class=\"wp-caption alignleft\"><a href=\"https:\/\/i0.wp.com\/www.eltrabajo.cl\/portal\/wp-content\/uploads\/2014\/10\/Control-Carabineros-1.jpg\"><img data-recalc-dims=\"1\" loading=\"lazy\" decoding=\"async\" class=\"wp-image-52813\" src=\"https:\/\/i0.wp.com\/www.eltrabajo.cl\/portal\/wp-content\/uploads\/2014\/10\/Control-Carabineros-1.jpg?resize=400%2C304\" alt=\"Carabineros ha comenzado una campa\u00f1a para concientizar a los automovilistas al momento de conducir no sea bajo los efectos del alcohol para evitar tragedias que lamentar durante este largo fin de semana. \" width=\"400\" height=\"304\" srcset=\"https:\/\/i0.wp.com\/eltrabajo.cl\/portal\/wp-content\/uploads\/2014\/10\/Control-Carabineros-1.jpg?w=528&amp;ssl=1 528w, https:\/\/i0.wp.com\/eltrabajo.cl\/portal\/wp-content\/uploads\/2014\/10\/Control-Carabineros-1.jpg?resize=197%2C150&amp;ssl=1 197w, https:\/\/i0.wp.com\/eltrabajo.cl\/portal\/wp-content\/uploads\/2014\/10\/Control-Carabineros-1.jpg?resize=300%2C227&amp;ssl=1 300w, https:\/\/i0.wp.com\/eltrabajo.cl\/portal\/wp-content\/uploads\/2014\/10\/Control-Carabineros-1.jpg?resize=150%2C113&amp;ssl=1 150w, https:\/\/i0.wp.com\/eltrabajo.cl\/portal\/wp-content\/uploads\/2014\/10\/Control-Carabineros-1.jpg?resize=400%2C303&amp;ssl=1 400w\" sizes=\"auto, (max-width: 400px) 100vw, 400px\" \/><\/a><figcaption id=\"caption-attachment-52813\" class=\"wp-caption-text\">Carabineros ha comenzado una campa\u00f1a para concientizar a los automovilistas al momento de conducir no sea bajo los efectos del alcohol para evitar tragedias que lamentar durante este largo fin de semana.<\/figcaption><\/figure>\n<p>Un llamado a la prevenci\u00f3n de accidentes de tr\u00e1nsito efectu\u00f3 Carabineros a s\u00f3lo d\u00edas de iniciarse un largo fin de semana a nivel nacional, donde se espera un alto flujo de automovilistas que se desplacen por la Ruta 60 CH y Ruta 5 Norte para abandonar la provincia y dirigirse especialmente a la capital o el sector costero de Valpara\u00edso.<br \/>\nEl primer llamado de la instituci\u00f3n es hacia los padres con motivo de la celebraci\u00f3n de Halloween este 31 de octubre durante la tarde noche, donde muchos ni\u00f1os y adolescentes se disfrazan para salir a las calles a solicitar dulces por las casas vecinas, por lo que a fin de evitar alg\u00fan tipo de incidentes que pudiesen producirse, es necesario la presencia de un adulto responsable que controle los movimientos de los ni\u00f1os, sobre todo cuando tengan que cruzar alguna arteria.<br \/>\nDesde el d\u00eda de ayer, Carabineros ha comenzado una campa\u00f1a preventiva dirigida a conductores en carreteras de alto tr\u00e1fico vehicular, enfocada directamente a los cuidados durante la noche de Halloween como tambi\u00e9n en especial atenci\u00f3n a que los automovilistas est\u00e9n atentos a las se\u00f1ales de tr\u00e1nsito, el uso correcto del cintur\u00f3n de seguridad y al no consumo de alcohol si se va a conducir tras la reci\u00e9n promulgada Ley Emilia que castiga este delito con penas de c\u00e1rcel. As\u00ed lo informo el Jefe de la Subcomisar\u00eda Investigadora de Accidentes de Tr\u00e1nsito (Siat) Aconcagua, Capit\u00e1n Francisco Carre\u00f1o.<br \/>\n\u201cTanto en la Ruta 5 Norte como en la Ruta 60 CH estamos entregando d\u00edpticos informativos, como tambi\u00e9n as\u00ed entregando los consejos durante la conducci\u00f3n para este largo fin de semana, a fin de evitar accidentes de tr\u00e1nsito que lamentar con resultado de muerte. Constantemente estamos fiscalizando la medici\u00f3n de velocidad, el uso correcto del cintur\u00f3n de seguridad, la prohibici\u00f3n de hablar por celular sin el uso de manos libres, las condiciones t\u00e9cnicas del veh\u00edculo como lo son las luces, neum\u00e1ticos, el estado de la carrocer\u00eda del veh\u00edculo, en definitiva vamos a estar con los equipos tecnol\u00f3gicos para la detecci\u00f3n de velocidad como as\u00ed tambi\u00e9n de consumo de alcohol a los conductores que transiten por estas rutas\u201d.<br \/>\nCarabineros reitera que la idea de esta campa\u00f1a es que la comunidad en general pueda disfrutar del feriado en familia y que no se produzcan hechos que lamentar. El llamado se hace extensivo al auto-cuidado de los ciclistas y peatones que se desplazan por las calles o caminos rurales, debiendo utilizar vestimentas reflectantes que puedan servir de advertencia en los automovilistas.<br \/>\nPablo Salinas Sald\u00edas<\/p>\n<div class=\"tiled-gallery type-rectangular tiled-gallery-unresized\" data-original-width=\"640\" data-carousel-extra='null' itemscope itemtype=\"http:\/\/schema.org\/ImageGallery\" > <div class=\"gallery-row\" style=\"width: 640px; height: 293px;\" data-original-width=\"640\" data-original-height=\"293\" > <div class=\"gallery-group images-1\" style=\"width: 385px; height: 293px;\" data-original-width=\"385\" data-original-height=\"293\" > <div class=\"tiled-gallery-item tiled-gallery-item-large\" itemprop=\"associatedMedia\" itemscope itemtype=\"http:\/\/schema.org\/ImageObject\"> <a href=\"https:\/\/eltrabajo.cl\/portal\/intensas-fiscalizaciones-realizara-carabineros-durante-el-largo-fin-de-semana\/control-carabineros\/\" border=\"0\" itemprop=\"url\"> <meta itemprop=\"width\" content=\"381\"> <meta itemprop=\"height\" content=\"289\"> <img decoding=\"async\" class=\"\" data-attachment-id=\"52815\" data-orig-file=\"https:\/\/eltrabajo.cl\/portal\/wp-content\/uploads\/2014\/10\/Control-Carabineros.jpg\" data-orig-size=\"528,401\" data-comments-opened=\"1\" data-image-meta=\"{&quot;aperture&quot;:&quot;0&quot;,&quot;credit&quot;:&quot;&quot;,&quot;camera&quot;:&quot;&quot;,&quot;caption&quot;:&quot;&quot;,&quot;created_timestamp&quot;:&quot;0&quot;,&quot;copyright&quot;:&quot;&quot;,&quot;focal_length&quot;:&quot;0&quot;,&quot;iso&quot;:&quot;0&quot;,&quot;shutter_speed&quot;:&quot;0&quot;,&quot;title&quot;:&quot;&quot;,&quot;orientation&quot;:&quot;0&quot;}\" data-image-title=\"Control Carabineros\" data-image-description=\"&lt;p&gt;Personal de la Siat de Carabineros realizar\u00e1 fiscalizaciones a los conductores que se desplacen por las rutas 60 CH y 5 Norte durante el fin de semana.&lt;\/p&gt; \" data-medium-file=\"https:\/\/i0.wp.com\/eltrabajo.cl\/portal\/wp-content\/uploads\/2014\/10\/Control-Carabineros.jpg?fit=300%2C227&#038;ssl=1\" data-large-file=\"https:\/\/i0.wp.com\/eltrabajo.cl\/portal\/wp-content\/uploads\/2014\/10\/Control-Carabineros.jpg?fit=528%2C401&#038;ssl=1\" src=\"https:\/\/i0.wp.com\/eltrabajo.cl\/portal\/wp-content\/uploads\/2014\/10\/Control-Carabineros.jpg?w=381&#038;h=289&#038;ssl=1\" srcset=\"https:\/\/i0.wp.com\/eltrabajo.cl\/portal\/wp-content\/uploads\/2014\/10\/Control-Carabineros.jpg?w=528&amp;ssl=1 528w, https:\/\/i0.wp.com\/eltrabajo.cl\/portal\/wp-content\/uploads\/2014\/10\/Control-Carabineros.jpg?resize=197%2C150&amp;ssl=1 197w, https:\/\/i0.wp.com\/eltrabajo.cl\/portal\/wp-content\/uploads\/2014\/10\/Control-Carabineros.jpg?resize=300%2C227&amp;ssl=1 300w, https:\/\/i0.wp.com\/eltrabajo.cl\/portal\/wp-content\/uploads\/2014\/10\/Control-Carabineros.jpg?resize=150%2C113&amp;ssl=1 150w, https:\/\/i0.wp.com\/eltrabajo.cl\/portal\/wp-content\/uploads\/2014\/10\/Control-Carabineros.jpg?resize=400%2C303&amp;ssl=1 400w\" width=\"381\" height=\"289\" loading=\"lazy\" data-original-width=\"381\" data-original-height=\"289\" itemprop=\"http:\/\/schema.org\/image\" title=\"Control Carabineros\" alt=\"Personal de la Siat de Carabineros realizar\u00e1 fiscalizaciones a los conductores que se desplacen por las rutas 60 CH y 5 Norte durante el fin de semana.\" style=\"width: 381px; height: 289px;\" \/> <\/a> <div class=\"tiled-gallery-caption\" itemprop=\"caption description\"> Personal de la Siat de Carabineros realizar\u00e1 fiscalizaciones a los conductores que se desplacen por las rutas 60 CH y 5 Norte durante el fin de semana. <\/div> <\/div> <\/div> <!-- close group --> <div class=\"gallery-group images-1\" style=\"width: 255px; height: 293px;\" data-original-width=\"255\" data-original-height=\"293\" > <div class=\"tiled-gallery-item tiled-gallery-item-large\" itemprop=\"associatedMedia\" itemscope itemtype=\"http:\/\/schema.org\/ImageObject\"> <a href=\"https:\/\/eltrabajo.cl\/portal\/intensas-fiscalizaciones-realizara-carabineros-durante-el-largo-fin-de-semana\/capitan-carreno\/\" border=\"0\" itemprop=\"url\"> <meta itemprop=\"width\" content=\"251\"> <meta itemprop=\"height\" content=\"289\"> <img decoding=\"async\" class=\"\" data-attachment-id=\"52814\" data-orig-file=\"https:\/\/eltrabajo.cl\/portal\/wp-content\/uploads\/2014\/10\/Capitan-Carre\u00f1o.jpg\" data-orig-size=\"529,608\" data-comments-opened=\"1\" data-image-meta=\"{&quot;aperture&quot;:&quot;0&quot;,&quot;credit&quot;:&quot;&quot;,&quot;camera&quot;:&quot;&quot;,&quot;caption&quot;:&quot;&quot;,&quot;created_timestamp&quot;:&quot;0&quot;,&quot;copyright&quot;:&quot;&quot;,&quot;focal_length&quot;:&quot;0&quot;,&quot;iso&quot;:&quot;0&quot;,&quot;shutter_speed&quot;:&quot;0&quot;,&quot;title&quot;:&quot;&quot;,&quot;orientation&quot;:&quot;0&quot;}\" data-image-title=\"Capitan Carre\u00f1o\" data-image-description=\"&lt;p&gt;El jefe de la Subcomisar\u00eda de la Siat Aconcagua, Capit\u00e1n Francisco Carre\u00f1o hizo un llamado preventivo a la comunidad durante la celebraci\u00f3n de Halloween y aquellos conductores junto con sus familias que abandonar\u00e1n la provincia para dirigirse hacia el sector costero.&lt;\/p&gt; \" data-medium-file=\"https:\/\/i0.wp.com\/eltrabajo.cl\/portal\/wp-content\/uploads\/2014\/10\/Capitan-Carre%C3%B1o.jpg?fit=261%2C300&#038;ssl=1\" data-large-file=\"https:\/\/i0.wp.com\/eltrabajo.cl\/portal\/wp-content\/uploads\/2014\/10\/Capitan-Carre%C3%B1o.jpg?fit=529%2C608&#038;ssl=1\" src=\"https:\/\/i0.wp.com\/eltrabajo.cl\/portal\/wp-content\/uploads\/2014\/10\/Capitan-Carre%C3%B1o.jpg?w=251&#038;h=289&#038;ssl=1\" width=\"251\" height=\"289\" loading=\"lazy\" data-original-width=\"251\" data-original-height=\"289\" itemprop=\"http:\/\/schema.org\/image\" title=\"Capitan Carre\u00f1o\" alt=\"El jefe de la Subcomisar\u00eda de la Siat Aconcagua, Capit\u00e1n Francisco Carre\u00f1o hizo un llamado preventivo a la comunidad durante la celebraci\u00f3n de Halloween y aquellos conductores junto con sus familias que abandonar\u00e1n la provincia para dirigirse hacia el sector costero.\" style=\"width: 251px; height: 289px;\" \/> <\/a> <div class=\"tiled-gallery-caption\" itemprop=\"caption description\"> El jefe de la Subcomisar\u00eda de la Siat Aconcagua, Capit\u00e1n Francisco Carre\u00f1o hizo un llamado preventivo a la comunidad durante la celebraci\u00f3n de Halloween y aquellos conductores junto con sus familias que abandonar\u00e1n la provincia para dirigirse hacia el sector costero. <\/div> <\/div> <\/div> <!-- close group --> <\/div> <!-- close row --> <\/div>\n","protected":false},"excerpt":{"rendered":"<p>Un llamado a la prevenci\u00f3n de accidentes de tr\u00e1nsito efectu\u00f3 Carabineros a s\u00f3lo d\u00edas de iniciarse un largo fin de semana a nivel nacional, donde se espera un alto flujo de automovilistas&#8230;<\/p>\n","protected":false},"author":482,"featured_media":52813,"comment_status":"open","ping_status":"closed","sticky":false,"template":"","format":"standard","meta":{"advanced_seo_description":"","jetpack_seo_html_title":"","jetpack_seo_noindex":false,"_jetpack_memberships_contains_paid_content":false,"footnotes":""},"categories":[21],"tags":[],"class_list":["post-52812","post","type-post","status-publish","format-standard","has-post-thumbnail","hentry","category-policial"],"jetpack_featured_media_url":"https:\/\/i0.wp.com\/eltrabajo.cl\/portal\/wp-content\/uploads\/2014\/10\/Control-Carabineros-1.jpg?fit=528%2C401&ssl=1","jetpack_sharing_enabled":true,"jetpack_likes_enabled":true,"jetpack-related-posts":[],"_links":{"self":[{"href":"https:\/\/eltrabajo.cl\/portal\/wp-json\/wp\/v2\/posts\/52812","targetHints":{"allow":["GET"]}}],"collection":[{"href":"https:\/\/eltrabajo.cl\/portal\/wp-json\/wp\/v2\/posts"}],"about":[{"href":"https:\/\/eltrabajo.cl\/portal\/wp-json\/wp\/v2\/types\/post"}],"author":[{"embeddable":true,"href":"https:\/\/eltrabajo.cl\/portal\/wp-json\/wp\/v2\/users\/482"}],"replies":[{"embeddable":true,"href":"https:\/\/eltrabajo.cl\/portal\/wp-json\/wp\/v2\/comments?post=52812"}],"version-history":[{"count":0,"href":"https:\/\/eltrabajo.cl\/portal\/wp-json\/wp\/v2\/posts\/52812\/revisions"}],"wp:featuredmedia":[{"embeddable":true,"href":"https:\/\/eltrabajo.cl\/portal\/wp-json\/wp\/v2\/media\/52813"}],"wp:attachment":[{"href":"https:\/\/eltrabajo.cl\/portal\/wp-json\/wp\/v2\/media?parent=52812"}],"wp:term":[{"taxonomy":"category","embeddable":true,"href":"https:\/\/eltrabajo.cl\/portal\/wp-json\/wp\/v2\/categories?post=52812"},{"taxonomy":"post_tag","embeddable":true,"href":"https:\/\/eltrabajo.cl\/portal\/wp-json\/wp\/v2\/tags?post=52812"}],"curies":[{"name":"wp","href":"https:\/\/api.w.org\/{rel}","templated":true}]}}