{"id":52817,"date":"2014-10-29T09:39:34","date_gmt":"2014-10-29T12:39:34","guid":{"rendered":"http:\/\/www.eltrabajo.cl\/portal\/?p=52817"},"modified":"2014-10-29T09:39:34","modified_gmt":"2014-10-29T12:39:34","slug":"presentan-querella-contra-responsables-de-serios-danos-tras-partido-del-uni","status":"publish","type":"post","link":"https:\/\/eltrabajo.cl\/portal\/presentan-querella-contra-responsables-de-serios-danos-tras-partido-del-uni\/","title":{"rendered":"Presentan querella contra responsables de serios da\u00f1os tras partido del Un\u00ed"},"content":{"rendered":"<figure id=\"attachment_52818\" aria-describedby=\"caption-attachment-52818\" style=\"width: 400px\" class=\"wp-caption alignleft\"><a href=\"https:\/\/i0.wp.com\/www.eltrabajo.cl\/portal\/wp-content\/uploads\/2014\/10\/Gobernador-Leon.jpg\"><img data-recalc-dims=\"1\" loading=\"lazy\" decoding=\"async\" class=\"wp-image-52818\" src=\"https:\/\/i0.wp.com\/www.eltrabajo.cl\/portal\/wp-content\/uploads\/2014\/10\/Gobernador-Leon-300x203.jpg?resize=400%2C271\" alt=\"El Gobernador Eduardo Le\u00f3n interpuso una querella criminal contra dos imputados y contra quienes resulten responsables del delito de Da\u00f1os cometidos al interior del estadio municipal.\" width=\"400\" height=\"271\" srcset=\"https:\/\/i0.wp.com\/eltrabajo.cl\/portal\/wp-content\/uploads\/2014\/10\/Gobernador-Leon.jpg?resize=300%2C203&amp;ssl=1 300w, https:\/\/i0.wp.com\/eltrabajo.cl\/portal\/wp-content\/uploads\/2014\/10\/Gobernador-Leon.jpg?resize=200%2C135&amp;ssl=1 200w, https:\/\/i0.wp.com\/eltrabajo.cl\/portal\/wp-content\/uploads\/2014\/10\/Gobernador-Leon.jpg?resize=150%2C101&amp;ssl=1 150w, https:\/\/i0.wp.com\/eltrabajo.cl\/portal\/wp-content\/uploads\/2014\/10\/Gobernador-Leon.jpg?resize=400%2C270&amp;ssl=1 400w, https:\/\/i0.wp.com\/eltrabajo.cl\/portal\/wp-content\/uploads\/2014\/10\/Gobernador-Leon.jpg?w=529&amp;ssl=1 529w\" sizes=\"auto, (max-width: 400px) 100vw, 400px\" \/><\/a><figcaption id=\"caption-attachment-52818\" class=\"wp-caption-text\">El Gobernador Eduardo Le\u00f3n interpuso una querella criminal contra dos imputados y contra quienes resulten responsables del delito de Da\u00f1os cometidos al interior del estadio municipal.<\/figcaption><\/figure>\n<p>Una querella criminal oficializ\u00f3 el Gobernador de San Felipe, Eduardo Le\u00f3n, contra quienes resulten responsables tras los serios incidentes que se produjeron al t\u00e9rmino del partido entre Uni\u00f3n San Felipe y Everton de Vi\u00f1a del Mar en el estadio municipal de esta comuna, jornada que culmin\u00f3 con la detenci\u00f3n de dos hinchas dentro del contexto jur\u00eddico enmarcado en la Ley de Violencia en los Estadios.<br \/>\nEl escrito describe los sucesos cometidos el pasado domingo 26 de octubre a las 17:00 horas cuando se dio inicio a la disputa futbol\u00edstica profesional de primera divisi\u00f3n en el municipal de San Felipe. Terminado el encuentro cerca de las 18:45 horas, los imputados querellados Sergio Rodr\u00edguez Huaquil y Rodrigo Basualto Artigue, en compa\u00f1\u00eda de otros individuos, comenzaron a forzar la reja de contenci\u00f3n de p\u00fablico en el sector de tribuna Andes, la que fue desprendida causando serios da\u00f1os a la infraestructura.<br \/>\nAdem\u00e1s se les acusa de arrojar tablones de las grader\u00edas, los que fueron lanzados como proyectiles al campo de juego, motivos suficientes para que personal de Carabineros debiera intervenir procediendo a la detenci\u00f3n de los dos hinchas del Club Everton quienes fueron formalizados por la fiscal\u00eda bajo el delito de Da\u00f1os, fijando cautelares de prohibici\u00f3n de ingreso a cualquier estadio y arraigo nacional por un plazo de 60 d\u00edas para la investigaci\u00f3n del caso.<br \/>\nEn ese contexto, el Gobernador Eduardo Le\u00f3n elev\u00f3 la querella en el Juzgado de Garant\u00eda de San Felipe, calificando estos hechos de car\u00e1cter grave por la conmoci\u00f3n p\u00fablica que en definitiva atenta contra la seguridad del resto del p\u00fablico asistente, como tambi\u00e9n de los propios jugadores de f\u00fatbol.<br \/>\n\u201cNosotros estamos colocando una querella criminal contra quienes resulten responsables, porque se destruy\u00f3 parte del estadio, se generaron lanzamientos de proyectiles, la Ley de Violencia dentro de los estadios no puede permitir estos hechos, hay que ser bien cuidadoso en esto y no vamos a permitir ning\u00fan incidente quede impune. El estadio seguro tiene las disposiciones con la responsabilidad de todas las personas, de los clubes y las barras para evitar estos hechos, no podemos nosotros tener Fuerzas Especiales de Carabineros en todos los partidos. Vamos a tener una reuni\u00f3n de an\u00e1lisis con el municipio y el club deportivo para fiscalizar mejor a las personas que ingresan a los estadios\u201d, asever\u00f3 la autoridad provincial.<br \/>\nEn resumen la querella persigue sancionar con las m\u00e1ximas penas legales a los dos imputados ya individualizados y contra quienes se individualicen como autores, c\u00f3mplices o encubridores de este delito cometido, de acuerdo a la investigaci\u00f3n que arroje como resultado el Ministerio P\u00fablico de San Felipe dentro del plazo ya establecido por el tribunal.<br \/>\n\u201cVamos analizar el partido pasado en esta semana y a la vez vamos a evaluar en qu\u00e9 condiciones se autoriza el pr\u00f3ximo partido que viene. Hay que decir f\u00e1cilmente que est\u00e1n desprendiendo tablones y lanz\u00e1ndolos como proyectiles, lo que representa un peligro no s\u00f3lo para los mismos hinchas sino tambi\u00e9n para los jugadores\u201d, sentenci\u00f3 el Gobernador de San Felipe, Eduardo Le\u00f3n.<br \/>\nPablo Salinas Sald\u00edas<\/p>\n","protected":false},"excerpt":{"rendered":"<p>Una querella criminal oficializ\u00f3 el Gobernador de San Felipe, Eduardo Le\u00f3n, contra quienes resulten responsables tras los serios incidentes que se produjeron al t\u00e9rmino del partido entre Uni\u00f3n San Felipe y Everton&#8230;<\/p>\n","protected":false},"author":482,"featured_media":52818,"comment_status":"open","ping_status":"closed","sticky":false,"template":"","format":"standard","meta":{"advanced_seo_description":"","jetpack_seo_html_title":"","jetpack_seo_noindex":false,"_jetpack_memberships_contains_paid_content":false,"footnotes":""},"categories":[21],"tags":[],"class_list":["post-52817","post","type-post","status-publish","format-standard","has-post-thumbnail","hentry","category-policial"],"jetpack_featured_media_url":"https:\/\/i0.wp.com\/eltrabajo.cl\/portal\/wp-content\/uploads\/2014\/10\/Gobernador-Leon.jpg?fit=529%2C358&ssl=1","jetpack_sharing_enabled":true,"jetpack_likes_enabled":true,"jetpack-related-posts":[],"_links":{"self":[{"href":"https:\/\/eltrabajo.cl\/portal\/wp-json\/wp\/v2\/posts\/52817","targetHints":{"allow":["GET"]}}],"collection":[{"href":"https:\/\/eltrabajo.cl\/portal\/wp-json\/wp\/v2\/posts"}],"about":[{"href":"https:\/\/eltrabajo.cl\/portal\/wp-json\/wp\/v2\/types\/post"}],"author":[{"embeddable":true,"href":"https:\/\/eltrabajo.cl\/portal\/wp-json\/wp\/v2\/users\/482"}],"replies":[{"embeddable":true,"href":"https:\/\/eltrabajo.cl\/portal\/wp-json\/wp\/v2\/comments?post=52817"}],"version-history":[{"count":0,"href":"https:\/\/eltrabajo.cl\/portal\/wp-json\/wp\/v2\/posts\/52817\/revisions"}],"wp:featuredmedia":[{"embeddable":true,"href":"https:\/\/eltrabajo.cl\/portal\/wp-json\/wp\/v2\/media\/52818"}],"wp:attachment":[{"href":"https:\/\/eltrabajo.cl\/portal\/wp-json\/wp\/v2\/media?parent=52817"}],"wp:term":[{"taxonomy":"category","embeddable":true,"href":"https:\/\/eltrabajo.cl\/portal\/wp-json\/wp\/v2\/categories?post=52817"},{"taxonomy":"post_tag","embeddable":true,"href":"https:\/\/eltrabajo.cl\/portal\/wp-json\/wp\/v2\/tags?post=52817"}],"curies":[{"name":"wp","href":"https:\/\/api.w.org\/{rel}","templated":true}]}}