{"id":52828,"date":"2014-10-30T09:23:55","date_gmt":"2014-10-30T12:23:55","guid":{"rendered":"http:\/\/www.eltrabajo.cl\/portal\/?p=52828"},"modified":"2014-10-30T09:23:55","modified_gmt":"2014-10-30T12:23:55","slug":"industrialinos-campeones-nacionales-de-robotica","status":"publish","type":"post","link":"https:\/\/eltrabajo.cl\/portal\/industrialinos-campeones-nacionales-de-robotica\/","title":{"rendered":"Industrialinos campeones nacionales de rob\u00f3tica"},"content":{"rendered":"<figure id=\"attachment_52829\" aria-describedby=\"caption-attachment-52829\" style=\"width: 528px\" class=\"wp-caption alignnone\"><a href=\"https:\/\/i0.wp.com\/www.eltrabajo.cl\/portal\/wp-content\/uploads\/2014\/10\/Robot1.jpg\"><img data-recalc-dims=\"1\" loading=\"lazy\" decoding=\"async\" class=\"size-full wp-image-52829\" src=\"https:\/\/i0.wp.com\/www.eltrabajo.cl\/portal\/wp-content\/uploads\/2014\/10\/Robot1.jpg?resize=528%2C364\" alt=\"Vicente Chaparro, Sergio Meza y Bryan Santander, pertenecientes a la especialidad de electricidad de dicho establecimiento, obtuvieron el primer lugar en la competencia.\" width=\"528\" height=\"364\" srcset=\"https:\/\/i0.wp.com\/eltrabajo.cl\/portal\/wp-content\/uploads\/2014\/10\/Robot1.jpg?w=528&amp;ssl=1 528w, https:\/\/i0.wp.com\/eltrabajo.cl\/portal\/wp-content\/uploads\/2014\/10\/Robot1.jpg?resize=200%2C137&amp;ssl=1 200w, https:\/\/i0.wp.com\/eltrabajo.cl\/portal\/wp-content\/uploads\/2014\/10\/Robot1.jpg?resize=300%2C206&amp;ssl=1 300w, https:\/\/i0.wp.com\/eltrabajo.cl\/portal\/wp-content\/uploads\/2014\/10\/Robot1.jpg?resize=150%2C103&amp;ssl=1 150w, https:\/\/i0.wp.com\/eltrabajo.cl\/portal\/wp-content\/uploads\/2014\/10\/Robot1.jpg?resize=400%2C275&amp;ssl=1 400w\" sizes=\"auto, (max-width: 528px) 100vw, 528px\" \/><\/a><figcaption id=\"caption-attachment-52829\" class=\"wp-caption-text\">Vicente Chaparro, Sergio Meza y Bryan Santander, pertenecientes a la especialidad de electricidad de dicho establecimiento, obtuvieron el primer lugar en la competencia.<\/figcaption><\/figure>\n<p>El s\u00e1bado 25 de octubre se realiz\u00f3 la final del Inter-escolar de Rob\u00f3tica Educativa en Valpara\u00edso, concurso organizado por la Universidad T\u00e9cnica Federico Santa Mar\u00eda y la Fundaci\u00f3n Mustakis, en el que participaron 50 establecimientos de diferentes partes del pa\u00eds. Una delegaci\u00f3n de alumnos de la Escuela Industrial de San Felipe, compuesta por Vicente Chaparro, Sergio Meza y Bryan Santander, pertenecientes a la especialidad de electricidad de dicho establecimiento, obtuvo el primer lugar en la competencia, coron\u00e1ndose como campeones nacionales y accediendo al RoboCup Junior 2015, evento internacional al que viajar\u00e1n para representar al pa\u00eds el pr\u00f3ximo a\u00f1o.<\/p>\n<figure id=\"attachment_52830\" aria-describedby=\"caption-attachment-52830\" style=\"width: 400px\" class=\"wp-caption alignright\"><a href=\"https:\/\/i0.wp.com\/www.eltrabajo.cl\/portal\/wp-content\/uploads\/2014\/10\/Robot2.jpg\"><img data-recalc-dims=\"1\" loading=\"lazy\" decoding=\"async\" class=\"wp-image-52830\" src=\"https:\/\/i0.wp.com\/www.eltrabajo.cl\/portal\/wp-content\/uploads\/2014\/10\/Robot2.jpg?resize=400%2C256\" alt=\"Una delegaci\u00f3n de alumnos de la Escuela Industrial de San Felipe, compuesta por Vicente Chaparro, Sergio Meza y Bryan Santander, pertenecientes a la especialidad de electricidad de dicho establecimiento, obtuvo el primer lugar en la competencia.\" width=\"400\" height=\"256\" srcset=\"https:\/\/i0.wp.com\/eltrabajo.cl\/portal\/wp-content\/uploads\/2014\/10\/Robot2.jpg?w=528&amp;ssl=1 528w, https:\/\/i0.wp.com\/eltrabajo.cl\/portal\/wp-content\/uploads\/2014\/10\/Robot2.jpg?resize=200%2C128&amp;ssl=1 200w, https:\/\/i0.wp.com\/eltrabajo.cl\/portal\/wp-content\/uploads\/2014\/10\/Robot2.jpg?resize=300%2C192&amp;ssl=1 300w, https:\/\/i0.wp.com\/eltrabajo.cl\/portal\/wp-content\/uploads\/2014\/10\/Robot2.jpg?resize=150%2C96&amp;ssl=1 150w, https:\/\/i0.wp.com\/eltrabajo.cl\/portal\/wp-content\/uploads\/2014\/10\/Robot2.jpg?resize=400%2C256&amp;ssl=1 400w\" sizes=\"auto, (max-width: 400px) 100vw, 400px\" \/><\/a><figcaption id=\"caption-attachment-52830\" class=\"wp-caption-text\">Una delegaci\u00f3n de alumnos de la Escuela Industrial de San Felipe, compuesta por Vicente Chaparro, Sergio Meza y Bryan Santander, pertenecientes a la especialidad de electricidad de dicho establecimiento, obtuvo el primer lugar en la competencia.<\/figcaption><\/figure>\n<p>El triunfo de los estudiantes industrialinos fue fruto del esfuerzo de todo un a\u00f1o de preparaci\u00f3n, durante el cual ya se hab\u00edan destacado logrando importantes lugares en las etapas previas de la competencia que se realizaron en el mes de julio. Los alumnos recibieron certificaciones para desempe\u00f1arse como monitores de rob\u00f3tica y premios en implementaci\u00f3n que les permita seguir desarrollando sus habilidades en este \u00e1mbito, para enfrentar de buena manera la competencia internacional el 2015, representado a su escuela y al pa\u00eds en el extranjero.<\/p>\n","protected":false},"excerpt":{"rendered":"<p>El s\u00e1bado 25 de octubre se realiz\u00f3 la final del Inter-escolar de Rob\u00f3tica Educativa en Valpara\u00edso, concurso organizado por la Universidad T\u00e9cnica Federico Santa Mar\u00eda y la Fundaci\u00f3n Mustakis, en el que&#8230;<\/p>\n","protected":false},"author":482,"featured_media":52829,"comment_status":"open","ping_status":"closed","sticky":false,"template":"","format":"standard","meta":{"advanced_seo_description":"","jetpack_seo_html_title":"","jetpack_seo_noindex":false,"_jetpack_memberships_contains_paid_content":false,"footnotes":""},"categories":[15],"tags":[],"class_list":["post-52828","post","type-post","status-publish","format-standard","has-post-thumbnail","hentry","category-comunidad"],"jetpack_featured_media_url":"https:\/\/i0.wp.com\/eltrabajo.cl\/portal\/wp-content\/uploads\/2014\/10\/Robot1.jpg?fit=528%2C364&ssl=1","jetpack_sharing_enabled":true,"jetpack_likes_enabled":true,"jetpack-related-posts":[],"_links":{"self":[{"href":"https:\/\/eltrabajo.cl\/portal\/wp-json\/wp\/v2\/posts\/52828","targetHints":{"allow":["GET"]}}],"collection":[{"href":"https:\/\/eltrabajo.cl\/portal\/wp-json\/wp\/v2\/posts"}],"about":[{"href":"https:\/\/eltrabajo.cl\/portal\/wp-json\/wp\/v2\/types\/post"}],"author":[{"embeddable":true,"href":"https:\/\/eltrabajo.cl\/portal\/wp-json\/wp\/v2\/users\/482"}],"replies":[{"embeddable":true,"href":"https:\/\/eltrabajo.cl\/portal\/wp-json\/wp\/v2\/comments?post=52828"}],"version-history":[{"count":0,"href":"https:\/\/eltrabajo.cl\/portal\/wp-json\/wp\/v2\/posts\/52828\/revisions"}],"wp:featuredmedia":[{"embeddable":true,"href":"https:\/\/eltrabajo.cl\/portal\/wp-json\/wp\/v2\/media\/52829"}],"wp:attachment":[{"href":"https:\/\/eltrabajo.cl\/portal\/wp-json\/wp\/v2\/media?parent=52828"}],"wp:term":[{"taxonomy":"category","embeddable":true,"href":"https:\/\/eltrabajo.cl\/portal\/wp-json\/wp\/v2\/categories?post=52828"},{"taxonomy":"post_tag","embeddable":true,"href":"https:\/\/eltrabajo.cl\/portal\/wp-json\/wp\/v2\/tags?post=52828"}],"curies":[{"name":"wp","href":"https:\/\/api.w.org\/{rel}","templated":true}]}}