{"id":52832,"date":"2014-10-30T09:33:02","date_gmt":"2014-10-30T12:33:02","guid":{"rendered":"http:\/\/www.eltrabajo.cl\/portal\/?p=52832"},"modified":"2014-10-30T09:33:02","modified_gmt":"2014-10-30T12:33:02","slug":"brigada-ecologica-brilla-en-escuela-carmela-carvajal-de-curimon","status":"publish","type":"post","link":"https:\/\/eltrabajo.cl\/portal\/brigada-ecologica-brilla-en-escuela-carmela-carvajal-de-curimon\/","title":{"rendered":"Brigada ecol\u00f3gica brilla en Escuela Carmela Carvajal de Curim\u00f3n"},"content":{"rendered":"<figure id=\"attachment_52833\" aria-describedby=\"caption-attachment-52833\" style=\"width: 528px\" class=\"wp-caption alignnone\"><a href=\"https:\/\/i0.wp.com\/www.eltrabajo.cl\/portal\/wp-content\/uploads\/2014\/10\/Brigada1.jpg\"><img data-recalc-dims=\"1\" loading=\"lazy\" decoding=\"async\" class=\"size-full wp-image-52833\" src=\"https:\/\/i0.wp.com\/www.eltrabajo.cl\/portal\/wp-content\/uploads\/2014\/10\/Brigada1.jpg?resize=528%2C317\" alt=\"Todos los alumnos del establecimiento hoy conocen m\u00e1s del medio ambiente, y a la vez ense\u00f1an lo aprendido a los m\u00e1s peque\u00f1itos.\" width=\"528\" height=\"317\" srcset=\"https:\/\/i0.wp.com\/eltrabajo.cl\/portal\/wp-content\/uploads\/2014\/10\/Brigada1.jpg?w=528&amp;ssl=1 528w, https:\/\/i0.wp.com\/eltrabajo.cl\/portal\/wp-content\/uploads\/2014\/10\/Brigada1.jpg?resize=200%2C120&amp;ssl=1 200w, https:\/\/i0.wp.com\/eltrabajo.cl\/portal\/wp-content\/uploads\/2014\/10\/Brigada1.jpg?resize=300%2C180&amp;ssl=1 300w, https:\/\/i0.wp.com\/eltrabajo.cl\/portal\/wp-content\/uploads\/2014\/10\/Brigada1.jpg?resize=150%2C90&amp;ssl=1 150w, https:\/\/i0.wp.com\/eltrabajo.cl\/portal\/wp-content\/uploads\/2014\/10\/Brigada1.jpg?resize=400%2C240&amp;ssl=1 400w\" sizes=\"auto, (max-width: 528px) 100vw, 528px\" \/><\/a><figcaption id=\"caption-attachment-52833\" class=\"wp-caption-text\">Todos los alumnos del establecimiento hoy conocen m\u00e1s del medio ambiente, y a la vez ense\u00f1an lo aprendido a los m\u00e1s peque\u00f1itos.<\/figcaption><\/figure>\n<p>Gracias al convenio de cooperaci\u00f3n mutua, firmado entre la Escuela Carmela Carvajal de Prat y Agr\u00edcola Agrovalle, es que desde el a\u00f1o pasado se est\u00e1 desarrollando un programa destinado a incentivar la conciencia ecol\u00f3gica, sobre todo en los ni\u00f1os del establecimiento, quienes ya conformaron la Brigada ecol\u00f3gica, lo que permiti\u00f3 reforestar una parte importante de la escuela, con diferentes especies arb\u00f3reas, aportando la empresa agr\u00edcola con la se\u00f1al\u00e9tica que detalla cada una de las especies, entre las que figuran maitenes, almendros, quillay entre otras.<\/p>\n<figure id=\"attachment_52834\" aria-describedby=\"caption-attachment-52834\" style=\"width: 400px\" class=\"wp-caption alignright\"><a href=\"https:\/\/i0.wp.com\/www.eltrabajo.cl\/portal\/wp-content\/uploads\/2014\/10\/Brigada2.jpg\"><img data-recalc-dims=\"1\" loading=\"lazy\" decoding=\"async\" class=\"wp-image-52834\" src=\"https:\/\/i0.wp.com\/www.eltrabajo.cl\/portal\/wp-content\/uploads\/2014\/10\/Brigada2.jpg?resize=400%2C270\" alt=\"Los ni\u00f1os del establecimiento ya conformaron la Brigada ecol\u00f3gica, lo que permiti\u00f3 reforestar una parte importante de la escuela, con diferentes especies arb\u00f3reas.\" width=\"400\" height=\"270\" srcset=\"https:\/\/i0.wp.com\/eltrabajo.cl\/portal\/wp-content\/uploads\/2014\/10\/Brigada2.jpg?w=529&amp;ssl=1 529w, https:\/\/i0.wp.com\/eltrabajo.cl\/portal\/wp-content\/uploads\/2014\/10\/Brigada2.jpg?resize=200%2C134&amp;ssl=1 200w, https:\/\/i0.wp.com\/eltrabajo.cl\/portal\/wp-content\/uploads\/2014\/10\/Brigada2.jpg?resize=300%2C202&amp;ssl=1 300w, https:\/\/i0.wp.com\/eltrabajo.cl\/portal\/wp-content\/uploads\/2014\/10\/Brigada2.jpg?resize=150%2C101&amp;ssl=1 150w, https:\/\/i0.wp.com\/eltrabajo.cl\/portal\/wp-content\/uploads\/2014\/10\/Brigada2.jpg?resize=400%2C269&amp;ssl=1 400w\" sizes=\"auto, (max-width: 400px) 100vw, 400px\" \/><\/a><figcaption id=\"caption-attachment-52834\" class=\"wp-caption-text\">Los ni\u00f1os del establecimiento ya conformaron la Brigada ecol\u00f3gica, lo que permiti\u00f3 reforestar una parte importante de la escuela, con diferentes especies arb\u00f3reas.<\/figcaption><\/figure>\n<p>Lo anterior gener\u00f3 de inmediato la reacci\u00f3n de todos los alumnos del establecimiento, quienes hoy conocen m\u00e1s del medio ambiente, y a la vez, ense\u00f1an lo aprendido a los m\u00e1s peque\u00f1itos, creando conciencia desde muy temprana edad del cuidado de la naturaleza.<br \/>\nAna Mar\u00eda Donoso, directora del establecimiento, se refiri\u00f3 a esta interesante iniciativa, se\u00f1alando que \u201clo anterior, viene a complementar un \u00e1rea verde, en la que anteriormente fue instalada una imagen de San Francisco, patrono de Curim\u00f3n, lo que incentiva m\u00e1s a nuestros alumnos a conocer de la ecolog\u00eda, y algo muy importante, la ecolog\u00eda humana, lo que de alguna forma, hace a los ni\u00f1os y ni\u00f1as ver su entorno como un espacio propio, donde ellos se escapan del calor, de las preocupaciones que tienen a diario, estando la Brigada ecol\u00f3gica a cargo de la docente Isabel L\u00f3pez, profesora de s\u00e9ptimo a\u00f1o b\u00e1sico, quien desde el a\u00f1o pasado viene trabajando fuertemente en este tema\u201d.<br \/>\nEl lugar fue nombrado Parque ecol\u00f3gico San Francisco, y la idea es dejar un legado a las nuevas generaciones, buscando mejorarlo para que los alumnos puedan compartir con diferentes juegos, especialmente en madera, de manera que si los profesores quisieran realizar clases en el sector, lo puedan hacer.<\/p>\n","protected":false},"excerpt":{"rendered":"<p>Gracias al convenio de cooperaci\u00f3n mutua, firmado entre la Escuela Carmela Carvajal de Prat y Agr\u00edcola Agrovalle, es que desde el a\u00f1o pasado se est\u00e1 desarrollando un programa destinado a incentivar la&#8230;<\/p>\n","protected":false},"author":482,"featured_media":52833,"comment_status":"open","ping_status":"closed","sticky":false,"template":"","format":"standard","meta":{"advanced_seo_description":"","jetpack_seo_html_title":"","jetpack_seo_noindex":false,"_jetpack_memberships_contains_paid_content":false,"footnotes":""},"categories":[15],"tags":[],"class_list":["post-52832","post","type-post","status-publish","format-standard","has-post-thumbnail","hentry","category-comunidad"],"jetpack_featured_media_url":"https:\/\/i0.wp.com\/eltrabajo.cl\/portal\/wp-content\/uploads\/2014\/10\/Brigada1.jpg?fit=528%2C317&ssl=1","jetpack_sharing_enabled":true,"jetpack_likes_enabled":true,"jetpack-related-posts":[],"_links":{"self":[{"href":"https:\/\/eltrabajo.cl\/portal\/wp-json\/wp\/v2\/posts\/52832","targetHints":{"allow":["GET"]}}],"collection":[{"href":"https:\/\/eltrabajo.cl\/portal\/wp-json\/wp\/v2\/posts"}],"about":[{"href":"https:\/\/eltrabajo.cl\/portal\/wp-json\/wp\/v2\/types\/post"}],"author":[{"embeddable":true,"href":"https:\/\/eltrabajo.cl\/portal\/wp-json\/wp\/v2\/users\/482"}],"replies":[{"embeddable":true,"href":"https:\/\/eltrabajo.cl\/portal\/wp-json\/wp\/v2\/comments?post=52832"}],"version-history":[{"count":0,"href":"https:\/\/eltrabajo.cl\/portal\/wp-json\/wp\/v2\/posts\/52832\/revisions"}],"wp:featuredmedia":[{"embeddable":true,"href":"https:\/\/eltrabajo.cl\/portal\/wp-json\/wp\/v2\/media\/52833"}],"wp:attachment":[{"href":"https:\/\/eltrabajo.cl\/portal\/wp-json\/wp\/v2\/media?parent=52832"}],"wp:term":[{"taxonomy":"category","embeddable":true,"href":"https:\/\/eltrabajo.cl\/portal\/wp-json\/wp\/v2\/categories?post=52832"},{"taxonomy":"post_tag","embeddable":true,"href":"https:\/\/eltrabajo.cl\/portal\/wp-json\/wp\/v2\/tags?post=52832"}],"curies":[{"name":"wp","href":"https:\/\/api.w.org\/{rel}","templated":true}]}}