{"id":52863,"date":"2014-10-30T09:48:09","date_gmt":"2014-10-30T12:48:09","guid":{"rendered":"http:\/\/www.eltrabajo.cl\/portal\/?p=52863"},"modified":"2014-10-30T09:48:09","modified_gmt":"2014-10-30T12:48:09","slug":"padres-de-guagua-que-nacio-muerta-piden-justicia-y-anuncian-acciones-legales","status":"publish","type":"post","link":"https:\/\/eltrabajo.cl\/portal\/padres-de-guagua-que-nacio-muerta-piden-justicia-y-anuncian-acciones-legales\/","title":{"rendered":"Padres de guagua que naci\u00f3 muerta piden justicia y anuncian acciones legales"},"content":{"rendered":"<figure id=\"attachment_52864\" aria-describedby=\"caption-attachment-52864\" style=\"width: 400px\" class=\"wp-caption alignleft\"><a href=\"https:\/\/i0.wp.com\/www.eltrabajo.cl\/portal\/wp-content\/uploads\/2014\/10\/Guagua1.jpg\"><img data-recalc-dims=\"1\" loading=\"lazy\" decoding=\"async\" class=\"wp-image-52864\" src=\"https:\/\/i0.wp.com\/www.eltrabajo.cl\/portal\/wp-content\/uploads\/2014\/10\/Guagua1.jpg?resize=400%2C402\" alt=\"Andr\u00e9s Mu\u00f1oz Lobos presentaba 38 semanas de gestaci\u00f3n y producto de una asfixia intrauterina, muri\u00f3 en el vientre de su madre a s\u00f3lo d\u00edas de la fecha de parto programada en el mes de julio reci\u00e9n pasado.\" width=\"400\" height=\"402\" srcset=\"https:\/\/i0.wp.com\/eltrabajo.cl\/portal\/wp-content\/uploads\/2014\/10\/Guagua1.jpg?w=529&amp;ssl=1 529w, https:\/\/i0.wp.com\/eltrabajo.cl\/portal\/wp-content\/uploads\/2014\/10\/Guagua1.jpg?resize=149%2C150&amp;ssl=1 149w, https:\/\/i0.wp.com\/eltrabajo.cl\/portal\/wp-content\/uploads\/2014\/10\/Guagua1.jpg?resize=298%2C300&amp;ssl=1 298w, https:\/\/i0.wp.com\/eltrabajo.cl\/portal\/wp-content\/uploads\/2014\/10\/Guagua1.jpg?resize=150%2C150&amp;ssl=1 150w, https:\/\/i0.wp.com\/eltrabajo.cl\/portal\/wp-content\/uploads\/2014\/10\/Guagua1.jpg?resize=400%2C401&amp;ssl=1 400w\" sizes=\"auto, (max-width: 400px) 100vw, 400px\" \/><\/a><figcaption id=\"caption-attachment-52864\" class=\"wp-caption-text\">Andr\u00e9s Mu\u00f1oz Lobos presentaba 38 semanas de gestaci\u00f3n y producto de una asfixia intrauterina, muri\u00f3 en el vientre de su madre a s\u00f3lo d\u00edas de la fecha de parto programada en el mes de julio reci\u00e9n pasado.<\/figcaption><\/figure>\n<p><strong>PUTAENDO<\/strong>.- Kevin Andr\u00e9s Mu\u00f1oz Lobos presentaba 38 semanas de gestaci\u00f3n y producto de una asfixia intrauterina, muri\u00f3 en el vientre de su madre a s\u00f3lo d\u00edas de la fecha de parto programada en el mes de julio reci\u00e9n pasado, por lo que hoy sus padres reiteran su profundo llamado a que se haga justicia y adem\u00e1s confirmaron que recurrir\u00e1n a tribunales.<br \/>\nDaniel Mu\u00f1oz Silva junto a su pareja Susana Lobos Salinas, indicaron que el 9 de juliopasado, estando en el Hospital San Camilo, una ecograf\u00eda practicada por el Doctor Jorge Ponce determin\u00f3 que su hijo no ten\u00eda latidos y que lamentablemente estaba muerto, comprobando que el peque\u00f1o ven\u00eda con su cord\u00f3n umbilical enrollado en su cuello, y seg\u00fan consta en el certificado de necropsia, Kevin Andr\u00e9s falleci\u00f3 por asfixia intrauterina.<br \/>\nEste joven matrimonio se\u00f1ala que hay varios errores graves que ocurrieron en este proceso, como por ejemplo, que el jueves 3 de julio de presente a\u00f1o a las 15:23 horas y seg\u00fan consta en la boleta de atenci\u00f3n N\u00ba 1848484, fue atendida por la Doctora Z\u00fa\u00f1iga en el Hospital San Camilo, donde se le realiz\u00f3 un monitoreo fetal, y ese mismo fue citada a las 22:00 horas seg\u00fan consta en la boleta de atenci\u00f3n N\u00ba 1848589 y se le realiz\u00f3 una ecograf\u00eda, donde aseguran no se les entreg\u00f3 la boleta de atenci\u00f3n y tampoco se les se\u00f1al\u00f3 al respecto, hasta que el d\u00eda lunes 7 de julio el Doctor Jorge Ponce volvi\u00f3 a atenderla en el Hospital San Camilo y le se\u00f1al\u00f3 seg\u00fan testimonio de Daniel y Mar\u00eda, \u00abpuede que tu hijo venga con el cord\u00f3n enrollado en el cuello, pero, debes estar tranquila porque son muy inteligentes y no se mover\u00e1 pues sabe que se har\u00e1 da\u00f1o\u00bb, por lo que el mismo doctor la cit\u00f3 para el mi\u00e9rcoles 9 de julio nuevamente para practicarle una ecograf\u00eda donde se comprob\u00f3 que ya estaba fallecido.<br \/>\nMar\u00eda Susana Lobos se\u00f1al\u00f3 a nuestro medio, que efectivamente su hijo se mov\u00eda poco, pero le dijeron que eso era normal, pero jam\u00e1s supo que cuando la atendieron a las 22:00 horas el 3 de julio en el Hospital San Camilo el diagn\u00f3stico era que su guag\u00fcita estaba \u00aben posici\u00f3n pod\u00e1lica\u00bb, es decir, ven\u00eda de pie, lo que resulta sumamente grave pues el doctor Ponce en el documento que emiti\u00f3 se\u00f1ala que ella como madre sab\u00eda que su hijo ven\u00eda pod\u00e1lico y que era un embarazo de alto riesgo, lo que asegura nunca le fue informado, pues reci\u00e9n ahora tuvieron acceso a las boletas de atenci\u00f3n de urgencias donde se se\u00f1ala ese diagn\u00f3stico.<br \/>\nSumado a esto, este joven matrimonio se\u00f1ala que se acercaron a la Direcci\u00f3n del Hospital San Camilo, para pedir una investigaci\u00f3n, y que el 18 de agosto les indicaron que les avisar\u00edan cuando los recibir\u00edan, hasta que el lunes 13 de octubre fueron recibidos por el Subdirector del Hospital San Camilo y el Jefe de Ginecolog\u00eda doctor H\u00e9ctor Orellana, donde solo les leyeron y les entregaron el informe del Doctor Jorge Ponce Veas, quien detalladamente se\u00f1ala que fue un hecho fortuito.<br \/>\nEn parte de este informe el Doctor Ponce se\u00f1ala que \u00abla medicina no es una ciencia exacta, sino conjetural, no se aseguran resultados sino hacer lo que se debe\u00bb, mientras que en la conclusi\u00f3n final el mismo facultativo m\u00e9dico se\u00f1ala \u00ablas patolog\u00edas del cord\u00f3n no son diagnosticables ni predecibles, solo se constatan despu\u00e9s del parto\u00bb.<br \/>\nEstas palabras escritas por el Doctor Jorge Ponce, seg\u00fan indicaron Daniel y Mar\u00eda, son totalmente contradictorias, pues el mismo m\u00e9dico el lunes 7 de julio ya se hab\u00eda percatado que el peque\u00f1o Kevin presentaba el cord\u00f3n enrollado, por lo que se\u00f1alaron claramente hay una contradicci\u00f3n del citado doctor.<br \/>\nSi bien es cierto Daniel y Mar\u00eda no han ocupado en sus declaraciones la palabra negligencia, creen que claramente no es posible que el informe para clarificar los hechos sea emitido por el mismo doctor que atendi\u00f3 el parto y consideran que por transparencia se debi\u00f3 haber hecho una investigaci\u00f3n como corresponde y por parte de otro m\u00e9dico, por lo que el lunes 20 de octubre se reunieron con el Director del Servicio de Salud Aconcagua, Alejandro C\u00e1rdenas, quien se comprometi\u00f3 a realizar una investigaci\u00f3n como corresponde para clarificar los hechos.<br \/>\nDaniel y Mar\u00eda visiblemente afectados, aseguraron que la muerte de su hijo se pudo haber evitado, y que se sienten abandonados por el Hospital San Camilo, por lo que hoy reunir\u00e1n el dinero para buscar un abogado y recurrir a los tribunales para exigir justicia, pues indicaron ni siquiera est\u00e1n pensando en una indemnizaci\u00f3n, sino s\u00f3lo que se sepa la verdad y que esto nunca m\u00e1s ocurra, pues, a m\u00e1s de tres meses del fat\u00eddico 9 de julio, a\u00fan no logran comprender la serie de errores y equivocaciones que impidieron que hoy el peque\u00f1o Kevin les est\u00e9 acompa\u00f1ando.<br \/>\nPatricio Gallardo M.<\/p>\n","protected":false},"excerpt":{"rendered":"<p>PUTAENDO.- Kevin Andr\u00e9s Mu\u00f1oz Lobos presentaba 38 semanas de gestaci\u00f3n y producto de una asfixia intrauterina, muri\u00f3 en el vientre de su madre a s\u00f3lo d\u00edas de la fecha de parto programada&#8230;<\/p>\n","protected":false},"author":482,"featured_media":52864,"comment_status":"open","ping_status":"closed","sticky":false,"template":"","format":"standard","meta":{"advanced_seo_description":"","jetpack_seo_html_title":"","jetpack_seo_noindex":false,"_jetpack_memberships_contains_paid_content":false,"footnotes":""},"categories":[21],"tags":[],"class_list":["post-52863","post","type-post","status-publish","format-standard","has-post-thumbnail","hentry","category-policial"],"jetpack_featured_media_url":"https:\/\/i0.wp.com\/eltrabajo.cl\/portal\/wp-content\/uploads\/2014\/10\/Guagua1.jpg?fit=529%2C531&ssl=1","jetpack_sharing_enabled":true,"jetpack_likes_enabled":true,"jetpack-related-posts":[],"_links":{"self":[{"href":"https:\/\/eltrabajo.cl\/portal\/wp-json\/wp\/v2\/posts\/52863","targetHints":{"allow":["GET"]}}],"collection":[{"href":"https:\/\/eltrabajo.cl\/portal\/wp-json\/wp\/v2\/posts"}],"about":[{"href":"https:\/\/eltrabajo.cl\/portal\/wp-json\/wp\/v2\/types\/post"}],"author":[{"embeddable":true,"href":"https:\/\/eltrabajo.cl\/portal\/wp-json\/wp\/v2\/users\/482"}],"replies":[{"embeddable":true,"href":"https:\/\/eltrabajo.cl\/portal\/wp-json\/wp\/v2\/comments?post=52863"}],"version-history":[{"count":0,"href":"https:\/\/eltrabajo.cl\/portal\/wp-json\/wp\/v2\/posts\/52863\/revisions"}],"wp:featuredmedia":[{"embeddable":true,"href":"https:\/\/eltrabajo.cl\/portal\/wp-json\/wp\/v2\/media\/52864"}],"wp:attachment":[{"href":"https:\/\/eltrabajo.cl\/portal\/wp-json\/wp\/v2\/media?parent=52863"}],"wp:term":[{"taxonomy":"category","embeddable":true,"href":"https:\/\/eltrabajo.cl\/portal\/wp-json\/wp\/v2\/categories?post=52863"},{"taxonomy":"post_tag","embeddable":true,"href":"https:\/\/eltrabajo.cl\/portal\/wp-json\/wp\/v2\/tags?post=52863"}],"curies":[{"name":"wp","href":"https:\/\/api.w.org\/{rel}","templated":true}]}}