{"id":52866,"date":"2014-10-30T09:50:46","date_gmt":"2014-10-30T12:50:46","guid":{"rendered":"http:\/\/www.eltrabajo.cl\/portal\/?p=52866"},"modified":"2014-10-30T09:50:46","modified_gmt":"2014-10-30T12:50:46","slug":"acusan-discriminacion-de-directora-escolar-contra-estudiante-por-corte-de-pelo","status":"publish","type":"post","link":"https:\/\/eltrabajo.cl\/portal\/acusan-discriminacion-de-directora-escolar-contra-estudiante-por-corte-de-pelo\/","title":{"rendered":"Acusan discriminaci\u00f3n de directora escolar contra estudiante por corte de pelo"},"content":{"rendered":"<figure id=\"attachment_52867\" aria-describedby=\"caption-attachment-52867\" style=\"width: 400px\" class=\"wp-caption alignleft\"><a href=\"https:\/\/i0.wp.com\/www.eltrabajo.cl\/portal\/wp-content\/uploads\/2014\/10\/Cabellos1.jpg\"><img data-recalc-dims=\"1\" loading=\"lazy\" decoding=\"async\" class=\"wp-image-52867\" src=\"https:\/\/i0.wp.com\/www.eltrabajo.cl\/portal\/wp-content\/uploads\/2014\/10\/Cabellos1.jpg?resize=400%2C271\" alt=\"Salvador Maldonado asegur\u00f3 que a su hijo de catorce a\u00f1os, de iniciales N.M.D., alumno regular de dicho colegio, le negaron disfrutar de un paseo porque su cabello luc\u00eda como lo registran las c\u00e1maras en esta gr\u00e1fica.\" width=\"400\" height=\"271\" srcset=\"https:\/\/i0.wp.com\/eltrabajo.cl\/portal\/wp-content\/uploads\/2014\/10\/Cabellos1.jpg?w=529&amp;ssl=1 529w, https:\/\/i0.wp.com\/eltrabajo.cl\/portal\/wp-content\/uploads\/2014\/10\/Cabellos1.jpg?resize=200%2C135&amp;ssl=1 200w, https:\/\/i0.wp.com\/eltrabajo.cl\/portal\/wp-content\/uploads\/2014\/10\/Cabellos1.jpg?resize=300%2C203&amp;ssl=1 300w, https:\/\/i0.wp.com\/eltrabajo.cl\/portal\/wp-content\/uploads\/2014\/10\/Cabellos1.jpg?resize=150%2C101&amp;ssl=1 150w, https:\/\/i0.wp.com\/eltrabajo.cl\/portal\/wp-content\/uploads\/2014\/10\/Cabellos1.jpg?resize=400%2C270&amp;ssl=1 400w\" sizes=\"auto, (max-width: 400px) 100vw, 400px\" \/><\/a><figcaption id=\"caption-attachment-52867\" class=\"wp-caption-text\">Salvador Maldonado asegur\u00f3 que a su hijo de catorce a\u00f1os, de iniciales N.M.D., alumno regular de dicho colegio, le negaron disfrutar de un paseo porque su cabello luc\u00eda como lo registran las c\u00e1maras en esta gr\u00e1fica.<\/figcaption><\/figure>\n<p><strong>PUTAENDO<\/strong>.- Una grave denuncia de discriminaci\u00f3n en contra de la Escuela Alegr\u00eda Catan Dabik\u00e9 de Piguch\u00e9n, realiz\u00f3 un apoderado que discriminaci\u00f3n por parte del establecimiento, debido a que se rehusaron a llevar a su hijo a un paseo debido al corte de pelo con el que se present\u00f3.<br \/>\nSalvador Maldonado asegur\u00f3 que su hijo de catorce a\u00f1os, de iniciales N.M.D., alumno regular de dicho colegio, no asisti\u00f3 a clases el lunes reci\u00e9n pasado por motivos familiares, y el martes a las siete de la ma\u00f1ana se present\u00f3 en el establecimiento para viajar a Santiago a un paseo a un parque de entretenciones, donde toda la comunidad educativa viajaba, sin embargo asegura que la directora de la Escuela Alegr\u00eda Catan le indic\u00f3 que no lo llevar\u00edan y que deb\u00eda regresar a su casa, pues su corte de pelo no era el m\u00e1s apropiado.<\/p>\n<figure id=\"attachment_52868\" aria-describedby=\"caption-attachment-52868\" style=\"width: 300px\" class=\"wp-caption alignright\"><a href=\"https:\/\/i0.wp.com\/www.eltrabajo.cl\/portal\/wp-content\/uploads\/2014\/10\/Salvador-Maldonado.jpg\"><img data-recalc-dims=\"1\" loading=\"lazy\" decoding=\"async\" class=\"wp-image-52868 size-medium\" src=\"https:\/\/i0.wp.com\/www.eltrabajo.cl\/portal\/wp-content\/uploads\/2014\/10\/Salvador-Maldonado-300x285.jpg?resize=300%2C285\" alt=\"Salvador Maldonado, padre del ni\u00f1o afectado.\" width=\"300\" height=\"285\" srcset=\"https:\/\/i0.wp.com\/eltrabajo.cl\/portal\/wp-content\/uploads\/2014\/10\/Salvador-Maldonado.jpg?resize=300%2C285&amp;ssl=1 300w, https:\/\/i0.wp.com\/eltrabajo.cl\/portal\/wp-content\/uploads\/2014\/10\/Salvador-Maldonado.jpg?resize=157%2C150&amp;ssl=1 157w, https:\/\/i0.wp.com\/eltrabajo.cl\/portal\/wp-content\/uploads\/2014\/10\/Salvador-Maldonado.jpg?resize=150%2C142&amp;ssl=1 150w, https:\/\/i0.wp.com\/eltrabajo.cl\/portal\/wp-content\/uploads\/2014\/10\/Salvador-Maldonado.jpg?resize=400%2C380&amp;ssl=1 400w, https:\/\/i0.wp.com\/eltrabajo.cl\/portal\/wp-content\/uploads\/2014\/10\/Salvador-Maldonado.jpg?w=529&amp;ssl=1 529w\" sizes=\"auto, (max-width: 300px) 100vw, 300px\" \/><\/a><figcaption id=\"caption-attachment-52868\" class=\"wp-caption-text\">Salvador Maldonado, padre del ni\u00f1o afectado.<\/figcaption><\/figure>\n<p><strong>DIRECTORA CALLA<\/strong><br \/>\n<strong>Esta<\/strong> situaci\u00f3n indign\u00f3 a Salvador Maldonado, pues asegura que debieron comprar un buzo y zapatillas para que su hijo pudiera ir al paseo y considera que el corte de pelo no es motivo para haberlo dejado sin viaje, por lo que no dud\u00f3 en catalogar los hechos como una discriminaci\u00f3n, y agreg\u00f3 que el a\u00f1o pasado su hijo fue acusado injustamente por la misma directora de estar vendiendo droga al interior del colegio y que incluso se puso una anotaci\u00f3n negativa en el libro de clases, donde se se\u00f1ala que su hijo vend\u00eda droga, a prop\u00f3sito de una broma entre ni\u00f1os, en un hecho grave que debi\u00f3 haberse denunciado y que demuestra c\u00f3mo sistem\u00e1ticamente a su hijo lo han perjudicado.<br \/>\nSalvador Maldonado se\u00f1al\u00f3 que realiz\u00f3 la denuncia en el Departamento de Educaci\u00f3n Municipal de Putaendo y espera que la Direcci\u00f3n Provincial de Educaci\u00f3n tome cartas en el asunto, pues golpear\u00e1 todas las puertas que sea necesarias para denunciar lo ocurrido con su hijo. Adem\u00e1s confirm\u00f3 que retiraron al alumno del establecimiento educacional de Piguch\u00e9n apenas ocurridos los hechos denunciados.<br \/>\nLa Directora de la Escuela Alegr\u00eda Cat\u00e1n de Piguch\u00e9n, Profesora Cecilia Piuzzi, consultada por esta denuncia indic\u00f3 que por el momento no se pronunciar\u00e1, ya que primero deben entregar los antecedentes al director del Daem de Putaendo y con posterioridad definir\u00e1n si se refieren a la denuncia en contra del establecimiento.<br \/>\nPatricio Gallardo M.<\/p>\n","protected":false},"excerpt":{"rendered":"<p>PUTAENDO.- Una grave denuncia de discriminaci\u00f3n en contra de la Escuela Alegr\u00eda Catan Dabik\u00e9 de Piguch\u00e9n, realiz\u00f3 un apoderado que discriminaci\u00f3n por parte del establecimiento, debido a que se rehusaron a llevar&#8230;<\/p>\n","protected":false},"author":482,"featured_media":52867,"comment_status":"open","ping_status":"closed","sticky":false,"template":"","format":"standard","meta":{"advanced_seo_description":"","jetpack_seo_html_title":"","jetpack_seo_noindex":false,"_jetpack_memberships_contains_paid_content":false,"footnotes":""},"categories":[15],"tags":[],"class_list":["post-52866","post","type-post","status-publish","format-standard","has-post-thumbnail","hentry","category-comunidad"],"jetpack_featured_media_url":"https:\/\/i0.wp.com\/eltrabajo.cl\/portal\/wp-content\/uploads\/2014\/10\/Cabellos1.jpg?fit=529%2C358&ssl=1","jetpack_sharing_enabled":true,"jetpack_likes_enabled":true,"jetpack-related-posts":[],"_links":{"self":[{"href":"https:\/\/eltrabajo.cl\/portal\/wp-json\/wp\/v2\/posts\/52866","targetHints":{"allow":["GET"]}}],"collection":[{"href":"https:\/\/eltrabajo.cl\/portal\/wp-json\/wp\/v2\/posts"}],"about":[{"href":"https:\/\/eltrabajo.cl\/portal\/wp-json\/wp\/v2\/types\/post"}],"author":[{"embeddable":true,"href":"https:\/\/eltrabajo.cl\/portal\/wp-json\/wp\/v2\/users\/482"}],"replies":[{"embeddable":true,"href":"https:\/\/eltrabajo.cl\/portal\/wp-json\/wp\/v2\/comments?post=52866"}],"version-history":[{"count":0,"href":"https:\/\/eltrabajo.cl\/portal\/wp-json\/wp\/v2\/posts\/52866\/revisions"}],"wp:featuredmedia":[{"embeddable":true,"href":"https:\/\/eltrabajo.cl\/portal\/wp-json\/wp\/v2\/media\/52867"}],"wp:attachment":[{"href":"https:\/\/eltrabajo.cl\/portal\/wp-json\/wp\/v2\/media?parent=52866"}],"wp:term":[{"taxonomy":"category","embeddable":true,"href":"https:\/\/eltrabajo.cl\/portal\/wp-json\/wp\/v2\/categories?post=52866"},{"taxonomy":"post_tag","embeddable":true,"href":"https:\/\/eltrabajo.cl\/portal\/wp-json\/wp\/v2\/tags?post=52866"}],"curies":[{"name":"wp","href":"https:\/\/api.w.org\/{rel}","templated":true}]}}